{"id":18098,"date":"2015-11-01T19:47:40","date_gmt":"2015-11-02T01:47:40","guid":{"rendered":"http:\/\/www.travelbymexico.com\/blog\/?p=18098"},"modified":"2015-11-01T19:51:43","modified_gmt":"2015-11-02T01:51:43","slug":"festival-internacional-de-cine-de-los-cabos-2015-presentara-estrenos-norteamericanos","status":"publish","type":"post","link":"https:\/\/www.travelbymexico.com\/blog\/18098-festival-internacional-de-cine-de-los-cabos-2015-presentara-estrenos-norteamericanos\/","title":{"rendered":"Festival Internacional de Cine de Los Cabos 2015 presentar\u00e1 estrenos norteamericanos"},"content":{"rendered":"<h2>&#8220;M\u00e9xico, Estados Unidos y Canad\u00e1 muestran su mejor cine al mundo&#8221;.<\/h2>\n<h2>Con una programaci\u00f3n enfocada al cine de Norteam\u00e9rica, el <strong>Festival Internacional de Cine Los Cabos 2015<\/strong> presentar\u00e1 este a\u00f1o diversos estrenos muy esperados.<\/h2>\n<h2>La pel\u00edcula \u2018Steve Jobs\u2019 de Danny Boyle, protagonizada por Michael Fassbender, cerrar\u00e1 el Festival en el Gala de Clausura del Festival Internacional de Cine Los Cabos 2015.<\/h2>\n<p>Paralelamente, el Festival presentar\u00e1 varios estrenos muy esperados por los cin\u00e9filos, como &#8220;Tale of Tales&#8221;, &#8220;Black Mass&#8221;, &#8220;La glace et le ciel&#8221;, &#8220;Hurricane 3D&#8221;, entre otras pel\u00edculas, en las categor\u00edas de horror (<strong>AFTER DARK<\/strong>), ambientalista para crear conciencia (GREEN presented by <strong>DISCOVERY<\/strong>), y <strong>American Specials<\/strong>.<\/p>\n<h3>Selecci\u00f3n Oficial<\/h3>\n<p>A continuaci\u00f3n, les compartimos la Selecci\u00f3n Oficial de la cuarta edici\u00f3n del Festival Internacional de Cine de Los Cabos, por realizarse del 11 al 15 de noviembre de 2015<\/p>\n<p>Dicha selecci\u00f3n en competencia est\u00e1 conformada por las secciones <strong>Competencia Los Cabos<\/strong> (M\u00e9xico, Estados Unidos y Canad\u00e1) y <strong>M\u00e9xico Primero<\/strong>.<\/p>\n<p><span style=\"text-decoration: underline;\"><strong>Categor\u00eda &#8220;Competencia Los Cabos&#8221;\u00a0<\/strong><\/span><\/p>\n<p>&#8220;Desde all\u00e1&#8221; de Lorenzo Vigas (M\u00e9xico\/Venezuela); &#8220;Tangerine&#8221; de Sean Baker (EUA) \u2013 Premi\u00e8re Mexicana;<br \/>\n&#8220;Room&#8221; de Lenny Abrahamson (Canad\u00e1\/Irlanda);<br \/>\n&#8220;Chronic&#8221; de Michel Franco (M\u00e9xico); James White de Josh Mond (EUA);<br \/>\n&#8220;Les \u00eatres chers&#8221; de Anne \u00c9mond (Canad\u00e1);<br \/>\n&#8220;Un monstruo de mil cabezas&#8221; de Rodrigo Pl\u00e1 (M\u00e9xico\/Francia);<br \/>\n&#8220;Nasty Baby&#8221; de Sebasti\u00e1n Silva (EUA\/Chile);<br \/>\nSleeping Giant de Andrew Cividino (Canad\u00e1).<\/p>\n<p><span style=\"text-decoration: underline;\"><strong>Categor\u00eda &#8220;M\u00e9xico Primero&#8221;<\/strong><\/span><\/p>\n<p>Las pel\u00edculas de la secci\u00f3n\u00a0M\u00e9xico Primero compiten por los siguientes premios: Premio FIPRESCI, Premio ArtKingdom (USD 12,200) y Premio FOX+ (USD 40,000).<\/p>\n<p>&#8220;Semana Santa&#8221;, de Alejandra M\u00e1rquez;<br \/>\n&#8220;Sabr\u00e1s qu\u00e9 hacer conmigo&#8221;, de Katina Medina Mora;<br \/>\n&#8220;La caridad&#8221;, de Marcelino Islas;<br \/>\n&#8220;Las elegidas&#8221;, de David Pablos<br \/>\n&#8220;Te prometo anarqu\u00eda&#8221;, de Julio Hern\u00e1ndez Cord\u00f3n; &#8220;Almacenados&#8221;, de Jack Zagha.<\/p>\n<h3>Secciones AFTER DARK &#8211; GREEN &#8211; AMERICAN SPECIALS<\/h3>\n<p><span style=\"text-decoration: underline;\"><strong>After Dark<\/strong><\/span><\/p>\n<p>&#8220;<em><strong>Tale of Tales<\/strong><\/em>&#8220;.\u00a0Dir. Matteo Garrone (Gomorra, Reality). Con <strong>Salma Hayek<\/strong>, <strong>Vincent Cassel<\/strong> y Toby Jones.<br \/>\nCompetencia Oficial del Festival de Cannes.<\/p>\n<p>&#8220;<em><strong>He Witch<\/strong><\/em>&#8221;\u00a0(Premier M\u00e9xico). Dir. Robert Eggers (The Tell-Tale Heart, Hansen and Gretel). Con Anya Taylor-Joy, Ralph Ineson y Kate Dickie. Estren\u00f3 en Sundance.<\/p>\n<p>&#8220;<em><strong>What we become<\/strong><\/em>&#8221; (Premier Latinoamericana).\u00a0Dir. Bo Mikkelsen (\u00d3pera Prima).<br \/>\nCon Mille Dinesen, Toels Lyby y Ole Dupont.\u00a0Estren\u00f3 en Fantastic Fest.<\/p>\n<p><span style=\"text-decoration: underline;\"><strong>American Specials<\/strong><\/span><\/p>\n<p><em><strong>&#8220;Black Mass&#8221;<\/strong><\/em>\u00a0(Premier en M\u00e9xico)<br \/>\nDir. Scott Cooper (Out of the Furnace, Crazy Heart)<br \/>\nCon\u00a0<strong>Johnny Depp<\/strong>, <strong>Benedict Cumberbatch<\/strong> y Dakota Johnson<br \/>\nEstren\u00f3 en el Festival de Cine de Venecia.<\/p>\n<p><em><strong>&#8220;The diary of a teen age girl&#8221;<\/strong> <\/em>(Premier en M\u00e9xico)<br \/>\nDir. Marielle Heller (\u00d3pera Prima).\u00a0Con\u00a0Bel Powley, Alexander Skarsg\u00e5rd y Kristen Wiig<br \/>\nEstren\u00f3 en Sundance.<\/p>\n<h3>Secci\u00f3n Green by Discovery<\/h3>\n<p>Pel\u00edculas para crear conciencia ambiental.<\/p>\n<p><em><strong>&#8220;Racing Extinction&#8221;<\/strong><\/em> (Premier en M\u00e9xico)<br \/>\nDir. Louie Psihoyos (Ganador del Oscar a Mejor Documental por The Cove, Chaising Ice, Dinosaur 13)<br \/>\nEstren\u00f3 en Sundance.<\/p>\n<p>&#8220;<em><strong>Hurricane 3D<\/strong><\/em>&#8221; (Premier Latinoamericana)<br \/>\nDir. Cyril Barbancon y Andy Byatt (Ouragan, I\u2019odyss\u00e9e d\u2019un vent)<\/p>\n<p>&#8220;<em><strong>La glace et le ciel<\/strong><\/em>&#8221; (Premier en M\u00e9xico)<br \/>\nDir. Luc Jacquet (March of the Penguins, One Upon a Forest)<br \/>\nPel\u00edcula de Clausura del Festival de Cannes<\/p>\n<h3>Secci\u00f3n World Highlights<\/h3>\n<p>Conformada por una cuidadosa selecci\u00f3n de pel\u00edculas proveniente de distintos rincones del planeta<\/p>\n<p><em><strong>&#8220;45 Years&#8221;<\/strong><\/em>. Director: Andrew Haigh (Gladiator, Weekend). Pa\u00eds: Reino Unido.\u00a0Con Tom Courtenay y Charlotte Rampling<br \/>\nEstren\u00f3 y gan\u00f3 el Oso de Plata en la Berlinale.<\/p>\n<p><em><strong>&#8220;El clan&#8221;<\/strong><\/em>\u00a0(Premier en M\u00e9xico).\u00a0Director: Pablo Trapero (Carancho, Elefante Blanco, Leonera).\u00a0Pa\u00eds: Argentina.<br \/>\nCon\u00a0Guillermo Francella, Peter Lanzani.\u00a0Estren\u00f3 y gan\u00f3 el Le\u00f3n de Plata en el Festival de Cine de Venecia.<\/p>\n<p><em><strong>&#8220;El club&#8221;<\/strong><\/em> (Premier en M\u00e9xico).Director: Pablo Larra\u00edn (No, Tony Manero, Post Mortem).\u00a0Pa\u00eds: Chile.<br \/>\nTalento: Roberto Far\u00edas, Antonia Zegers, Alfredo Castro.\u00a0Estren\u00f3 y gan\u00f3 el Premio del Jurado en la Berlinale.<\/p>\n<h3>Noches de Galas<\/h3>\n<p>El Pabell\u00f3n Cultural de la Rep\u00fablica se vestir\u00e1 de gala para recibir a los invitados y celebrar las noches importantes de la cuarta edici\u00f3n del Festival. (Direcci\u00f3n:\u00a0Blvd. Paseo de la Marina, Centro, 23450 <a title=\"Gu\u00eda Tur\u00edstica de Los Cabos, Baja California Sur\" href=\"http:\/\/www.travelbymexico.com\/loscabos\" target=\"_blank\">Cabo San Lucas<\/a>, B.C.S).<\/p>\n<p>Jueves 12 de noviembre. &#8220;<em><strong>Carol<\/strong><\/em>&#8221;\u00a0de Todd Haynes \u2013 Premi\u00e8re Latinoamericana. Con Cate Blanchett, Andrew Upton.<\/p>\n<p>Viernes 13 de noviembre. &#8220;<em><strong>Remember<\/strong><\/em>&#8221; de Atom Egoyan \u2013 Premi\u00e8re en M\u00e9xico<\/p>\n<p>S\u00e1bado 14 de noviembre \u2013 Gala de Clausura. &#8220;<em><strong>Steve Jobs<\/strong><\/em>&#8221; de Danny Boyle \u2013 Premier en M\u00e9xico.<\/p>\n<h3>Conferencia de prensa<\/h3>\n<p>Dirigida a: Jefes de informaci\u00f3n, editores y reporteros<\/p>\n<p>Mi\u00e9rcoles 4 de noviembre de 2015 a las 12:45 hrs. en la Sala 7 de la Cineteca Nacional. Av. M\u00e9xico Coyoac\u00e1n No. 389, Col. Xoco, Delegaci\u00f3n Benito Ju\u00e1rez. M\u00e9xico D.F.<\/p>\n<p>Favor de confirmar su asistencia a: yotzmit@cabosfilmfestival.com<\/p>\n<h3>Boletos<\/h3>\n<p>Consigue tus boletos para las proyecciones y las Noches de Gala, aqu\u00ed <strong><a title=\"Boletos para el Festival Internacional de Cine Los Cabos 2015\" href=\"http:\/\/cabosfilmfestival.com\/boletos\" target=\"_blank\">http:\/\/cabosfilmfestival.com\/boletos<\/a><\/strong><\/p>\n<p><strong><a title=\"Reserva un hotel en Los Cabos\" href=\"http:\/\/www.travelbymexico.com\/loscabos\/hoteles\" target=\"_blank\">Reserva un hotel en Los Cabos, Baja California Sur\u00a0<\/a><\/strong><\/p>\n<p>&nbsp;<\/p>\n<p>&nbsp;<\/p>\n<p>&nbsp;<\/p>\n<p>&nbsp;<\/p>\n","protected":false},"excerpt":{"rendered":"<p>&#8220;M\u00e9xico, Estados Unidos y Canad\u00e1 muestran su mejor cine al mundo&#8221;. Con una programaci\u00f3n enfocada al cine de Norteam\u00e9rica, el<\/p>\n","protected":false},"author":2,"featured_media":18099,"comment_status":"closed","ping_status":"closed","sticky":false,"template":"","format":"standard","meta":[],"categories":[37,912],"tags":[9453,9455,9449,9450,305,9456,4094,5829,9447,9454,9448,765,9452,9451],"_links":{"self":[{"href":"https:\/\/www.travelbymexico.com\/blog\/wp-json\/wp\/v2\/posts\/18098"}],"collection":[{"href":"https:\/\/www.travelbymexico.com\/blog\/wp-json\/wp\/v2\/posts"}],"about":[{"href":"https:\/\/www.travelbymexico.com\/blog\/wp-json\/wp\/v2\/types\/post"}],"author":[{"embeddable":true,"href":"https:\/\/www.travelbymexico.com\/blog\/wp-json\/wp\/v2\/users\/2"}],"replies":[{"embeddable":true,"href":"https:\/\/www.travelbymexico.com\/blog\/wp-json\/wp\/v2\/comments?post=18098"}],"version-history":[{"count":2,"href":"https:\/\/www.travelbymexico.com\/blog\/wp-json\/wp\/v2\/posts\/18098\/revisions"}],"predecessor-version":[{"id":18101,"href":"https:\/\/www.travelbymexico.com\/blog\/wp-json\/wp\/v2\/posts\/18098\/revisions\/18101"}],"wp:featuredmedia":[{"embeddable":true,"href":"https:\/\/www.travelbymexico.com\/blog\/wp-json\/wp\/v2\/media\/18099"}],"wp:attachment":[{"href":"https:\/\/www.travelbymexico.com\/blog\/wp-json\/wp\/v2\/media?parent=18098"}],"wp:term":[{"taxonomy":"category","embeddable":true,"href":"https:\/\/www.travelbymexico.com\/blog\/wp-json\/wp\/v2\/categories?post=18098"},{"taxonomy":"post_tag","embeddable":true,"href":"https:\/\/www.travelbymexico.com\/blog\/wp-json\/wp\/v2\/tags?post=18098"}],"curies":[{"name":"wp","href":"https:\/\/api.w.org\/{rel}","templated":true}]}}