{"id":18091,"date":"2015-10-29T18:20:04","date_gmt":"2015-10-30T00:20:04","guid":{"rendered":"http:\/\/www.travelbymexico.com\/blog\/?p=18091"},"modified":"2015-10-29T18:24:37","modified_gmt":"2015-10-30T00:24:37","slug":"eventos-culturales-y-ofrenda-de-dia-de-muertos-2015-del-museo-dolores-olmedo","status":"publish","type":"post","link":"https:\/\/www.travelbymexico.com\/blog\/18091-eventos-culturales-y-ofrenda-de-dia-de-muertos-2015-del-museo-dolores-olmedo\/","title":{"rendered":"Eventos culturales y Ofrenda de D\u00eda de Muertos 2015 del Museo Dolores Olmedo"},"content":{"rendered":"<h2>Del s\u00e1bado 31 de octubre al lunes 2 de noviembre de 2015, el Museo Dolores Olmedo invita al p\u00fablico en general a descubrir su muy esperada &#8220;Ofrenda de D\u00eda de Muertos&#8221;,\u00a0y a\u00a0participar en sus eventos y actividades culturales alusivos a\u00a0esta importante celebraci\u00f3n.<\/h2>\n<p>Asimismo, como ya es tradici\u00f3n desde hace 21 a\u00f1os, se llevar\u00e1 a cabo el Desfile y premiaci\u00f3n del <strong>Concurso de disfraces de la Calavera Catrina<\/strong>, y se exhibir\u00e1 la muy esperada \u201c<strong>Ofrenda del Museo Dolores Olmedo<\/strong>\u201d, la cual combina lo mejor del talento art\u00edstico y artesanal de M\u00e9xico.<\/p>\n<p>El museo ofrecer\u00e1 tambi\u00e9n una serie de <strong>espect\u00e1culos<\/strong> musicales y danc\u00edsticos, y un divertido <strong>taller de Arte Popular<\/strong>\u00a0alusivos a los festejos del D\u00eda de Muertos.<\/p>\n<p><a href=\"http:\/\/www.travelbymexico.com\/blog\/imgBase\/2015\/10\/1048.jpg\"><img loading=\"lazy\" class=\"alignnone wp-image-18093 size-medium\" src=\"http:\/\/www.travelbymexico.com\/blog\/imgBase\/2015\/10\/1048-320x240.jpg\" alt=\"De viaje con las calacas. Ofrenda 2015 Museo Dolores Olmedo\" width=\"320\" height=\"240\" srcset=\"https:\/\/www.travelbymexico.com\/blog\/imgBase\/2015\/10\/1048-320x240.jpg 320w, https:\/\/www.travelbymexico.com\/blog\/imgBase\/2015\/10\/1048.jpg 640w\" sizes=\"(max-width: 320px) 100vw, 320px\" \/><\/a><\/p>\n<h3>&#8220;De viaje con las calacas&#8221; Ofrenda 2015 del Museo Dolores Olmedo<\/h3>\n<p>Este a\u00f1o, las <strong>calacas<\/strong> de la Ofrenda de D\u00eda de Muertos 2015 del Museo Dolores Olmedo rendir\u00e1n <strong>homenaje a M\u00e9xico<\/strong>, su <strong>riqueza artesanal<\/strong> y su <strong>vasta biodiversidad<\/strong> a trav\u00e9s de un recorrido art\u00edstico por todo el pa\u00eds\u00a0desde las zonas des\u00e9rticas del norte de M\u00e9xico hasta las selvas h\u00famedas y el tr\u00f3pico del sur.<\/p>\n<p>Dentro de esta exhibici\u00f3n de artesan\u00edas de todo el pa\u00eds, se incluyen piezas de la colecci\u00f3n de arte popular del Museo Dolores Olmedo, adem\u00e1s de seis piezas provenientes del Museo de Arte Popular, como figuras de un perro y un le\u00f3n en barro bru\u00f1ido; una escena de la \u00faltima cena en barro; y una m\u00e1scara de diablo en madera tallada, entre otras.<\/p>\n<p><span style=\"text-decoration: underline;\"><strong>La ofrenda estar\u00e1 disponible hasta el domingo 3 de enero de 2016.\u00a0<\/strong><\/span><\/p>\n<h3>Acerca del Dolores Olmedo y su museo<\/h3>\n<p>Mar\u00eda de los Dolores Olmedo y Pati\u00f1o Su\u00e1rez (14 de diciembre 1908 &#8211; 26 de julio 2002) fue una empresaria mexicana , fil\u00e1ntropa,\u00a0m\u00fasico y coleccionista. Amiga de\u00a0los pintores mexicanos Frida Kahlo y su esposo Diego Rivera, se le\u00a0considera como una musa inspiradora de Diego Rivera, David Alfaro Siqueiros y Jos\u00e9 Clemente Orozco.<\/p>\n<p>Situado en Xochimilco (M\u00e9xico D.F.) , el Museo Dolores Olmedo alberga las colecciones que su fundadora don\u00f3 al pueblo de M\u00e9xico: obras de Diego Rivera, Frida Kahlo y Angelina Beloff; piezas de arte prehisp\u00e1nico, arte novohispano y arte popular.<\/p>\n<p><span style=\"text-decoration: underline;\">Direcci\u00f3n del Museo Dolores Olmedo<\/span>: Av. M\u00e9xico No. 5843. Xochimilco, Distrito Federal, Ciudad de M\u00e9xico.<\/p>\n<h3>Programa de eventos y actividades<\/h3>\n<p><strong>Fiesta de D\u00eda de Muertos en el Museo Dolores Olmedo<\/strong><\/p>\n<h3>S\u00e1bado 31 de octubre<\/h3>\n<p>11:00 hrs. <strong>Papiropl\u00e1stika<\/strong>:\u00a0Divertidas\u00a0canciones de rock dedicadas a esta fecha especial, con canciones como \u201cCalavera Garbancera, La Catrina, Flor De Cempasuchil&#8221;,\u00a0entre otras.<\/p>\n<h3>S\u00e1bado 31 de octubre<\/h3>\n<p>13:00 hrs.\u00a0<strong>Telpoch Cuicani:<\/strong> Agrupaci\u00f3n de seis j\u00f3venes que fusionan la m\u00fasica mexicana con varios ritmos para acercarla al p\u00fablico.<\/p>\n<p>16:00 hrs. <strong>Ballet Folcl\u00f3rico Ohtokani<\/strong>:\u00a0Compa\u00f1\u00eda que ofrece un viaje por diferentes estados de la Rep\u00fablica, a trav\u00e9s de un espect\u00e1culo de danza Folcl\u00f3rica.<\/p>\n<h3>Domingo 1 de noviembre<\/h3>\n<p>10:30 hrs.\u00a0<strong>Cuentos del Silencio<\/strong>:\u00a0Luis Estaban Galicia nos presenta un espect\u00e1culo espect\u00e1culo de leyendas virreinales que har\u00e1n temblar hasta los valientes.<\/p>\n<p>12:00 hrs. <strong>Bossan\u00f3nimos<\/strong>: Nuevos arreglos y versiones de temas populares en M\u00e9xico y Latinoam\u00e9rica, en diferentes estilos musicales como la bossa nova, el jazz, el bolero y el son cubano.<\/p>\n<p>13:30 hrs. <strong>Desfile y premiaci\u00f3n del 17\u00b0 Concurso de disfraces de la Calavera Catrina<\/strong><\/p>\n<p>16:30 hrs.\u00a0<strong>Grupo Folcl\u00f3rico Tlatoani<\/strong>:\u00a0Compa\u00f1\u00eda de danza que presenta un bello y diverso mosaico de estampas folcl\u00f3ricas de diversos estados de la Rep\u00fablica.<\/p>\n<h3>Lunes 2 de noviembre<\/h3>\n<p>11:30 hrs.\u00a0<strong>La tribu de los Bartolos<\/strong>:\u00a0Un espect\u00e1culo contempor\u00e1neo que nace de la preocupaci\u00f3n que tiene la comunidad nahua michoacana ante los conflictos armados que actualmente sufre e impacta en todos los \u00e1mbitos de su cultura y se refleja en la situaci\u00f3n en que viven muchas comunidades de nuestro pa\u00eds. A trav\u00e9s del juego con t\u00edteres y m\u00e1scaras, trata un tema esencial para todo ser humano.<\/p>\n<p>13:30 hrs. <strong>Saltapatr\u00e1s de muertos<\/strong>: Concierto-presentaci\u00f3n de m\u00fasica original y cuentos con tem\u00e1tica de muertos. En este espect\u00e1culo se recuperan cuentos de tradici\u00f3n oral y m\u00fasica de diversas regiones del mundo, que tienen como hilo conductor el tema de la muerte.<\/p>\n<p>16:00 hrs. <strong>Las Andanzas de la Catrina<\/strong>: La Compa\u00f1\u00eda de Danza Folkl\u00f3rica Matlacihua nos presenta una calaca tilica flaca que viene a nuestros alrededores cantando que es la reina del inframundo y que recorre los alrededores de M\u00e9xico en ferrocarril y tiene calaveritas ayud\u00e1ndole a sus preparativos f\u00fanebres.<\/p>\n<h3>Talleres<\/h3>\n<p>Taller de arte Popular: De cera y de amaranto al Campo Santo<\/p>\n<p>Del 17 de octubre al 7 de noviembre del 2015*<\/p>\n<p>Para escuelas y p\u00fablico en general\u00a0(Menores de 5 a\u00f1os trabajan con un familiar)<br \/>\nDe martes a s\u00e1bado<br \/>\nHorarios: 10:00, 12:00 y 16:00 horas.<br \/>\nImpartido por\u00a0Ang\u00e9lica V\u00e9rtiz y Rub\u00e9n P\u00e9rez<br \/>\n*Programaci\u00f3n sujeta a cambios.<\/p>\n<h3>Mayores informes<\/h3>\n<p>Comunicarse\u00a0a la Direcci\u00f3n de Colecciones y Servicios Educativos<\/p>\n<p>T. 55 55 12 21 \/ 55 55 10 16 Exts. 134 y 139\u00a0seducat@mdop.org.mx<\/p>\n<h3>Art\u00edculos relacionados<\/h3>\n<p><strong><a title=\"Los elementos de un Altar de Muertos\" href=\"http:\/\/www.travelbymexico.com\/blog\/15074-los-elementos-de-un-altar-de-muertos\u00a0\" target=\"_blank\">Los elementos de un Altar de Muertos<\/a><\/strong><\/p>\n<p><strong><a title=\"D\u00eda de Muertos en M\u00e9xico\" href=\"http:\/\/www.travelbymexico.com\/blog\/4940-dia-de-muertos-en-mexico\" target=\"_blank\">D\u00eda de Muertos en M\u00e9xico<\/a><\/strong><\/p>\n<p>&nbsp;<\/p>\n","protected":false},"excerpt":{"rendered":"<p>Del s\u00e1bado 31 de octubre al lunes 2 de noviembre de 2015, el Museo Dolores Olmedo invita al p\u00fablico en<\/p>\n","protected":false},"author":2,"featured_media":18092,"comment_status":"closed","ping_status":"closed","sticky":false,"template":"","format":"standard","meta":[],"categories":[14,912],"tags":[76,9445,6587,3880,3746,7533,9446,410,416,1497,712,878,2120,1157,1886,1285],"_links":{"self":[{"href":"https:\/\/www.travelbymexico.com\/blog\/wp-json\/wp\/v2\/posts\/18091"}],"collection":[{"href":"https:\/\/www.travelbymexico.com\/blog\/wp-json\/wp\/v2\/posts"}],"about":[{"href":"https:\/\/www.travelbymexico.com\/blog\/wp-json\/wp\/v2\/types\/post"}],"author":[{"embeddable":true,"href":"https:\/\/www.travelbymexico.com\/blog\/wp-json\/wp\/v2\/users\/2"}],"replies":[{"embeddable":true,"href":"https:\/\/www.travelbymexico.com\/blog\/wp-json\/wp\/v2\/comments?post=18091"}],"version-history":[{"count":4,"href":"https:\/\/www.travelbymexico.com\/blog\/wp-json\/wp\/v2\/posts\/18091\/revisions"}],"predecessor-version":[{"id":18097,"href":"https:\/\/www.travelbymexico.com\/blog\/wp-json\/wp\/v2\/posts\/18091\/revisions\/18097"}],"wp:featuredmedia":[{"embeddable":true,"href":"https:\/\/www.travelbymexico.com\/blog\/wp-json\/wp\/v2\/media\/18092"}],"wp:attachment":[{"href":"https:\/\/www.travelbymexico.com\/blog\/wp-json\/wp\/v2\/media?parent=18091"}],"wp:term":[{"taxonomy":"category","embeddable":true,"href":"https:\/\/www.travelbymexico.com\/blog\/wp-json\/wp\/v2\/categories?post=18091"},{"taxonomy":"post_tag","embeddable":true,"href":"https:\/\/www.travelbymexico.com\/blog\/wp-json\/wp\/v2\/tags?post=18091"}],"curies":[{"name":"wp","href":"https:\/\/api.w.org\/{rel}","templated":true}]}}