{"id":18077,"date":"2015-10-27T09:22:24","date_gmt":"2015-10-27T15:22:24","guid":{"rendered":"http:\/\/www.travelbymexico.com\/blog\/?p=18077"},"modified":"2015-10-27T20:11:57","modified_gmt":"2015-10-28T02:11:57","slug":"10o-festival-de-vida-y-muerte-2015-en-xcaret-una-celebracion-a-la-muerte-llena-de-vida","status":"publish","type":"post","link":"https:\/\/www.travelbymexico.com\/blog\/18077-10o-festival-de-vida-y-muerte-2015-en-xcaret-una-celebracion-a-la-muerte-llena-de-vida\/","title":{"rendered":"10\u00ba Festival de Vida y Muerte 2015 en Xcaret: Una celebraci\u00f3n a la muerte llena de vida"},"content":{"rendered":"<h2>A\u00f1o con a\u00f1o se lleva a cabo en el parque tem\u00e1tico Xcaret, situado en Playa del Carmen, el Festival de Vida y Muerte.<\/h2>\n<h2>Durante cuatro d\u00edas este festival re\u00fane a comunidades mayas, artistas, turistas y a la sociedad con la finalidad de disfrutar de las pr\u00e1cticas \u00e9tnicas y contempor\u00e1neas, de esta milenaria tradici\u00f3n.<\/h2>\n<p>Dentro de su d\u00e9cima edici\u00f3n el <strong>Festival de Vida y Muerte en Xcaret<\/strong> tendr\u00e1 como pa\u00eds invitado a <strong>Colombia<\/strong>, contando con un programa lleno de tradiciones, colores y sabores.<\/p>\n<p>El d\u00eda de muertos tiene sus origines en las culturas prehisp\u00e1nicas, esta celebraci\u00f3n era tan importante que se le dedicaban dos meses. Durante el primer mes conocido como Tlaxochimaco se realizaba la fiesta de los muertitos, en donde participaba toda la comunidad, y se realizaban ofrendas al \u00e1rbol X\u00f3cotl a lo largo de 20 d\u00edas.<\/p>\n<p>En el segundo mes se celebraba la <em>Ueymicaihuitl<\/em> o fiesta de los muertos grandes, en esta celebraci\u00f3n se constru\u00edan altares con ofrendas para recordar a los difuntos.<br \/>\nCon el arribo de los espa\u00f1oles a Am\u00e9rica y la evangelizaci\u00f3n del continente, se dio un matiz religioso a esta celebraci\u00f3n haci\u00e9ndola coincidir con las festividad cat\u00f3lica del D\u00eda de todos los Santos, surgiendo as\u00ed el actual <strong>D\u00eda de Muertos<\/strong>.<\/p>\n<h3>Atracciones principales del Festival<\/h3>\n<p>Entre las atracciones principales se encuentran las actuaciones de <strong>Julieta Venegas<\/strong>, el Trio de Ida y vuelta, Dueto Nocturnal y la compa\u00f1\u00eda de danza Dz\u00fal.<\/p>\n<p>Con tu entrada al Festival tendr\u00e1s la oportunidad de disfrutar espectaculares recorridos, como &#8220;Viajando a Xibalb\u00e1: la morada de los muertos&#8221;, donde se recrea el viaje de los h\u00e9roes Hunahup\u00fa e Ixbalanqu\u00e9 y las pruebas que enfrentan contra los se\u00f1ores de Xibalb\u00e1, narradas en el Popol Vuh.<\/p>\n<p>Tambi\u00e9n podr\u00e1s admirar la belleza y colorido del cementerio mexicano, este singular lugar cuenta con diversos simbolismos, como sus siete niveles que representan los siete d\u00edas de la semana o las 365 tumbas en representaci\u00f3n de los d\u00edas del a\u00f1o.<\/p>\n<p>Dentro del marco del Festival tambi\u00e9n se llevar\u00e1n a cabo diversas <strong>muestras gastron\u00f3micas<\/strong>, <strong>exposiciones artesanales<\/strong>, <strong>fotogr\u00e1ficas<\/strong> y <strong>art\u00edsticas<\/strong>.<\/p>\n<p>A\u00fan puedes adquirir tus entradas directamente en el sitio web de Experiencias Xcaret, puedes aprovechar <a title=\"Ahorra en tu entrada al Parque Xcaret y vive la experiencia del Festival de Vida y Muerte\" href=\"http:\/\/tuscupones.com.mx\/experiencias-xcaret\" target=\"_blank\"><strong>descuentos exclusivos para Xcaret<\/strong> en <strong>Tuscupones.com.mx<\/strong><\/a>, as\u00ed podr\u00e1s ahorrar en tu entrada y vivir la experiencia de este maravilloso evento.<\/p>\n<p>Los m\u00e1s peque\u00f1os tambi\u00e9n disfrutar\u00e1n del festival con diversas actividades preparadas para ellos, como la representaci\u00f3n teatral \u201cEmiliano y el Tren del Inframundo\u201d o talleres donde aprender\u00e1n acerca de las tradiciones relacionadas al culto que se rend\u00eda a la muerte en la cultura maya.<\/p>\n<h3>\u00bfCu\u00e1ndo y d\u00f3nde?<\/h3>\n<p>El festival se llevar\u00e1 a cabo del 30 de Octubre al 2 de Noviembre de 2015 llenando el Parque Xcaret de magia, colores, misticismo, tradici\u00f3n, vida y muerte.<\/p>\n<p><strong>Direcci\u00f3n del Parque Xcaret<\/strong>: Carretera Chet\u00famal-Puerto Ju\u00e1rez Kil\u00f3metro 282, Solidaridad, C.P. 77710. Playa del Carmen, QROO<\/p>\n<p>&nbsp;<\/p>\n","protected":false},"excerpt":{"rendered":"<p>A\u00f1o con a\u00f1o se lleva a cabo en el parque tem\u00e1tico Xcaret, situado en Playa del Carmen, el Festival de<\/p>\n","protected":false},"author":2,"featured_media":18078,"comment_status":"closed","ping_status":"closed","sticky":false,"template":"","format":"standard","meta":[],"categories":[37,912],"tags":[345,410,9441,508,8282,1515,5232,4249,8283,2807,6287,9444,1830,2568],"_links":{"self":[{"href":"https:\/\/www.travelbymexico.com\/blog\/wp-json\/wp\/v2\/posts\/18077"}],"collection":[{"href":"https:\/\/www.travelbymexico.com\/blog\/wp-json\/wp\/v2\/posts"}],"about":[{"href":"https:\/\/www.travelbymexico.com\/blog\/wp-json\/wp\/v2\/types\/post"}],"author":[{"embeddable":true,"href":"https:\/\/www.travelbymexico.com\/blog\/wp-json\/wp\/v2\/users\/2"}],"replies":[{"embeddable":true,"href":"https:\/\/www.travelbymexico.com\/blog\/wp-json\/wp\/v2\/comments?post=18077"}],"version-history":[{"count":5,"href":"https:\/\/www.travelbymexico.com\/blog\/wp-json\/wp\/v2\/posts\/18077\/revisions"}],"predecessor-version":[{"id":18090,"href":"https:\/\/www.travelbymexico.com\/blog\/wp-json\/wp\/v2\/posts\/18077\/revisions\/18090"}],"wp:featuredmedia":[{"embeddable":true,"href":"https:\/\/www.travelbymexico.com\/blog\/wp-json\/wp\/v2\/media\/18078"}],"wp:attachment":[{"href":"https:\/\/www.travelbymexico.com\/blog\/wp-json\/wp\/v2\/media?parent=18077"}],"wp:term":[{"taxonomy":"category","embeddable":true,"href":"https:\/\/www.travelbymexico.com\/blog\/wp-json\/wp\/v2\/categories?post=18077"},{"taxonomy":"post_tag","embeddable":true,"href":"https:\/\/www.travelbymexico.com\/blog\/wp-json\/wp\/v2\/tags?post=18077"}],"curies":[{"name":"wp","href":"https:\/\/api.w.org\/{rel}","templated":true}]}}