{"id":18071,"date":"2015-10-22T23:44:20","date_gmt":"2015-10-23T04:44:20","guid":{"rendered":"http:\/\/www.travelbymexico.com\/blog\/?p=18071"},"modified":"2015-10-22T23:47:55","modified_gmt":"2015-10-23T04:47:55","slug":"este-fin-de-semana-casi-todo-mexico-pasa-al-horario-de-invierno","status":"publish","type":"post","link":"https:\/\/www.travelbymexico.com\/blog\/18071-este-fin-de-semana-casi-todo-mexico-pasa-al-horario-de-invierno\/","title":{"rendered":"Este fin de semana, casi todo M\u00e9xico pasa al horario de invierno"},"content":{"rendered":"<h2>El pr\u00f3ximo domingo 25 de octubre en M\u00e9xico entrar\u00e1 al horario de invierno, a excepci\u00f3n de los estados de Sonora y Quintana Roo, el horario de invierno inicia el \u00faltimo domingo de octubre a las 2:00 a.m. y termina el primer domingo de abril a las 2h00 a.m.<\/h2>\n<p>Este a\u00f1o, el ahorro econ\u00f3mico obtenido por la implementaci\u00f3n del Horario de Verano\u00a0se estima en mil 455 millones de pesos, con un costo medio de la energ\u00eda el\u00e9ctrica de 1.4048 pesos por kWh para los usuarios dom\u00e9sticos. Esta cifra incluye los ahorros de los **33 municipios de la franja fronteriza norte.<\/p>\n<h3>No todo M\u00e9xico pasa al horario de invierno\u00a0al mismo tiempo.<\/h3>\n<p>Si bien M\u00e9xico est\u00e1 dividido en\u00a0<strong>*<\/strong>cuatro husos horarios, el horario de verano solo se aplica en las Zonas Noreste, Centro, y Pac\u00edfico.<\/p>\n<p style=\"color: #444444;\"><strong>**La Zona Fronteriza Norte<\/strong>: Se le denomina Franja Fronteriza Norte al territorio comprendido entre la l\u00ednea internacional y la l\u00ednea paralela ubicada a una distancia de 20 km hacia el interior del pa\u00eds en el tramo comprendido entre el l\u00edmite de la regi\u00f3n parcial del estado de Sonora y el Golfo de M\u00e9xico, as\u00ed como el municipio fronterizo de Cananea, Sonora.<\/p>\n<p style=\"color: #444444;\">En esta zona integrada por\u00a0<strong>33 municipios<\/strong>, el\u00a0<em>Horario de Verano<\/em>\u00a0fue implementado para facilitar la vida cotidiana de los residentes fronterizos que tienen que cruzar, de un lado a otro, por motivos laborales o escolares;\u00a0se aplica desde\u00a0<strong>el segundo domingo de marzo a las 2:00 a.m.<\/strong>\u00a0y concluye\u00a0<strong>el <span style=\"text-decoration: underline;\">primer domingo de noviembre<\/span> a las 2:00 a.m<\/strong>.<\/p>\n<p style=\"color: #444444;\">Dichos municipios son los siguientes:<\/p>\n<p style=\"color: #444444;\"><strong>Municipios del Estado de Baja California<\/strong><br \/>\n<em>Ensenada. Mexicali. Playa Rosarito. Tecate. Tijuana.<\/em><\/p>\n<p style=\"color: #444444;\"><strong>Municipios del Estado de Chihuahua<\/strong><br \/>\n<em>Ascenci\u00f3n. Coyame. Guadalupe.\u00a0 Janos. Ju\u00e1rez. Manuel Benavides. Oginaga.\u00a0 Praxedis.<\/em><\/p>\n<p style=\"color: #444444;\"><strong>Municipios del Estado de Coahuila<\/strong><br \/>\n<em>Acu\u00f1a. Guerrero. Hidalgo. Jim\u00e9nez. Nava. Ocampo. Piedras Negras. Zaragoza.<\/em><\/p>\n<p style=\"color: #444444;\"><strong>Municipios del Estado de \u00a0Nuevo Le\u00f3n<\/strong><br \/>\n<em>An\u00e1huac. Los Aldamas.<\/em><\/p>\n<p style=\"color: #444444;\"><strong>Municipios del Estado de\u00a0 Tamaulipas<\/strong><br \/>\n<em>Camargo. Guerrero. Gustavo D\u00edaz Ordaz. Matamoros. Mier. Miguel Alem\u00e1n. Nuevo Laredo. Reynosa. R\u00edo Bravo. Valle Hermoso.<\/em><\/p>\n<h3 style=\"font-weight: lighter; color: #40c0cb;\">*M\u00e9xico est\u00e1 divido en 4 Husos Horarios<\/h3>\n<p style=\"color: #444444;\">Tiempo del Sureste = UTC(CNM) \u2013 5<br \/>\nTiempo del Centro = UTC(CNM) \u2013 N<br \/>\nTiempo del Pac\u00edfico = UTC(CNM) \u2013 (N+1)<br \/>\nTiempo del Noroeste = UTC(CNM) \u2013 (N+2)<\/p>\n<p style=\"color: #444444;\"><strong>Zona Sureste de M\u00e9xico:\u00a0<\/strong><em>El pasado 4 de diciembre la c\u00e1mara de Diputados del H. Congreso de la Uni\u00f3n aprob\u00f3 la propuesta del Senado para\u00a0<strong>crear un nueva zona horaria<\/strong>en el pa\u00eds que regir\u00e1 en el Estado de Quintana Roo: la zona horaria del Sureste.<\/em><\/p>\n<p style=\"color: #444444;\">Esta zona corresponde al meridiano 75 oeste y que comprende el territorio del Estado de Quintana Roo, y las islas, arrecifes y cayos quedara\u0301n comprendidos dentro del meridiano al cual corresponda su situacio\u0301n geogra\u0301fica y de acuerdo a los instrumentos de derecho internacional aceptados.<strong><br \/>\n<\/strong><\/p>\n<p style=\"color: #444444;\"><strong>Zona Noreste de M\u00e9xico:<\/strong>\u00a0\u2028Corresponde al meridiano 120 grados al oeste de Greenwich:<em>Baja California.<\/em><\/p>\n<p style=\"color: #444444;\"><strong>Zona Pac\u00edfico de M\u00e9xico<\/strong>\u00a0(tambi\u00e9n llamada Zona de la Monta\u00f1a): Corresponde al meridiano 105 grados al oeste de Greenwich.\u00a0<em>Baja California Sur,\u2028 Chihuahua, \u2028Nayarit,\u2028 Sinaloa,\u2028 ***Sonora<\/em>, (***en el Estado de Sonora no se aplica el Horario de Verano).<\/p>\n<p style=\"color: #444444;\"><strong>Zona Centro de M\u00e9xico<\/strong>: Corresponde al meridiano 90 grados al oeste de Greenwich:<em>Aguascalientes, Campeche, Coahuila, Colima, Chiapas, Distrito Federal, Durango, Guanajuato, Guerrero, Hidalgo, Jalisco, Estado de M\u00e9xico, Michoac\u00e1n, Morelos, Nuevo Le\u00f3n, Oaxaca, Puebla, Quer\u00e9taro, Quintana Roo, San Luis Potos\u00ed, Tabasco, Tamaulipas, Tlaxcala, Veracruz, Yucat\u00e1n y Zacatecas<\/em>.<\/p>\n<h3 style=\"font-weight: lighter; color: #40c0cb;\">\u00bfCu\u00e1l organismo genera y disemina la Hora Oficial en M\u00e9xico?<\/h3>\n<p style=\"color: #444444;\">En M\u00e9xico la realizaci\u00f3n f\u00edsica del UTC (Tiempo Universal Coordinado) est\u00e1 a cargo del<strong>Centro Nacional de Metrolog\u00eda<\/strong>\u00a0y se denominada UTC (CNM).<\/p>\n<p style=\"color: #444444;\">El CENAM genera y disemina la Hora Oficial para los Estados Unidos Mexicanos en los husos horarios establecidos en la Ley del Sistema de Horario en los Estados Unidos Mexicanos.<\/p>\n<p style=\"color: #444444;\">El\u00a0<strong>Centro Nacional de Metrolog\u00eda<\/strong>\u00a0(CENAM) es un organismo descentralizado dependiente de la\u00a0<a style=\"color: #8fbe00;\" title=\"Funciones de las Secretar\u00edas de Gobernaci\u00f3n en M\u00e9xico\" href=\"http:\/\/www.travelbymexico.com\/blog\/10022-funciones-de-las-secretarias-de-gobernacion-en-mexico\" target=\"_blank\">Secretar\u00eda de Econom\u00eda<\/a>, que fue creado con el fin de apoyar el sistema metrol\u00f3gico nacional.<\/p>\n<p style=\"color: #444444;\"><em><strong>La responsabilidad de establecer el horario de verano es del H. Congreso de la Uni\u00f3n.<\/strong><\/em><\/p>\n<p style=\"color: #444444;\">El CENAM establece el patr\u00f3n nacional de escalas de tiempo, u hora oficial, y la Secretar\u00eda de Econom\u00eda lo reconoce como tal.<\/p>\n<p style=\"color: #444444;\">Laboratorio nacional de referencia en materia de mediciones, El\u00a0<strong>CENAM<\/strong>\u00a0genera la Hora Oficial para los Estados Unidos Mexicanos en los husos horarios establecidos en la Ley del Sistema de Horario en los Estados Unidos Mexicanos.<\/p>\n<h3 style=\"font-weight: lighter; color: #40c0cb;\">Para mayores informes<\/h3>\n<p style=\"color: #444444;\">Ley del Sistema de Horario en los Estados Unidos Mexicanos<br \/>\n<a style=\"color: #8fbe00;\" title=\"Ley del Sistema de Horario en los Estados Unidos Mexicanos\" href=\"http:\/\/www.dof.gob.mx\/nota_detalle.php?codigo=5380123&amp;fecha=31\/01\/2015\" target=\"_blank\"><strong>\u00daltima reforma publicada DOF 31-01-2015<\/strong><\/a><\/p>\n","protected":false},"excerpt":{"rendered":"<p>El pr\u00f3ximo domingo 25 de octubre en M\u00e9xico entrar\u00e1 al horario de invierno, a excepci\u00f3n de los estados de Sonora<\/p>\n","protected":false},"author":2,"featured_media":18072,"comment_status":"closed","ping_status":"closed","sticky":false,"template":"","format":"standard","meta":[],"categories":[912,30],"tags":[8534,262,7391,2066,4624,7390,7389,4625,3260,7387,633,9440,8787,4623,648,4627,9439,1077,4626,1883,8791,8790,8788,4621],"_links":{"self":[{"href":"https:\/\/www.travelbymexico.com\/blog\/wp-json\/wp\/v2\/posts\/18071"}],"collection":[{"href":"https:\/\/www.travelbymexico.com\/blog\/wp-json\/wp\/v2\/posts"}],"about":[{"href":"https:\/\/www.travelbymexico.com\/blog\/wp-json\/wp\/v2\/types\/post"}],"author":[{"embeddable":true,"href":"https:\/\/www.travelbymexico.com\/blog\/wp-json\/wp\/v2\/users\/2"}],"replies":[{"embeddable":true,"href":"https:\/\/www.travelbymexico.com\/blog\/wp-json\/wp\/v2\/comments?post=18071"}],"version-history":[{"count":4,"href":"https:\/\/www.travelbymexico.com\/blog\/wp-json\/wp\/v2\/posts\/18071\/revisions"}],"predecessor-version":[{"id":18076,"href":"https:\/\/www.travelbymexico.com\/blog\/wp-json\/wp\/v2\/posts\/18071\/revisions\/18076"}],"wp:featuredmedia":[{"embeddable":true,"href":"https:\/\/www.travelbymexico.com\/blog\/wp-json\/wp\/v2\/media\/18072"}],"wp:attachment":[{"href":"https:\/\/www.travelbymexico.com\/blog\/wp-json\/wp\/v2\/media?parent=18071"}],"wp:term":[{"taxonomy":"category","embeddable":true,"href":"https:\/\/www.travelbymexico.com\/blog\/wp-json\/wp\/v2\/categories?post=18071"},{"taxonomy":"post_tag","embeddable":true,"href":"https:\/\/www.travelbymexico.com\/blog\/wp-json\/wp\/v2\/tags?post=18071"}],"curies":[{"name":"wp","href":"https:\/\/api.w.org\/{rel}","templated":true}]}}