{"id":18041,"date":"2015-10-10T22:06:37","date_gmt":"2015-10-11T03:06:37","guid":{"rendered":"http:\/\/www.travelbymexico.com\/blog\/?p=18041"},"modified":"2015-10-11T09:23:14","modified_gmt":"2015-10-11T14:23:14","slug":"reino-unido-y-estado-de-morelos-invitados-de-la-filcdmx-2015","status":"publish","type":"post","link":"https:\/\/www.travelbymexico.com\/blog\/18041-reino-unido-y-estado-de-morelos-invitados-de-la-filcdmx-2015\/","title":{"rendered":"Reino Unido y Morelos invitados de la Feria del Libro Z\u00f3calo CDMX 2015"},"content":{"rendered":"<h2>Este a\u00f1o, la Feria Internacional del Libro en el Z\u00f3calo y las F\u00e1bricas de Artes y Oficios (Faros) cumplen 15 a\u00f1os.<\/h2>\n<h2>Letras del Reino Unido y las Letras del Estado de Morelos son las invitadas de honor.<\/h2>\n<h2>Adem\u00e1s, se llevar\u00e1n a cabo 900 actividades totalmente gratuitas.<\/h2>\n<p>Del <strong>9 al 18 de octubre de 2015<\/strong>, la <strong>Plaza de la Constituci\u00f3n<\/strong> o Z\u00f3calo, se transformar\u00e1 en el foro cultural m\u00e1s grande de la Ciudad de M\u00e9xico.<\/p>\n<p>Dentro de los 7,920 metros cuadrados que abarca el Z\u00f3calo de la ciudad de M\u00e9xico, se instalar\u00e1n 56\u00a0stands de exhibici\u00f3n y venta de libros, foros, talleres, ludoteca, centro de lectura, cafeter\u00edas, etc. para que\u00a0 los visitantes de la <strong>FILCDMX 2015<\/strong> puedan conocer lo mejor de las letras y la cultura internacional y nacional a trav\u00e9s de<strong> 300 expositores<\/strong> y la oferta de m\u00e1s de <strong>700 sellos editoriale<\/strong>s.<\/p>\n<h3>Eventos y actividades<\/h3>\n<p>Presentaci\u00f3n de libros &#8211; Mesas Literarias &#8211; Proyecci\u00f3n de cine &#8211; Trueque de libros &#8211; Conciertos &#8211; Mesas de reflexi\u00f3n, cr\u00edtica y an\u00e1lisis de la realidad contempor\u00e1nea. &#8211; *Noche de leyendas &#8211; 122 Talleres infantiles &#8211; Grafiti en vivo &#8211; Charlas &#8211; Entrevistas &#8211; Homenajes &#8211; Lectura de poes\u00edas &#8211; 70 actividades en el Centro de Lectura para promover al libro y la lectura.<\/p>\n<p>*<strong>Noche de leyendas<\/strong>: recorridos desde la Plancha del Z\u00f3calo hasta el Museo de la Ciudad de M\u00e9xico animados por narradores y juglares.<\/p>\n<p>Consulta la &#8216;<strong><a title=\"Programaci\u00f3n completa de la FILCDMX 2015\" href=\"http:\/\/www.feriadellibro.cultura.df.gob.mx\/?page_id=1679\" target=\"_blank\">Programaci\u00f3n completa de la FIL Z\u00f3calo 2015<\/a><\/strong>&#8216;.<\/p>\n<h3>Letras del Reino Unido<\/h3>\n<p>En el marco del <a title=\"Todo este 2015 se celebra el a\u00f1o dual M\u00e9xico Reino Unido\" href=\"Todo%20este 2015 se celebra el \u2018A\u00f1o Dual M\u00e9xico Reino Unido\u2019  http:\/\/www.travelbymexico.com\/blog\/17162-todo-este-2015-se-celebra-el-ano-dual-mexico-reino-unido\/\" target=\"_blank\">A\u00f1o Dual M\u00e9xico-Reino Unido<\/a>, trece escritores del Reino Unido (entre ellos: Ruud Kaulingfreks<br \/>\nChaz Brencheley, Fabian Peake, Iain Rowan, Jay Griffiths, Matt Whyman, Michael Hofmann, Tiffany Atkinson, Miguel Imas, y Ben Brooks) compartir\u00e1n con el p\u00fablico una larga conversaci\u00f3n y leer\u00e1n fragmentos de su obra en voz alta.<br \/>\nSus presentaciones se acompa\u00f1ar\u00e1n de un servicio de interpretaci\u00f3n simult\u00e1nea gratuito (No olvides traer una identificaci\u00f3n oficial vigente para el pr\u00e9stamo de aud\u00edfonos.)<\/p>\n<h3>Grafiti en vivo<\/h3>\n<p>realizados por artistas del Reino Unido: David Robert Thomas, conocido como Bonzai y de Morelos \u00c1ngel Silva, conocido como Noise; David Salda\u00f1a Ortega, conocido como David y Enrique Mu\u00f1oz, conocido como Noble y de Faros, Nazario Garc\u00eda Garc\u00eda.)<\/p>\n<h3>Letras del estado de Morelos<\/h3>\n<p>El Estado de Morelos participa mediante la presentaci\u00f3n de los fondos editoriales y las novedades de sus editoras independientes, adem\u00e1s de una programaci\u00f3n art\u00edstica muy atractiva.<\/p>\n<p>Consulta el &#8216;<strong><a title=\"Programa de actividades del Estado de Morelos en la FILCDMX 2015\" href=\"http:\/\/www.feriadellibro.cultura.df.gob.mx\/wp-content\/uploads\/2015\/10\/FILZCDMX_MORELOS_PROGRAMA_opt.pdf\" target=\"_blank\">Programa de actividades del Estado de Morelos en la FILCDMX 2015<\/a><\/strong>&#8216;.<\/p>\n<h3>Siete foros instalados en el Z\u00f3calo<\/h3>\n<p>Foro Hugo Guti\u00e9rrez Vega<br \/>\nForo Max Rojas<br \/>\nForo Gustavo Sainz<br \/>\nForo FARO<br \/>\nForo Eduardo Galeano<br \/>\nForo Eraclio Zepeda<br \/>\nForo Multidisciplinario Gerardo Deniz.<\/p>\n<h3>2 sedes alternas<\/h3>\n<p>El Museo de la Ciudad y el Museo del Estanquillo a las que se suma UNAM.<\/p>\n","protected":false},"excerpt":{"rendered":"<p>Este a\u00f1o, la Feria Internacional del Libro en el Z\u00f3calo y las F\u00e1bricas de Artes y Oficios (Faros) cumplen 15<\/p>\n","protected":false},"author":2,"featured_media":18042,"comment_status":"closed","ping_status":"closed","sticky":false,"template":"","format":"standard","meta":[],"categories":[9,912],"tags":[8618,8224,2536,4161,9417,5195,6027,7506,7505],"_links":{"self":[{"href":"https:\/\/www.travelbymexico.com\/blog\/wp-json\/wp\/v2\/posts\/18041"}],"collection":[{"href":"https:\/\/www.travelbymexico.com\/blog\/wp-json\/wp\/v2\/posts"}],"about":[{"href":"https:\/\/www.travelbymexico.com\/blog\/wp-json\/wp\/v2\/types\/post"}],"author":[{"embeddable":true,"href":"https:\/\/www.travelbymexico.com\/blog\/wp-json\/wp\/v2\/users\/2"}],"replies":[{"embeddable":true,"href":"https:\/\/www.travelbymexico.com\/blog\/wp-json\/wp\/v2\/comments?post=18041"}],"version-history":[{"count":1,"href":"https:\/\/www.travelbymexico.com\/blog\/wp-json\/wp\/v2\/posts\/18041\/revisions"}],"predecessor-version":[{"id":18043,"href":"https:\/\/www.travelbymexico.com\/blog\/wp-json\/wp\/v2\/posts\/18041\/revisions\/18043"}],"wp:featuredmedia":[{"embeddable":true,"href":"https:\/\/www.travelbymexico.com\/blog\/wp-json\/wp\/v2\/media\/18042"}],"wp:attachment":[{"href":"https:\/\/www.travelbymexico.com\/blog\/wp-json\/wp\/v2\/media?parent=18041"}],"wp:term":[{"taxonomy":"category","embeddable":true,"href":"https:\/\/www.travelbymexico.com\/blog\/wp-json\/wp\/v2\/categories?post=18041"},{"taxonomy":"post_tag","embeddable":true,"href":"https:\/\/www.travelbymexico.com\/blog\/wp-json\/wp\/v2\/tags?post=18041"}],"curies":[{"name":"wp","href":"https:\/\/api.w.org\/{rel}","templated":true}]}}