{"id":18038,"date":"2015-10-09T09:39:47","date_gmt":"2015-10-09T14:39:47","guid":{"rendered":"http:\/\/www.travelbymexico.com\/blog\/?p=18038"},"modified":"2015-10-10T10:00:42","modified_gmt":"2015-10-10T15:00:42","slug":"festival-cultural-del-dia-de-muertos-2015-en-puerto-vallarta","status":"publish","type":"post","link":"https:\/\/www.travelbymexico.com\/blog\/18038-festival-cultural-del-dia-de-muertos-2015-en-puerto-vallarta\/","title":{"rendered":"Festival Cultural del D\u00eda de Muertos 2015 en Puerto Vallarta"},"content":{"rendered":"<h2>Este a\u00f1o, el Festival Cultural del D\u00eda de Muertos 2015 en Puerto Vallarta traer\u00e1 muchas novedades. Entre ellas, se tratar\u00e1 de romper el R\u00e9cord Guinness del mayor n\u00famero de Catrinas reunidas en un solo lugar.<\/h2>\n<p>Celebrada del 29 de octubre al 2 de noviembre de 2015, el 6\u00ba Festival del D\u00eda de Muertos en Puerto Vallarta promover\u00e1 elementos tradicionales de esta celebraci\u00f3n a trav\u00e9s de la interpretaci\u00f3n de artistas de la regi\u00f3n.<\/p>\n<p>El 6\u00ba Festival del D\u00eda de Muertos en Puerto Vallarta ofrecer\u00e1 a sus vistantes una serie de eventos, entre ellos:<\/p>\n<p>&#8211;<em> un festival de cine, <\/em><\/p>\n<p><em>&#8211; una degustaci\u00f3n de comida, <\/em><\/p>\n<p><em>&#8211; conciertos, <\/em><\/p>\n<p><em>&#8211; ballet folcl\u00f3rico, <\/em><\/p>\n<p><em>&#8211; y una exposici\u00f3n fotogr\u00e1fica sobre el tema de la muerte en la cultura popular mexicana.<\/em><\/p>\n<h3>\u00bfD\u00f3nde?<\/h3>\n<p>En el Parque L\u00e1zaro C\u00e1rdenas y varias calles del Centro de la Ciudad de Puerto Vallarta.<\/p>\n<h3>Altares<\/h3>\n<p>El altar de muertos es un elemento fundamental en la celebraci\u00f3n del D\u00eda de Muertos<\/p>\n<p>Se instalar\u00e1n altares de muertos en diversos hoteles, restaurantes y espacios p\u00fablicos de la ciudad, mientras que un altar interactivo estar\u00e1 en exhibici\u00f3n en el Parque L\u00e1zaro C\u00e1rdenas.<\/p>\n<p>Los organizadores estar\u00e1n dando un pasaporte a las instalaciones para los interesados en hacer su propio recorrido por los altares.<\/p>\n<h3>Jos\u00e9 Guadalupe Posada: el padre de la Catrina<\/h3>\n<p>Nacido en Aguascalientes el 2 de Febrero de 1852, Jos\u00e9 Guadalupe Posada\u00a0 fue un grabador mexicano, precursor del movimiento nacionalista de artes pl\u00e1sticas y c\u00e9lebre por sus dibujos y grabados sobre la muerte, donde las calaveras cuya m\u00e1s c\u00e9lebre es La Catrina, act\u00faan como gente com\u00fan en actitudes cotidianas muy mexicanas.<\/p>\n<h3>D\u00eda de Muertos en M\u00e9xico<\/h3>\n<p>Lea nuestro art\u00edculo &#8220;<strong><a title=\"D\u00eda de Muertos en M\u00e9xico\" href=\"http:\/\/www.travelbymexico.com\/blog\/4940-dia-de-muertos-en-mexico\/\" target=\"_blank\">D\u00eda de Muertos en M\u00e9xico<\/a><\/strong>&#8220;.<\/p>\n<h3>Programa de eventos<\/h3>\n<h3>Verbena Popular y Exposici\u00f3n de Altares, de 3:00pm a 9:00 pm<\/h3>\n<p><strong>Martes 27 de octubre<\/strong> \/ Calle Josefa Ortiz de Dom\u00ednguez<\/p>\n<p><strong>Mi\u00e9rcoles 28 de octubre<\/strong> \/ Calle Abasolo<\/p>\n<p>Jueves 29 de octubre \/ Calle Aldama<\/p>\n<p><strong>30 de octubre<\/strong> \/ Calle Corona<\/p>\n<p><strong>31 de octubre<\/strong> \/ Calle Galeana<\/p>\n<p><strong>1 de noviembre<\/strong><\/p>\n<p><span style=\"text-decoration: underline;\">Parque L\u00e1zaro Cardenas<\/span><\/p>\n<p>7:00 pm Exposici\u00f3n y muestra gastron\u00f3mica pan de muerto y antojitos mexicanos<\/p>\n<p>8:00 pm Exposici\u00f3n de Altares de Muertos<\/p>\n<p>8:30 pm Trimariachi<\/p>\n<p>9:30 pm Ballet Xiutla<\/p>\n<p><strong>2 de noviembre<\/strong><\/p>\n<p>Calle Belice y San Salvador Col. 5 de diciembre<\/p>\n<p>5pm Caravana \u00a1Viva la Muerte! Hacia el Mercado Muncipal R\u00edo Cuale, Col. Centro<\/p>\n<p>7:00 pm Recibimiento de los integrantes de la caravana Calle Agust\u00edn Rodr\u00edguez y Matamoros<\/p>\n<p>7:20 pm Intervenci\u00f3n de cantante ranchero<\/p>\n<p>7:40 pm Juegos y concursos<\/p>\n<p>7:55 pm Premiaci\u00f3n a los visitantes de los altares de muertos en Hoteles<\/p>\n<p>8:15 pm Intervenci\u00f3n de charros Floreo de Reata<\/p>\n<p>8:30 pm Premiaci\u00f3n de concurso de catrinas<\/p>\n<p>9:00 pm Caballo Bailador asociaci\u00f3n de charros<\/p>\n<p>9:15 pm Ballet Xiutla<\/p>\n<p>9:45 pm Fuegos Pirot\u00e9cnicos.<\/p>\n<p><strong><a title=\"Reserva tu hotel en la ciudad de Puerto Vallarta\" href=\"http:\/\/www.travelbymexico.com\/puertovallarta\/hoteles\" target=\"_blank\">Reserva tu hotel en la ciudad de Puerto Vallarta <\/a><\/strong><\/p>\n<p>&nbsp;<\/p>\n<p>&nbsp;<\/p>\n","protected":false},"excerpt":{"rendered":"<p>Este a\u00f1o, el Festival Cultural del D\u00eda de Muertos 2015 en Puerto Vallarta traer\u00e1 muchas novedades. Entre ellas, se tratar\u00e1<\/p>\n","protected":false},"author":2,"featured_media":18039,"comment_status":"closed","ping_status":"closed","sticky":false,"template":"","format":"standard","meta":[],"categories":[37,14,912],"tags":[7015,8263,410,7573,9416,1084],"_links":{"self":[{"href":"https:\/\/www.travelbymexico.com\/blog\/wp-json\/wp\/v2\/posts\/18038"}],"collection":[{"href":"https:\/\/www.travelbymexico.com\/blog\/wp-json\/wp\/v2\/posts"}],"about":[{"href":"https:\/\/www.travelbymexico.com\/blog\/wp-json\/wp\/v2\/types\/post"}],"author":[{"embeddable":true,"href":"https:\/\/www.travelbymexico.com\/blog\/wp-json\/wp\/v2\/users\/2"}],"replies":[{"embeddable":true,"href":"https:\/\/www.travelbymexico.com\/blog\/wp-json\/wp\/v2\/comments?post=18038"}],"version-history":[{"count":1,"href":"https:\/\/www.travelbymexico.com\/blog\/wp-json\/wp\/v2\/posts\/18038\/revisions"}],"predecessor-version":[{"id":18040,"href":"https:\/\/www.travelbymexico.com\/blog\/wp-json\/wp\/v2\/posts\/18038\/revisions\/18040"}],"wp:featuredmedia":[{"embeddable":true,"href":"https:\/\/www.travelbymexico.com\/blog\/wp-json\/wp\/v2\/media\/18039"}],"wp:attachment":[{"href":"https:\/\/www.travelbymexico.com\/blog\/wp-json\/wp\/v2\/media?parent=18038"}],"wp:term":[{"taxonomy":"category","embeddable":true,"href":"https:\/\/www.travelbymexico.com\/blog\/wp-json\/wp\/v2\/categories?post=18038"},{"taxonomy":"post_tag","embeddable":true,"href":"https:\/\/www.travelbymexico.com\/blog\/wp-json\/wp\/v2\/tags?post=18038"}],"curies":[{"name":"wp","href":"https:\/\/api.w.org\/{rel}","templated":true}]}}