{"id":17994,"date":"2015-09-22T21:52:03","date_gmt":"2015-09-23T02:52:03","guid":{"rendered":"http:\/\/www.travelbymexico.com\/blog\/?p=17994"},"modified":"2015-09-22T21:55:06","modified_gmt":"2015-09-23T02:55:06","slug":"todos-los-eventos-de-la-feria-nacional-de-los-pueblos-magicos-2015-en-puebla","status":"publish","type":"post","link":"https:\/\/www.travelbymexico.com\/blog\/17994-todos-los-eventos-de-la-feria-nacional-de-los-pueblos-magicos-2015-en-puebla\/","title":{"rendered":"Anunciar\u00e1n nuevos destinos durante la Feria Nacional de los Pueblos M\u00e1gicos 2015 en Puebla"},"content":{"rendered":"<h2>Para promocionar los atractivos y la riqueza natural, artesanal y gastron\u00f3mica de las 83 localidades mexicanas que hoy d\u00eda ostentan el nombramiento de *&#8221;Pueblos M\u00e1gicos&#8221;, se realizar\u00e1 la segunda edici\u00f3n de Feria Nacional de los Pueblos M\u00e1gicos, del viernes 25 al domingo 27 de septiembre en la ciudad de Puebla.<\/h2>\n<h2>Durante este eventos, el secretario de Turismo, Enrique de la Madrid Cordero anunciar\u00e1 la designaci\u00f3n de nuevos &#8220;Pueblos M\u00e1gicos&#8221; de M\u00e9xico.<\/h2>\n<p>Dentro de los eventos y actividades de este evento, los visitantes podr\u00e1n asistir de manera gratuita a <strong>conferencias magistrales<\/strong> impartidas por profesionales del sector cultural y tur\u00edstico, <strong>muestras artesanales<\/strong> y <strong>gastron\u00f3micas<\/strong>, <strong>presentaciones art\u00edsticas<\/strong> folkl\u00f3ricas de diversos estados del pa\u00eds, as\u00ed como al concierto &#8220;Fina Estampa en el Coraz\u00f3n de los Pueblos M\u00e1gicos&#8221; que <strong>Fernando de la Mora<\/strong> y <strong>Alicia Villarreal<\/strong>, acompa\u00f1ados por <strong>Mariachi Gama 1000<\/strong> ofrecer\u00e1n el s\u00e1bado 26 en el Centro Expositor Puebla.<\/p>\n<h3>Hoy d\u00eda, M\u00e9xico cuenta con 83 Pueblos M\u00e1gico, \u00a1con\u00f3celo!<\/h3>\n<p>En M\u00e9xico existen miles de pueblos encantadores y pintorescos, pero no todos pueden aspirar a integrar la codiciada lista de los \u201cPueblos M\u00e1gicos de M\u00e9xico\u201d, programa creado en 2001 por la <em>Secretar\u00eda de Turismo<\/em> (SECTUR) y desarrollado en colaboraci\u00f3n con diversas instancias gubernamentales y gobiernos estatales y municipales, que consiste en consolidar y revalorar el patrimonio cultural tangible e intangible que resguardan los poblados m\u00e1s tradicionales de M\u00e9xico.<\/p>\n<p>Enlace: <a title=\"Conoce los 83 Pueblos M\u00e1gicos de M\u00e9xico\" href=\"http:\/\/www.travelbymexico.com\/blog\/13530-descubre-cuales-son-los-pueblos-magicos-de-mexico\" target=\"_blank\">Conoce los 83 Pueblos M\u00e1gicos de M\u00e9xico<\/a>.<\/p>\n<h3>Programa 2\u00ba Feria Nacional de Pueblos M\u00e1gicos M\u00e9xico 2015<\/h3>\n<h3>Viernes 25 septiembre 2015<\/h3>\n<p>14:00 a 15:00 horas Representaci\u00f3n art\u00edstica de Veracruz \u201c<a title=\"Voladores de Papantla, hombres p\u00e1jaros de M\u00e9xico\" href=\"http:\/\/www.travelbymexico.com\/blog\/5696-voladores-de-papantla-hombres-pajaros-de-mexico\" target=\"_blank\">Danza de los Voladores<\/a>\u201d.<br \/>\n15:00 a 16:00 horas <strong>Sinf\u00f3nica infantil de Capul\u00e1lpam de M\u00e9ndez<\/strong>, Oaxaca \u201cM\u00fasica tradicional oaxaque\u00f1a\u201d.<br \/>\n16:30 a 17:00 horas <strong>Conferencia magistral <\/strong>impartida por Juli\u00e1n Balbuena, Director General de Best Day.<\/p>\n<p><strong>\u201cLa importancia de la innovaci\u00f3n en el producto tur\u00edstico mexicano\u201d<\/strong><br \/>\n17:00 a 17:45 horas Conferencia magistral impartida por Enrique Solana Sent\u00edes, Presidente CONCANACO-SERVYTUR.<\/p>\n<h3>S\u00e1bado 26 septiembre 2015<\/h3>\n<p><strong>\u201cEl turismo como factor de desarrollo\u201d<\/strong><br \/>\n10:00 a 10:45 horas. Conferencia magistral impartida por Mtra. Lilia V\u00e1zquez Mart\u00ednez, Directora de la Facultad de Administraci\u00f3n de la Benem\u00e9rita Universidad Aut\u00f3noma de Puebla.<\/p>\n<p><strong>\u201cLa importancia del turismo en el estado de Puebla\u201d<\/strong><br \/>\n11:00 a 11:45 horas. Conferencia magistral impartida por Jos\u00e9 Gerardo Mata Temoltzin, Rector de la Universidad An\u00e1huac Puebla.<\/p>\n<p><strong>\u201cLa gastronom\u00eda en los Pueblos M\u00e1gicos\u201d<\/strong><br \/>\n12:00 a 12:45 horas Conferencia magistral impartida por Chef \u00c1ngel V\u00e1zquez, Director General Restaurante Intro.<\/p>\n<p><strong>\u201cCompetitividad Tur\u00edstica\u201d<\/strong><br \/>\n13:00 a 13:45 horas Conferencia magistral impartida por Ernesto Bartolucci Blanco, Director General del Instituto de Competitividad Tur\u00edstica de Sectur Federal.<\/p>\n<p><strong>\u201cC\u00f3digo de conducta nacional para la protecci\u00f3n de las ni\u00f1as, ni\u00f1os y adolescentes en el sector de los viajes y el turismo\u201d.<\/strong><br \/>\n14:00 a 14:45 horas Conferencia magistral impartida por Guadalupe G\u00f3mez Maganda, Directora General Adjunta de Prospecci\u00f3n Tur\u00edstica de Sectur Federal.<\/p>\n<p>15:00 a 15:30 \u201c<strong>Representaci\u00f3n art\u00edstica de Tamaulipas<\/strong>.<br \/>\n15:30 a 16:00 <strong>Representaci\u00f3n art\u00edstica de Michoac\u00e1n<\/strong>.<\/p>\n<p><strong>\u201cPrograma Vig\u00edas del Patrimonio Cultural\u201d<\/strong><br \/>\n16:00 a 17:00 horas Conferencia magistral impartida por Francisco Navarro Sada, Coordinador Acad\u00e9mico del Programa Vig\u00edas del Patrimonio Cultural de CONACULTA.<\/p>\n<p>17:00 a 19:00 Representaci\u00f3n art\u00edstica del Estado de Veracruz.<\/p>\n<p>19:30 a 22:00 horas. <strong>Concierto<\/strong> <em>&#8220;Fina Estampa en el Coraz\u00f3n de los Pueblos M\u00e1gicos&#8221;<\/em>,<br \/>\n<strong>Fernando de la Mora<\/strong> y <strong>Alicia Villarreal<\/strong>, acompa\u00f1ados por<strong> Mariachi Gama 1000 <\/strong>(en el Centro Expositor de los Fuertes).<\/p>\n<h3>Domingo 27 septiembre 2015<\/h3>\n<p>10:00 a 10:30 horas Representaciones art\u00edsticas Tlaxcala \u201cSalterios\u201d.<br \/>\n10:30 a 11:00 horas Representaciones art\u00edsticas Tlaxcala \u201cPuesta de t\u00edteres.<br \/>\n11:00 a 12:00 horas Sinf\u00f3nica infantil de Capul\u00e1lpam de M\u00e9ndez, Oaxaca \u201cConcierto de m\u00fasica cl\u00e1sica\u201d.<br \/>\n12:00 a 13:00 horas Representaci\u00f3n art\u00edstica de Veracruz \u201cDanza de los Tocotines\u201d.<br \/>\n13:00 a 14:00 horas \u201cDanza prehisp\u00e1nica\u201d de San Andr\u00e9s Cholula.<br \/>\n14:00 a 14:30 horas \u201cDanza de carnaval\u201d de la comunidad de San Pablito, Pahuatl\u00e1n.<br \/>\n14:30 a 15:00 horas \u201cDanza de Voladores\u201d del grupo de ni\u00f1os de Casa de Cultura de Cuetzalan.<br \/>\n15:00 a 16:00 horas Representaci\u00f3n art\u00edstica de Hidalgo \u201cTr\u00edo Huasteco\u201d.<br \/>\n16:00 a 17:00 horas \u201cCompa\u00f1\u00eda de Danza Mixcoacalli\u201d de San Pedro Cholula.<br \/>\n17:00 a 18:00 horas \u201cGrupo de danzoneros\u201d de Zacatl\u00e1n.<br \/>\n18:00 a 19:00 horas Representaci\u00f3n art\u00edstica \u201cGuitarras cl\u00e1sicas\u201d.<br \/>\n19:00 a 20:00 horas Grupo de danza azteca Axolotl de Chignahuapan \u201cFestival de la Luz y la Vida\u201d.<\/p>\n<h3>Horarios y direcci\u00f3n<\/h3>\n<p>Del viernes 25 al domingo 27 de septiembre de 2015, de 11:00 a 19:00 hrs.<br \/>\nEn el <strong>Centro Expositor Puebla<\/strong>, Ej\u00e9rcito de Oriente 100, Unidad C\u00edvica y Cultural 5 de Mayo (Zona de los Fuertes), Puebla.<br \/>\nTel. 01 222 122 1100<\/p>\n<p>Entrada libre.<\/p>\n<p><a title=\"Reserva un hotel en la ciudad de Puebla\" href=\"http:\/\/www.travelbymexico.com\/puebla\/hoteles\" target=\"_blank\">Reservar un hotel en la ciudad de Puebla. <\/a><\/p>\n<p>&nbsp;<\/p>\n","protected":false},"excerpt":{"rendered":"<p>Para promocionar los atractivos y la riqueza natural, artesanal y gastron\u00f3mica de las 83 localidades mexicanas que hoy d\u00eda ostentan<\/p>\n","protected":false},"author":2,"featured_media":17995,"comment_status":"closed","ping_status":"closed","sticky":false,"template":"","format":"standard","meta":[],"categories":[912,31],"tags":[9358,9359,9357,4140,363,9356,535,5232,4249,1061,1133,1134],"_links":{"self":[{"href":"https:\/\/www.travelbymexico.com\/blog\/wp-json\/wp\/v2\/posts\/17994"}],"collection":[{"href":"https:\/\/www.travelbymexico.com\/blog\/wp-json\/wp\/v2\/posts"}],"about":[{"href":"https:\/\/www.travelbymexico.com\/blog\/wp-json\/wp\/v2\/types\/post"}],"author":[{"embeddable":true,"href":"https:\/\/www.travelbymexico.com\/blog\/wp-json\/wp\/v2\/users\/2"}],"replies":[{"embeddable":true,"href":"https:\/\/www.travelbymexico.com\/blog\/wp-json\/wp\/v2\/comments?post=17994"}],"version-history":[{"count":4,"href":"https:\/\/www.travelbymexico.com\/blog\/wp-json\/wp\/v2\/posts\/17994\/revisions"}],"predecessor-version":[{"id":17999,"href":"https:\/\/www.travelbymexico.com\/blog\/wp-json\/wp\/v2\/posts\/17994\/revisions\/17999"}],"wp:featuredmedia":[{"embeddable":true,"href":"https:\/\/www.travelbymexico.com\/blog\/wp-json\/wp\/v2\/media\/17995"}],"wp:attachment":[{"href":"https:\/\/www.travelbymexico.com\/blog\/wp-json\/wp\/v2\/media?parent=17994"}],"wp:term":[{"taxonomy":"category","embeddable":true,"href":"https:\/\/www.travelbymexico.com\/blog\/wp-json\/wp\/v2\/categories?post=17994"},{"taxonomy":"post_tag","embeddable":true,"href":"https:\/\/www.travelbymexico.com\/blog\/wp-json\/wp\/v2\/tags?post=17994"}],"curies":[{"name":"wp","href":"https:\/\/api.w.org\/{rel}","templated":true}]}}