{"id":17972,"date":"2015-09-14T22:10:09","date_gmt":"2015-09-15T03:10:09","guid":{"rendered":"http:\/\/www.travelbymexico.com\/blog\/?p=17972"},"modified":"2015-09-14T22:11:19","modified_gmt":"2015-09-15T03:11:19","slug":"el-nuevo-alumbramiento-decorativo-de-las-fiestas-patrias-2015-en-el-zocalo","status":"publish","type":"post","link":"https:\/\/www.travelbymexico.com\/blog\/17972-el-nuevo-alumbramiento-decorativo-de-las-fiestas-patrias-2015-en-el-zocalo\/","title":{"rendered":"El nuevo alumbramiento decorativo de las Fiestas Patrias 2015 en el D.F."},"content":{"rendered":"<h2>Los tradicionales focos incandescentes que daban vida desde hace 48 a\u00f1os a los cinco mosaicos monumentales en los que cada a\u00f1o se plasman los rostros de los h\u00e9roes de la patria, los listones tricolores y la campana de Dolores, entre otras im\u00e1genes alusivas a la Independencia de M\u00e9xico, fueron remplazados este a\u00f1o por 44 mil pixeles de leed, lo que representa un notable ahorro energ\u00e9tico y por lo tanto, un mejor cuidado del ambiente.<\/h2>\n<p>En el marco de los preparativos por el <strong>205 Aniversario<\/strong> del inicio de la <strong>Independencia de M\u00e9xico<\/strong>, el pasado mi\u00e9rcoles 9 de septiembre, el jefe de gobierno capitalino, <em><strong>Miguel \u00c1ngel Mancera<\/strong><\/em>, encendi\u00f3 el alumbramiento decorativo de las <strong>Fiestas Patrias 2015<\/strong> en la <em>Plaza de la Constituci\u00f3n<\/em> o <em>Z\u00f3calo<\/em> de la ciudad de M\u00e9xico, anunciando desde el Antiguo Palacio Nacional que los tradicionales mosaicos de focos incandescentes fueron remplazados por murales que utilizar\u00e1n 44 mil pixeles de led.<\/p>\n<h3>Foco incandescente Vs. Foco Led<\/h3>\n<p>Un foco incandescente consume 10 watts, mientras que un foco led s\u00f3lo un watt, y su vida \u00fatil puede rebasar los 5 a\u00f1os.<\/p>\n<p>El uso de la tecnolog\u00eda Led reduce en alrededor de un 90% el consumo de energ\u00eda.<\/p>\n<h3>Numeralia<\/h3>\n<p>En la colocaci\u00f3n del alumbrado participaron 111 especialistas de la direcci\u00f3n de Alumbrado P\u00fablico de la direcci\u00f3n general de Servicios Urbanos de la Secretar\u00eda de Obras y Servicios P\u00fablicos (Sobse).<\/p>\n<p><strong>Se instalaron 28 diferentes mosaicos luminosos o pantallas monumentales, en edificios emblem\u00e1ticos de la ciudad de M\u00e9xico: <\/strong><\/p>\n<p>&#8211;\u00a0 5 en el Z\u00f3calo (edificio nuevo del Gobierno del Distrito Federal, en el <strong>Palacio Virreinal<\/strong>, el de Mercaderes, en la zona de joyer\u00edas, Plaza de el Empedradillo),<br \/>\n&#8211; dos en <em>Paseo de la Reforma<\/em>,<br \/>\n&#8211; uno en cada uno de las 16 delegaciones,<br \/>\n&#8211; as\u00ed como <a title=\"Los Pinos, residencia oficial del titular del poder ejecutivo Federal de la Rep\u00fablica Mexicana\" href=\"http:\/\/mr.travelbymexico.com\/1123-los-pinos-residencia-oficial\/\" target=\"_blank\"><em>Los Pinos<\/em><\/a>, Sedena, Fuerza A\u00e9rea, Hospital Central Militar y Auditorio Nacional.<\/p>\n<p><span style=\"text-decoration: underline;\"><strong>Se utilizaron:<\/strong><\/span><\/p>\n<p>880 tiras de led&#8217;s, 8 mil metros de manguera luminosa,<br \/>\n2 toneladas de varilla de 3\/8,<br \/>\n1.5 toneladas de alambr\u00f3n,<br \/>\n12 mil metros de cable de distintos calibres,<br \/>\n6 mil metros de fest\u00f3n,<br \/>\n10 mil metros de escarcha<br \/>\ny mil 200 l\u00e1mparas de led.<\/p>\n<h3>Art\u00edculos relacionados<\/h3>\n<p><strong><a title=\"Gobierno Federal mexicano canjear\u00e1 48 millones de focos incandescentes por fluorescentes (a\u00f1o de 2011)\" href=\"http:\/\/www.travelbymexico.com\/blog\/8929-gobierno-federal-mexicano-canjeara-48-millones-de-focos-incandescentes-por-fluorescentes%20\" target=\"_blank\">Gobierno Federal mexicano canjear\u00e1 48 millones de focos incandescentes por fluorescentes <\/a>(a\u00f1o de 2011)<\/strong><\/p>\n<p><strong><a title=\"Inauguran la nueva iluminaci\u00f3n del Cerro de la Bufa\" href=\"http:\/\/www.travelbymexico.com\/blog\/16248-inauguran-la-nueva-iluminacion-del-cerro-de-la-bufa\/\" target=\"_blank\">Inauguran la nueva iluminaci\u00f3n del Cerro de la Bufa<\/a><\/strong><\/p>\n<p><strong><a title=\"M\u00e9xico ser\u00e1 el primer pa\u00eds de Am\u00e9rica en usar la tecnolog\u00eda Li-Fi\" href=\"http:\/\/www.travelbymexico.com\/blog\/16477-mexico-sera-el-primer-pais-de-america-en-usar-la-tecnologia-li-fi\" target=\"_blank\">M\u00e9xico ser\u00e1 el primer pa\u00eds de Am\u00e9rica en usar la tecnolog\u00eda Li-Fi<\/a><\/strong><\/p>\n","protected":false},"excerpt":{"rendered":"<p>Los tradicionales focos incandescentes que daban vida desde hace 48 a\u00f1os a los cinco mosaicos monumentales en los que cada<\/p>\n","protected":false},"author":2,"featured_media":17973,"comment_status":"closed","ping_status":"closed","sticky":false,"template":"","format":"standard","meta":[],"categories":[912],"tags":[4499,7791,9341,5853,577,9339,617,9338,9337,4407,7790,9340,8121],"_links":{"self":[{"href":"https:\/\/www.travelbymexico.com\/blog\/wp-json\/wp\/v2\/posts\/17972"}],"collection":[{"href":"https:\/\/www.travelbymexico.com\/blog\/wp-json\/wp\/v2\/posts"}],"about":[{"href":"https:\/\/www.travelbymexico.com\/blog\/wp-json\/wp\/v2\/types\/post"}],"author":[{"embeddable":true,"href":"https:\/\/www.travelbymexico.com\/blog\/wp-json\/wp\/v2\/users\/2"}],"replies":[{"embeddable":true,"href":"https:\/\/www.travelbymexico.com\/blog\/wp-json\/wp\/v2\/comments?post=17972"}],"version-history":[{"count":2,"href":"https:\/\/www.travelbymexico.com\/blog\/wp-json\/wp\/v2\/posts\/17972\/revisions"}],"predecessor-version":[{"id":17975,"href":"https:\/\/www.travelbymexico.com\/blog\/wp-json\/wp\/v2\/posts\/17972\/revisions\/17975"}],"wp:featuredmedia":[{"embeddable":true,"href":"https:\/\/www.travelbymexico.com\/blog\/wp-json\/wp\/v2\/media\/17973"}],"wp:attachment":[{"href":"https:\/\/www.travelbymexico.com\/blog\/wp-json\/wp\/v2\/media?parent=17972"}],"wp:term":[{"taxonomy":"category","embeddable":true,"href":"https:\/\/www.travelbymexico.com\/blog\/wp-json\/wp\/v2\/categories?post=17972"},{"taxonomy":"post_tag","embeddable":true,"href":"https:\/\/www.travelbymexico.com\/blog\/wp-json\/wp\/v2\/tags?post=17972"}],"curies":[{"name":"wp","href":"https:\/\/api.w.org\/{rel}","templated":true}]}}