{"id":17942,"date":"2015-09-08T23:15:47","date_gmt":"2015-09-09T04:15:47","guid":{"rendered":"http:\/\/www.travelbymexico.com\/blog\/?p=17942"},"modified":"2015-09-08T23:20:01","modified_gmt":"2015-09-09T04:20:01","slug":"la-india-pais-invitado-del-festival-gastronomico-internacional-veracruz-2015","status":"publish","type":"post","link":"https:\/\/www.travelbymexico.com\/blog\/17942-la-india-pais-invitado-del-festival-gastronomico-internacional-veracruz-2015\/","title":{"rendered":"La India: pa\u00eds invitado del Festival Gastron\u00f3mico Internacional Veracruz 2015"},"content":{"rendered":"<h2>Dentro de dos d\u00edas, la India y el Estado de Veracruz se dar\u00e1n cita para presentar parte de la riqueza de sus cocinas tradicionales, las cuales en cuanto a especias y sabores se refiere, tienen mucho en com\u00fan.<\/h2>\n<p>Del viernes 10 al domingo 13, en las instalaciones del <strong>World Trade Center<\/strong> de Boca del R\u00edo &#8211; Veracruz, se llevar\u00e1 a cabo la segunda edici\u00f3n del Festival Gastron\u00f3mico Internacional Veracruz 2015; una gran fiesta de sabores en la que,\u00a0 adem\u00e1s\u00a0 de mostrar la diversidad y amplitud de la <strong>cocina tradicional Veracruzana<\/strong> -misma que fue declarada <em><strong>Patrimonio Cultural del Estado de Veracruz<\/strong><\/em> el 11 de Julio del 2009- y exhibir <strong>productos de la India<\/strong> (pa\u00eds invitado de honor), cocineras tradicionales, chefs y acad\u00e9micos ofrecer\u00e1n demostraciones de cocina tradicional, panader\u00eda, reposter\u00eda, y conferencias.<\/p>\n<h3>Areas y actividades<\/h3>\n<p>\u2212 Noche Jarocha de Bienvenida.<\/p>\n<p>&#8211; Demostraciones de Cocina a cargo de Cocineras Tradicionales, Chefs y Acad\u00e9micos.<br \/>\n\u2212 Pabell\u00f3n de Expositores y Patrocinadores\u00a0 (con un \u00e1rea para productores de la regi\u00f3n: quesos, caf\u00e9, vainilla, artesan\u00edas, dulces, frutas y hortalizas, brotes y flores comestibles).<br \/>\n\u2212 Demostraciones de Reposter\u00eda y Panader\u00eda.<br \/>\n\u2212 Foro de Conferencias.<br \/>\n\u2212 Muestra Gastron\u00f3mica de Cocina Tradicional Veracruzana con la participaci\u00f3n de 40 municipios.<br \/>\n\u2212 Pabell\u00f3n de productos de India.<\/p>\n<p>\u2212 Concurso Estudiantil \u201cLa Cocina Mexicana y su influencia Asi\u00e1tica\u201d.<br \/>\n\u2212 Cena de Gala de Clausura y entrega de reconocimientos CANIRAC a la Trayectoria Empresarial Restaurantera.<\/p>\n<h3>Invitados especiales<\/h3>\n<p><span style=\"text-decoration: underline;\"><strong>Chef Hari Nayak <\/strong><\/span>&#8211; Director Culinario de Cafe Spice Global Cuisine , USA (INDIA)<br \/>\nMundialmente conocido como uno de los pioneros de la &#8220;Cocina India Moderna&#8221;\u00a0\u00a0 Cofundador de &#8220;<em>Cooking for Life<\/em>&#8221; una organizaci\u00f3n filantr\u00f3pica que se dedica a la organizaci\u00f3n de varios eventos para recaudar fondos para v\u00edctimas de desastres naturales.<\/p>\n<p><span style=\"text-decoration: underline;\"><strong>Chef Patricia Quintana<\/strong><\/span>:Cocinera, profesora y autora de varios libros, la chef Patricia Quintana fue nombrada\u00a0<em><strong>Embajadora Culinaria de M\u00e9xico<\/strong><\/em> para el mundo por la <em>Secretar\u00eda de Turismo<\/em> y la <em>Asociaci\u00f3n de Restaurantes de M\u00e9xico<\/em> y fue galardonada con el Premio del <em><strong>Laurel de Oro<\/strong><\/em> por parte de la Asociaci\u00f3n M\u00e9xico Espa\u00f1a y el <em><strong>Premio Cuchara de Plata<\/strong><\/em> otorgado por la revista \u00abFood Arts\u00bb.<\/p>\n<p><span style=\"text-decoration: underline;\"><strong>Chef Ana Ru\u00edz<\/strong><\/span>:con m\u00e1s de e 20 a\u00f1os en la industria del arte culinario como \u201cCake Designer\u201d, la Chef Anna es una de las m\u00e1s reconocidas decoradoras de pasteles en M\u00e9xico<\/p>\n<p><span style=\"text-decoration: underline;\"><strong>Chef<\/strong> <strong>Irving Quiroz<\/strong><\/span>: Autor del Larousse de Panes Mexicanos, Irving Quiroz es un Chef repostero independiente que se especializ\u00f3 en panader\u00eda, reposter\u00eda siguiendo cursos en prestigiosas escuelas parisinas, y sigui\u00f3 cursos de chocolater\u00eda en Chicago.<\/p>\n<p><span style=\"text-decoration: underline;\"><strong>Chef Ricardo Mu\u00f1oz Zurita<\/strong><\/span>:Nombrado por la r<strong>evista TIME<\/strong> como \u201c<strong>Profeta y preservador de la tradici\u00f3n culinaria de M\u00e9xico<\/strong>\u201d, es Propietario de los Restaurantes Azul y Oro, Azul Condesa y Azul Hist\u00f3rico, y el autor de El Diccionario Enciclop\u00e9dico de Gastronom\u00eda Mexicana.<\/p>\n<p><span style=\"text-decoration: underline;\"><strong>Chef M\u00f3nica Lazcano<\/strong><\/span>: Estar\u00e1 conduciendo catas de mezcal y pulque e impartir\u00e1 la conferencia \u201cHablar de M\u00e9xico a trav\u00e9s de las bebidas espirituosas\u201d.<\/p>\n<p><strong>Maestro Cervecero Heli Telle<\/strong>: Global Draught Master. Embajador\u00a0 Cultural de la Cervecer\u00eda Cuauht\u00e9moc-Moctezuma, Heineken M\u00e9xico. Responsable de cultura cervecera de Heineken.<\/p>\n<p>Wedding Planner <span style=\"text-decoration: underline;\"><strong>Rose Torres<\/strong><\/span>: Coordinadora de Posgrado en la Universidad An\u00e1huac y creadora\u00a0 del programa que coordina en la Universidad An\u00e1huac de Canc\u00fan; el \u201cDiplomado Wedding Planning\u201d, Rose Torres cuenta con 20 a\u00f1os de experiencia realizando bodas y eventos sociales en Canc\u00fan y la\u00a0 Riviera Maya.<\/p>\n<h3>Fechas y direcci\u00f3n<\/h3>\n<p><strong>2\u00ba Festival Gastron\u00f3mico Internacional Veracruz 2015.<\/strong><\/p>\n<p>Del <span style=\"text-decoration: underline;\">jueves 10 al domingo 13 de septiembre<\/span> de 2015 en el <strong>World Trade Center<\/strong><br \/>\nBlvd. Adolfo Ruiz Cortines No. 3497. Col. Ylang-Ylang. Boca del R\u00edo, Veracruz.<\/p>\n<h3>Costo de entrada y paquetes<\/h3>\n<p>*Entrada al Foro (Conferencias y Demostraciones por los 3 d\u00edas) $650.00 pesos.<br \/>\n*Costo de entrada por d\u00eda: $300.00 pesos.<br \/>\n* Costo agregando 1 entrada para la Cena de Gala: $3,400.00 pesos<\/p>\n<p><strong>&#8211; Combo 1<\/strong><br \/>\nIncluye: Acceso a los 3 d\u00edas del Foro, conferencias y demostraciones. 1 Cata de Cerveza. 1 Noche de Karaoke con Barra Libre.<br \/>\n$1,050.00 pesos.<br \/>\n<strong>&#8211; Combo 2<\/strong><br \/>\nIncluye: Acceso a los 3 d\u00edas del Foro, conferencias y demostraciones.<br \/>\n1 Cata de Cerveza, mezcal o vino.<br \/>\n1 Noche de Karaoke con Barra Libre.<br \/>\n1 boleto para la Cena de Gala.<br \/>\n$1,750 pesos.<br \/>\n<strong>-Combo 3<\/strong><br \/>\nIncluye: Acceso a los 3 d\u00edas del foro, conferencias y demostraciones.<br \/>\n1 cata de cerveza, mezcal o vino.<br \/>\n1 Noche de Karaoke con barra libre.<br \/>\n4 noches de hotel en habitaci\u00f3n doble con desayunos incluidos.<br \/>\nTraslados Locales (Hotel\/WTC\/Hotel).<br \/>\nPrecio: $2,800 pesos.<\/p>\n<p><strong><a title=\"Reserva tu hotel en Boca del R\u00edo y Veracruz, M\u00e9xico\" href=\"http:\/\/www.travelbymexico.com\/veracruz\/hoteles\" target=\"_blank\">Reservar un hotel en Veracruz y Boca del R\u00edo<\/a><\/strong><\/p>\n<p>&nbsp;<\/p>\n","protected":false},"excerpt":{"rendered":"<p>Dentro de dos d\u00edas, la India y el Estado de Veracruz se dar\u00e1n cita para presentar parte de la riqueza<\/p>\n","protected":false},"author":2,"featured_media":17943,"comment_status":"closed","ping_status":"closed","sticky":false,"template":"","format":"standard","meta":[],"categories":[36,912],"tags":[165,9323,329,363,557,9322,6199,8906,9324,2099,6200,1281],"_links":{"self":[{"href":"https:\/\/www.travelbymexico.com\/blog\/wp-json\/wp\/v2\/posts\/17942"}],"collection":[{"href":"https:\/\/www.travelbymexico.com\/blog\/wp-json\/wp\/v2\/posts"}],"about":[{"href":"https:\/\/www.travelbymexico.com\/blog\/wp-json\/wp\/v2\/types\/post"}],"author":[{"embeddable":true,"href":"https:\/\/www.travelbymexico.com\/blog\/wp-json\/wp\/v2\/users\/2"}],"replies":[{"embeddable":true,"href":"https:\/\/www.travelbymexico.com\/blog\/wp-json\/wp\/v2\/comments?post=17942"}],"version-history":[{"count":6,"href":"https:\/\/www.travelbymexico.com\/blog\/wp-json\/wp\/v2\/posts\/17942\/revisions"}],"predecessor-version":[{"id":17949,"href":"https:\/\/www.travelbymexico.com\/blog\/wp-json\/wp\/v2\/posts\/17942\/revisions\/17949"}],"wp:featuredmedia":[{"embeddable":true,"href":"https:\/\/www.travelbymexico.com\/blog\/wp-json\/wp\/v2\/media\/17943"}],"wp:attachment":[{"href":"https:\/\/www.travelbymexico.com\/blog\/wp-json\/wp\/v2\/media?parent=17942"}],"wp:term":[{"taxonomy":"category","embeddable":true,"href":"https:\/\/www.travelbymexico.com\/blog\/wp-json\/wp\/v2\/categories?post=17942"},{"taxonomy":"post_tag","embeddable":true,"href":"https:\/\/www.travelbymexico.com\/blog\/wp-json\/wp\/v2\/tags?post=17942"}],"curies":[{"name":"wp","href":"https:\/\/api.w.org\/{rel}","templated":true}]}}