{"id":17863,"date":"2015-08-16T23:14:53","date_gmt":"2015-08-17T04:14:53","guid":{"rendered":"http:\/\/www.travelbymexico.com\/blog\/?p=17863"},"modified":"2015-08-19T21:40:30","modified_gmt":"2015-08-20T02:40:30","slug":"concurso-de-cronica-cdmx-2015-los-ultimos-lagos","status":"publish","type":"post","link":"https:\/\/www.travelbymexico.com\/blog\/17863-concurso-de-cronica-cdmx-2015-los-ultimos-lagos\/","title":{"rendered":"Concurso de Cr\u00f3nica CDMX 2015 &#8220;Los \u00faltimos lagos&#8221;"},"content":{"rendered":"<h2>Escribes cr\u00f3nica y eres mayor de 18 a\u00f1os?<br \/>\n\u00a1Participa con un texto hist\u00f3rico, original e in\u00e9dito en el Concurso de Cr\u00f3nica CDMX 2015!<\/h2>\n<p>El Gobierno de la Ciudad de M\u00e9xico a trav\u00e9s de la <a title=\"Secretar\u00eda de Cultura de la ciudad de M\u00e9xico\" href=\"http:\/\/www.cultura.df.gob.mx\" target=\"_blank\"><em>Secretar\u00eda de Cultura<\/em><\/a>, la <a title=\"Secretar\u00eda de Desarrollo Rural y Equidad para las comunidades\" href=\"www.sederec.df.gob.mx\" target=\"_blank\"><em>Secretar\u00eda de Desarrollo Rural y Equidad para la Comunidades<\/em><\/a> y la <a title=\"Autoridad de la Zona Patrimonio Mundial Natural y Cultural de la Humanidad en Xochimilco, Tl\u00e1huac y Milpa Alta\" href=\"www.azp.df.gob.mx\" target=\"_blank\">A<em>utoridad de la Zona Patrimonio Mundial Natural y Cultural de la Humanidad<\/em> en Xochimilco, Tl\u00e1huac y Milpa Alta<\/a> convocan a cronistas as\u00ed como al p\u00fablico en general, nacional o extranjero, mayor de 18 a\u00f1os, a participar en el <strong>Concurso de Cr\u00f3nica CDMX 2015<\/strong> el cual este a\u00f1o tiene como tema &#8220;<strong>Los \u00faltimos lagos<\/strong>&#8220;.<\/p>\n<p>Hist\u00f3rico, original e in\u00e9dito, el texto requerido puede estar escrito en castellano o n\u00e1huatl, y tendr\u00e1 como eje\u00a0 principal el Patrimonio de la zona lacustre de la Ciudad de M\u00e9xico, ubicado en las delegaciones Xochimilco, Tl\u00e1huac y Milpa Alta.<\/p>\n<h3>Algunos temas que se sugieren son<\/h3>\n<p>&#8211; Oficios tradicionales.<br \/>\n&#8211; Vivencias.<br \/>\n&#8211; Paisajes culturales.<br \/>\n&#8211; Flora y fauna de la regi\u00f3n.<br \/>\n&#8211; M\u00fasica y danzas.<br \/>\n&#8211; Gastronom\u00eda.<br \/>\n&#8211; Barrios Populares.<br \/>\n&#8211; Fiestas patronales o c\u00edvicas.<br \/>\n&#8211; Sitios arqueol\u00f3gicos y\/o lugares emblem\u00e1ticos.<br \/>\n&#8211; Plantas medicinales.<br \/>\n&#8211; Importancia de los lagos en el desarrollo de los pueblos originarios.<\/p>\n<h3>Convocatoria<\/h3>\n<p>La convocatoria para el Concurso de Cr\u00f3nica CDMX 2015 est\u00e1 abierta <span style=\"text-decoration: underline;\"><strong>hasta el lunes 21 de septiembre de 2015<\/strong><\/span>.<\/p>\n<p>Descarga la <a title=\"Hoja de registro Concurso de Cr\u00f3nica CDMX 2015 (PDF)\" href=\"http:\/\/www.cultura.df.gob.mx\/images\/stories\/archivos\/registro_concursocronica.pdf\" target=\"_blank\">hoja de registro<\/a> y las <a title=\"Bases convocatoria Concurso Cr\u00f3nica CDMX 2015 Los \u00faltimos lagos\" href=\"http:\/\/www.cultura.df.gob.mx\/index.php\/convocatorias\/details\/16974-ultimoslagos\" target=\"_blank\">bases de la convocatoria<\/a>.<\/p>\n<h3>Para mayores informes<\/h3>\n<h3>Llama al\u00a0 1719 3000 ext. 1310 y 1338<\/h3>\n<p>Art\u00edculos relacionados<\/p>\n<p><a title=\"El Centro de la ciudad de M\u00e9xico\" href=\"http:\/\/www.travelbymexico.com\/blog\/12424-el-centro-historico-de-la-ciudad-de-mexico\/%20 \" target=\"_blank\">El Centro Hist\u00f3rico de la Ciudad de M\u00e9xico<\/a><\/p>\n<p>&nbsp;<\/p>\n<p>&nbsp;<\/p>\n","protected":false},"excerpt":{"rendered":"<p>Escribes cr\u00f3nica y eres mayor de 18 a\u00f1os? \u00a1Participa con un texto hist\u00f3rico, original e in\u00e9dito en el Concurso de<\/p>\n","protected":false},"author":2,"featured_media":17864,"comment_status":"closed","ping_status":"closed","sticky":false,"template":"","format":"standard","meta":[],"categories":[9,912],"tags":[9271,7307,318,4174,9268,9272,7364,9269,2537,9270,1285],"_links":{"self":[{"href":"https:\/\/www.travelbymexico.com\/blog\/wp-json\/wp\/v2\/posts\/17863"}],"collection":[{"href":"https:\/\/www.travelbymexico.com\/blog\/wp-json\/wp\/v2\/posts"}],"about":[{"href":"https:\/\/www.travelbymexico.com\/blog\/wp-json\/wp\/v2\/types\/post"}],"author":[{"embeddable":true,"href":"https:\/\/www.travelbymexico.com\/blog\/wp-json\/wp\/v2\/users\/2"}],"replies":[{"embeddable":true,"href":"https:\/\/www.travelbymexico.com\/blog\/wp-json\/wp\/v2\/comments?post=17863"}],"version-history":[{"count":4,"href":"https:\/\/www.travelbymexico.com\/blog\/wp-json\/wp\/v2\/posts\/17863\/revisions"}],"predecessor-version":[{"id":17869,"href":"https:\/\/www.travelbymexico.com\/blog\/wp-json\/wp\/v2\/posts\/17863\/revisions\/17869"}],"wp:featuredmedia":[{"embeddable":true,"href":"https:\/\/www.travelbymexico.com\/blog\/wp-json\/wp\/v2\/media\/17864"}],"wp:attachment":[{"href":"https:\/\/www.travelbymexico.com\/blog\/wp-json\/wp\/v2\/media?parent=17863"}],"wp:term":[{"taxonomy":"category","embeddable":true,"href":"https:\/\/www.travelbymexico.com\/blog\/wp-json\/wp\/v2\/categories?post=17863"},{"taxonomy":"post_tag","embeddable":true,"href":"https:\/\/www.travelbymexico.com\/blog\/wp-json\/wp\/v2\/tags?post=17863"}],"curies":[{"name":"wp","href":"https:\/\/api.w.org\/{rel}","templated":true}]}}