{"id":17782,"date":"2015-07-30T20:54:23","date_gmt":"2015-07-31T01:54:23","guid":{"rendered":"http:\/\/www.travelbymexico.com\/blog\/?p=17782"},"modified":"2015-08-03T20:57:04","modified_gmt":"2015-08-04T01:57:04","slug":"feria-internacional-de-turismo-de-las-americas-fita-2015-en-mexico","status":"publish","type":"post","link":"https:\/\/www.travelbymexico.com\/blog\/17782-feria-internacional-de-turismo-de-las-americas-fita-2015-en-mexico\/","title":{"rendered":"Feria Internacional de Turismo de las Am\u00e9ricas (FITA 2015) en M\u00e9xico"},"content":{"rendered":"<h2>Feria tur\u00edstica de talla internacional que re\u00fane a profesionales de la industria tur\u00edstica mundial con el fin de impulsar la promoci\u00f3n y comercializaci\u00f3n de productos y destinos tur\u00edstico, la sexta edici\u00f3n de la Feria Internacional de Turismo de las Am\u00e9ricas FITA 2015 se llevar\u00e1 a cabo del jueves 10 al domingo 13 de septiembre en la ciudad de M\u00e9xico.<\/h2>\n<h2>La FITA es tambi\u00e9n una gran fiesta de venta de viajes en la que se ofertan atractivos paquetes para todos los presupuestos y los p\u00fablicos.<\/h2>\n<h3>Feria para profesionales y p\u00fablico en general<\/h3>\n<p>Evento que re\u00fane a profesionales de la industria tur\u00edstica mundial con el fin de impulsar la promoci\u00f3n y comercializaci\u00f3n de productos y destinos tur\u00edsticos, la FITA es tambi\u00e9n dirigida a las <strong>universidades<\/strong> y <strong>centros acad\u00e9micos<\/strong> enfocados al sector as\u00ed como al <strong>p\u00fablico en general<\/strong>, puesto que durante los dos \u00faltimos d\u00edas de la feria, podr\u00e1s encontrar <strong>el viaje de tus sue\u00f1os<\/strong> al mejor precio.<\/p>\n<h3>Pabellones y otras secciones FITA 2015<\/h3>\n<p>Fita Congress.<br \/>\nPabell\u00f3n de Medios.<br \/>\nSala de Prensa.<br \/>\nPabell\u00f3n Gastron\u00f3mico.<br \/>\nPabell\u00f3n Fita Adventure.<br \/>\nPabell\u00f3n LGBT.<br \/>\nPabell\u00f3n Fita Interactive.<br \/>\nEscenario para eventos art\u00edsticos y culturales.<br \/>\nSalones para congresos, seminarios y eventos en general.<\/p>\n<h3>FITA 2015 para el p\u00fablico en general<\/h3>\n<p><span style=\"text-decoration: underline;\">S\u00e1bado y domingo de 10:00 a 18:00 hrs,<\/span><\/p>\n<p>No te pierdas esta gran fiesta de venta de viajes en la que se ofertar\u00e1n <strong>atractivos paquetes<\/strong> para todos los presupuestos y los p\u00fablicos.<\/p>\n<h3>FITA 2015 para visitantes profesionales<\/h3>\n<p>En la FITA 2015, los profesionales del Sector del Turismo podr\u00e1n visitar a proveedores y clientes actuales y potenciales, conocer las \u00faltimas novedades y obtener informaci\u00f3n sobre las tendencias del mercado; asistir a conferencias, seminarios y actos paralelos, entre otras actividades.<\/p>\n<h3>\u00bfCu\u00e1ndo y d\u00f3nde?<\/h3>\n<p>Del jueves 10 al domingo 13 de Septiembre de 2015.<\/p>\n<p>En el Centro de Exposiciones y Convenciones<strong> Expo-Bancomer Santa Fe<\/strong>, Ciudad de M\u00e9xico.<\/p>\n<p><strong><a title=\"Reservar un hotel en la ciudad de M\u00e9xico\" href=\"http:\/\/www.travelbymexico.com\/ciudaddemexico\/hoteles\" target=\"_blank\">Reservar un hotel en la ciudad de M\u00e9xico, D.F. <\/a><\/strong><\/p>\n<h3>\u00bfQui\u00e9n expone en la FITA?<\/h3>\n<p>Destinos nacionales e internacionales representados por Oficinas de Turismo, Fideicomisos y Oficinas de Visitantes;<br \/>\nHoteles (cadenas y privados);<br \/>\nL\u00edneas a\u00e9reas, l\u00edneas de autobuses;<br \/>\nTour Operadores, mayoristas, agencias de viajes, arrendadoras de autos;<br \/>\nCruceros;<br \/>\nParques tur\u00edsticos; atracciones tur\u00edsticas, de entretenimiento, ocio y cultura;<br \/>\nEmpresas de <a title=\"Ecoturismo, turismo de aventura y turismo comunitario en M\u00e9xico\" href=\"http:\/\/www.travelbymexico.com\/blog\/17265-ecoturismo-y-turismo-de-aventura-y-turismo-comunitario-en-mexico\/\" target=\"_blank\">ecoturismo y turismo de aventura<\/a>;<br \/>\nAsociaciones y\/o C\u00e1maras relacionadas con la Industria;<br \/>\nCentros de Convenciones y Exposiciones;<br \/>\nMedios de comunicaci\u00f3n;<br \/>\nServicios comerciales y financieros;<br \/>\nEmpresas de tecnolog\u00eda y telecomunicaciones;<br \/>\nMedios de comunicaci\u00f3n, entre otros.<\/p>\n<h3>Acerca de la edici\u00f3n 2014 de la FITA<\/h3>\n<p>En la FITA 2014 se reuniron 12 mil visitantes profesionales representando a m\u00e1s de 45 pa\u00edses y 40 destinos nacionales.<br \/>\nParticiparon m\u00e1s de 2,000 expositores, representando a 800 empresas.<\/p>\n<p>Los segmentos promocionados fueron Turismo de Sol y Playa, Cultural, Ecoturismo, Gastron\u00f3mico, Lujo, Reuniones y Convenciones, Lunamieleros, Salud, N\u00e1utico, Aventura, Golf &amp; Spa entre otros.<\/p>\n","protected":false},"excerpt":{"rendered":"<p>Feria tur\u00edstica de talla internacional que re\u00fane a profesionales de la industria tur\u00edstica mundial con el fin de impulsar la<\/p>\n","protected":false},"author":2,"featured_media":17783,"comment_status":"closed","ping_status":"closed","sticky":false,"template":"","format":"standard","meta":[],"categories":[912,31],"tags":[318,9801,9228,8542,9225,9226,2248,9227,4901,9224],"_links":{"self":[{"href":"https:\/\/www.travelbymexico.com\/blog\/wp-json\/wp\/v2\/posts\/17782"}],"collection":[{"href":"https:\/\/www.travelbymexico.com\/blog\/wp-json\/wp\/v2\/posts"}],"about":[{"href":"https:\/\/www.travelbymexico.com\/blog\/wp-json\/wp\/v2\/types\/post"}],"author":[{"embeddable":true,"href":"https:\/\/www.travelbymexico.com\/blog\/wp-json\/wp\/v2\/users\/2"}],"replies":[{"embeddable":true,"href":"https:\/\/www.travelbymexico.com\/blog\/wp-json\/wp\/v2\/comments?post=17782"}],"version-history":[{"count":6,"href":"https:\/\/www.travelbymexico.com\/blog\/wp-json\/wp\/v2\/posts\/17782\/revisions"}],"predecessor-version":[{"id":17790,"href":"https:\/\/www.travelbymexico.com\/blog\/wp-json\/wp\/v2\/posts\/17782\/revisions\/17790"}],"wp:featuredmedia":[{"embeddable":true,"href":"https:\/\/www.travelbymexico.com\/blog\/wp-json\/wp\/v2\/media\/17783"}],"wp:attachment":[{"href":"https:\/\/www.travelbymexico.com\/blog\/wp-json\/wp\/v2\/media?parent=17782"}],"wp:term":[{"taxonomy":"category","embeddable":true,"href":"https:\/\/www.travelbymexico.com\/blog\/wp-json\/wp\/v2\/categories?post=17782"},{"taxonomy":"post_tag","embeddable":true,"href":"https:\/\/www.travelbymexico.com\/blog\/wp-json\/wp\/v2\/tags?post=17782"}],"curies":[{"name":"wp","href":"https:\/\/api.w.org\/{rel}","templated":true}]}}