{"id":17750,"date":"2015-07-20T10:32:34","date_gmt":"2015-07-20T15:32:34","guid":{"rendered":"http:\/\/www.travelbymexico.com\/blog\/?p=17750"},"modified":"2015-07-19T00:44:44","modified_gmt":"2015-07-19T05:44:44","slug":"festival-internacional-de-musica-de-camara-2015-de-san-miguel-de-allende","status":"publish","type":"post","link":"https:\/\/www.travelbymexico.com\/blog\/17750-festival-internacional-de-musica-de-camara-2015-de-san-miguel-de-allende\/","title":{"rendered":"Festival Internacional de M\u00fasica de C\u00e1mara 2015 de San Miguel de Allende"},"content":{"rendered":"<h2>Desde su creaci\u00f3n en 1979, la ciudad colonial de San Miguel de Allende, es la sede cada verano de uno los encuentros musicales m\u00e1s prestigiosos de M\u00e9xico y Am\u00e9rica Latina en el que se presentan algunos de los conjuntos de m\u00fasica cl\u00e1sica m\u00e1s laureados alrededor del mundo : el Festival Internacional de M\u00fasica de C\u00e1mara de San Miguel de Allende cuya edici\u00f3n n\u00famero 37 se realizar\u00e1 en el peque\u00f1o e hist\u00f3rico Teatro \u00c1ngela Peralta del 31 de Julio 31 y hasta el 22 de agosto de 2015.<\/h2>\n<p>El <strong>Festival Internacional de M\u00fasica de C\u00e1mara de San Miguel de Allende<\/strong> es el \u00fanico encuentro internacional en M\u00e9xico especializado en la pr\u00e1ctica, el estudio y la difusi\u00f3n de la m\u00fasica de c\u00e1mara.<\/p>\n<h3>Programa Acad\u00e9mico los fines de semana<\/h3>\n<p>El Festival Internacional de M\u00fasica de C\u00e1mara San Miguel de Allende es un espacio de disfrute y ense\u00f1anza musical que enriquece el panorama art\u00edstico de M\u00e9xico. A\u00f1o tras a\u00f1o, ha consolidado su fama y ha apoyado a m\u00e1s de 1,000 j\u00f3venes m\u00fasicos estudiantes de nivel avanzado de M\u00e9xico y Am\u00e9rica del Norte a trav\u00e9s de su <strong>Programa de Composici\u00f3n<\/strong> el cual les ofrece la oportunidad de participar en talleres y clases magistrales dirigidas por el cuarteto en residencia del Festival, as\u00ed como por los grupos invitados que se presentan en concierto.<\/p>\n<h3>Programa de conciertos<\/h3>\n<p>Viernes 31 de Julio 2015 a las 19:00 horas.<br \/>\n<strong>Calder Quartet<\/strong> (Benjamin Jacobson, Andrew Bulbrook, violin; Jonathan Moerschel, viola; Eric Byers, cello)<br \/>\n<em>Ludwig Van Beethoven, Thomas Ad\u00e8s.<\/em><br \/>\nBoletos: $525, $400, $175 MXN.<\/p>\n<p>S\u00e1bado 1 de agosto 2015 a las 19:00 horas.<br \/>\n<strong>Calder Quartet<\/strong> (Benjamin Jacobson, Andrew Bulbrook, violin; Jonathan Moerschel, viola; Eric Byers, cello)<br \/>\n<em>Ludwig Van Beethoven, Esa-Pekka Salonen.<\/em><br \/>\nBoletos: $525, $400, $175 MXN.<\/p>\n<p>Mi\u00e9rcoles 5 de agosto 2015 a las 19:00 horas.<br \/>\n<strong>Daniel Rodr\u00edguez<\/strong>, piano, <strong>Daniel Rodr\u00edguez Badillo<\/strong>, violin<br \/>\n<em>Robert Schumann, Johannes Brahms.<\/em><br \/>\nBoletos: $200 MXN.<\/p>\n<p>Viernes 7 de agosto 2015 a las 19:00 horas.<br \/>\n<strong>Chee-Yun \/ Sutter \/ Paremski Trio<\/strong><br \/>\nJohan Halvorsen, Johannes Brahms, Felix Mendelssohn.<br \/>\nBoletos: $525, $400, $175 MXN.<\/p>\n<p>S\u00e1bado 8 de agosto 2015 a las 19:00 horas.<br \/>\n<strong>Chee-Yun \/ Sutter \/ Paremski Trio<\/strong><br \/>\n<em>Johann Sebastian Bach, Gaspar Cassado, Mily Balakirev, Zolt\u00e1n Kod\u00e1ly, \u00c1stor Piazzolla.<\/em><br \/>\nBoletos: $525, $400, $175 MXN.<\/p>\n<p>Mi\u00e9rcoles 12 de agosto 2015 a las 19:00 horas.<br \/>\n<strong>Onix Ensamble<\/strong><br \/>\n<em>Federico Ibarra, George Crumb, Michael Nyman, Alejandro Cardona, Armando Luna.<\/em><br \/>\nBoletos: $200 MXN.<\/p>\n<p>Viernes 14 de agosto 2015 a las 19:00 horas.<br \/>\n<strong>Parker Quartet<\/strong><br \/>\n<em>Wolfgang Amadeus Mozart, Augusta Read Thomas, Johannes Brahms.<\/em><br \/>\nBoletos: $525, $400, $175 MXN.<\/p>\n<p>S\u00e1bado 15 de agosto 2015 a las 19:00 horas.<br \/>\nParker Quartet<br \/>\n<em>Felix Mendelssohn, Tan Dun, Pyotr Ilyich Tchaikovsky.<\/em><br \/>\nBoletos: $525, $400, $175 MXN.<\/p>\n<p>Mi\u00e9rcoles 19 de agosto 2015 a las 19:00 horas.<br \/>\n<strong>Claudio Herrera<\/strong>, piano<br \/>\n<em>Fr\u00e9d\u00e9ric Chopin, Alexander Scriabin.<\/em><br \/>\nBoletos: $200 MXN.<\/p>\n<p>Viernes 21 de agosto 2015 a las 19:00 horas.<br \/>\n<strong>Hermitage Piano Trio<\/strong> (Misha Keylin \/ Sergey Antonov \/ Ilya Kazantsev)<br \/>\n<em>Dmitri Shostakovich, Anton Arensky, Sergei Rachmaninoff.<\/em><br \/>\nBoletos: $525, $400, $175 MXN.<\/p>\n<p>S\u00e1bado 22 de agosto 2015 a las 19:00 horas.<br \/>\n<strong>Hermitage Piano Trio<\/strong> (Misha Keylin \/ Sergey Antonov \/ Ilya Kazantsev).<br \/>\n<em>Ludwig Van Beethoven, Jean Sibelius, Franz Schubert, Johannes Brahms.<\/em><br \/>\nBoletos: $525, $400, $175 MXN.<\/p>\n<h3>Boletos a la venta en<\/h3>\n<p><strong>Bellas Artes<\/strong> Oficina del Festival (en el 2o. Piso) desde el 1 de julio. De 10:30 a 16:00 horas.<br \/>\nHernandez Mac\u00edas No.75, Col. Centro, San Miguel de Allende, GTO.<\/p>\n<p><a title=\"Teatro Angela Peralta en San Miguel de Allende, Gto\" href=\"http:\/\/www.travelbymexico.com\/sanmigueldeallende\/atractivos\/?nom=ksmateatroperalta\" target=\"_blank\"><strong>Teatro Angela Peralta<\/strong><\/a> a partir del 24 de Julio<br \/>\nMesones No. 82 esq. Hern\u00e1ndez Mac\u00edas, Col. Centro San Miguel de Allende, GTO.<br \/>\nTel. (415) 152 22 00.<\/p>\n<p><strong><a title=\"Reserva tu hotel en la ciudad de San Miguel de Allende, Guanajuato\" href=\"http:\/\/www.travelbymexico.com\/sanmigueldeallende\/hoteles\" target=\"_blank\">Reserva tu hotel en la ciudad de San Miguel de Allende, Guanajuato. <\/a><\/strong><\/p>\n<p>Teatro Angela Peralta a partir del 24 de Julio<br \/>\nMesones No. 82 esq. Hern\u00e1ndez Mac\u00edas, Col. Centro San Miguel de Allende, GTO.<br \/>\nTel. (415) 152 22 00.<\/p>\n","protected":false},"excerpt":{"rendered":"<p>Desde su creaci\u00f3n en 1979, la ciudad colonial de San Miguel de Allende, es la sede cada verano de uno<\/p>\n","protected":false},"author":2,"featured_media":17751,"comment_status":"closed","ping_status":"closed","sticky":false,"template":"","format":"standard","meta":[],"categories":[36,912],"tags":[9190,2715,9197,9196,6139,9195,5205,9189,5197,5206,470,9194,1634,9188,9185,9187,9193,3222,2031,1879,897,1635,1052,9192,1126,5210,9198,9191,9186],"_links":{"self":[{"href":"https:\/\/www.travelbymexico.com\/blog\/wp-json\/wp\/v2\/posts\/17750"}],"collection":[{"href":"https:\/\/www.travelbymexico.com\/blog\/wp-json\/wp\/v2\/posts"}],"about":[{"href":"https:\/\/www.travelbymexico.com\/blog\/wp-json\/wp\/v2\/types\/post"}],"author":[{"embeddable":true,"href":"https:\/\/www.travelbymexico.com\/blog\/wp-json\/wp\/v2\/users\/2"}],"replies":[{"embeddable":true,"href":"https:\/\/www.travelbymexico.com\/blog\/wp-json\/wp\/v2\/comments?post=17750"}],"version-history":[{"count":1,"href":"https:\/\/www.travelbymexico.com\/blog\/wp-json\/wp\/v2\/posts\/17750\/revisions"}],"predecessor-version":[{"id":17752,"href":"https:\/\/www.travelbymexico.com\/blog\/wp-json\/wp\/v2\/posts\/17750\/revisions\/17752"}],"wp:featuredmedia":[{"embeddable":true,"href":"https:\/\/www.travelbymexico.com\/blog\/wp-json\/wp\/v2\/media\/17751"}],"wp:attachment":[{"href":"https:\/\/www.travelbymexico.com\/blog\/wp-json\/wp\/v2\/media?parent=17750"}],"wp:term":[{"taxonomy":"category","embeddable":true,"href":"https:\/\/www.travelbymexico.com\/blog\/wp-json\/wp\/v2\/categories?post=17750"},{"taxonomy":"post_tag","embeddable":true,"href":"https:\/\/www.travelbymexico.com\/blog\/wp-json\/wp\/v2\/tags?post=17750"}],"curies":[{"name":"wp","href":"https:\/\/api.w.org\/{rel}","templated":true}]}}