{"id":17693,"date":"2015-07-01T10:53:49","date_gmt":"2015-07-01T15:53:49","guid":{"rendered":"http:\/\/www.travelbymexico.com\/blog\/?p=17693"},"modified":"2015-06-27T01:07:58","modified_gmt":"2015-06-27T06:07:58","slug":"expo-reposteria-mx-2015-en-puebla-panaderia-chocolate-talleres-y-mas","status":"publish","type":"post","link":"https:\/\/www.travelbymexico.com\/blog\/17693-expo-reposteria-mx-2015-en-puebla-panaderia-chocolate-talleres-y-mas\/","title":{"rendered":"Expo Reposter\u00eda MX 2015 en Puebla: Panader\u00eda, chocolate, talleres y m\u00e1s\u2026"},"content":{"rendered":"<h2>Exposici\u00f3n de car\u00e1cter Regional e Internacional, el &#8220;2\u00ba Festival de reposter\u00eda, panader\u00eda y chocolate Puebla 2015&#8221;\u00a0 es un evento dirigido a reposteros, panaderos profesionales, restaurantes, estudiantes y p\u00fablico en general, que se llevar\u00e1 a cabo del 17 al 19 de julio de 2015 en el Centro de Convenciones de Puebla.<\/h2>\n<h3>En su segunda edici\u00f3n, la Expo Reposter\u00eda MX 2015 en Puebla ofrecer\u00e1<\/h3>\n<p>&#8211; M\u00e1s de 60 proveedores en un solo lugar.<br \/>\n&#8211; Una exhibici\u00f3n de equipamiento, maquinar\u00eda, insumos, para la industria de la panader\u00eda y reposter\u00eda.<br \/>\n&#8211; Oportunidades de negocios<br \/>\n&#8211; Talleres y conferencias gratuitas por chefs reconocidos.<\/p>\n<h3>Chefs invitados \/ Conferencias y Talleres<\/h3>\n<p><strong>Chef Iv\u00e1n Mill\u00e1n<\/strong> &#8220;Postres casi sin az\u00facar&#8221;<br \/>\nChef Pastelero autor del libro: El Larousse de los Postres Casi sin Az\u00facar! Participante del desaf\u00edo de Buddy LATAM para Discovery h&amp;h<\/p>\n<p><strong>Chef Ana Ruiz<\/strong> &#8220;Wedding fondant cakes&#8221;<br \/>\n<em>Con m\u00e1s de 17 a\u00f1os en el medio gastron\u00f3mico la Chef Anna Ruiz ha encontrado en el fondant la mejor herramienta para expresar su arte.\u00a0 <\/em><\/p>\n<p><strong>Chef Olivier Fern\u00e1ndez<\/strong> (Barcelona)<br \/>\nDemostraci\u00f3n magistral (17 de julio de 16:00 a 17:00 hrs.)<br \/>\nDemostraci\u00f3n magistral (18 de julio de 16:00 a 17:00 hrs.)<\/p>\n<p><strong>Chef Alejandro Ortega<\/strong> (Par de France) &#8220;Chocolater\u00eda y reposter\u00eda&#8221;<br \/>\n<strong>Chef Damariz Flores<\/strong><br \/>\n<strong>Chef Noldy<\/strong> &#8220;Tartas como postre&#8221; | &#8220;Macarrones&#8221;<br \/>\n<strong>Chef Alan Tercero<\/strong> &#8220;Las nuevas tendencias de la pasteler\u00eda&#8221;<br \/>\n<strong>Chef Jesus Bautista<\/strong> &#8220;Variedad de cremas para reposter\u00eda&#8221;<\/p>\n<p><strong>Instituto Universitario Navarro<\/strong> &#8220;Pasteler\u00eda fina&#8221;<br \/>\n<strong>UPAN<\/strong> &#8220;Decoraci\u00f3n de cup cakes para ni\u00f1os&#8221; | &#8220;Panader\u00eda dulce salado&#8221;.<br \/>\n<strong>UPAEP<\/strong> &#8220;Mini pasteles&#8221; | &#8220;Cupcakes con fondant&#8221;<br \/>\n<strong>TURIN<\/strong> &#8220;Chocolater\u00eda fina&#8221;<br \/>\n<strong>Fleischmann<\/strong> &#8220;Lanzamientos de nuevos productos, pan de elote, pan de queso, y pi\u00f1a colada&#8221;.<\/p>\n<p><span style=\"text-decoration: underline;\"><strong>Consulta los horarios de los talleres<\/strong>: <\/span><\/p>\n<p>&#8211; Talleres viernes 17 de julio 2015 <a title=\"Talleres del viernes 17 de junio de 2015\" href=\"http:\/\/www.exporeposteria.mx\/talleres_17.html\" target=\"_blank\">http:\/\/www.exporeposteria.mx\/talleres_17.html<\/a><\/p>\n<p>&#8211; Talleres s\u00e1bado 18 de julio 2015 <a title=\"Talleres del s\u00e1bado 18 de junio de 2015\" href=\"www.exporeposteria.mx\/talleres_18.html\" target=\"_blank\">www.exporeposteria.mx\/talleres_18.html<\/a><\/p>\n<p>&#8211; Talleres domingo 19 de julio 2015 <a title=\"Talleres del domingo 19 de junio de 2015\" href=\"http:\/\/www.exporeposteria.mx\/talleres_19.html\" target=\"_blank\">http:\/\/www.exporeposteria.mx\/talleres_19.html <\/a><\/p>\n<h3>Horario \/ Costo \/ Direcci\u00f3n<\/h3>\n<p><strong>Expo Reposter\u00eda MX 2015 en Puebla<\/strong><\/p>\n<p>Viernes 17, s\u00e1bado 18 y domingo 19 de julio de 2015<\/p>\n<p><strong>Centro de Convenciones<\/strong> &#8220;William O. Jenkins&#8221; de la ciudad de Puebla.<br \/>\nDirecci\u00f3n: Boulevard H\u00e9roes del 5 de Mayo No. 402, Colonia Centro Hist\u00f3rico, 72000 Heroica Puebla de Zaragoza, Pue.<\/p>\n<p><strong>Horarios<\/strong>: de 11:00 hrs. a 20:00 hrs.<br \/>\n<strong>Costo de admisi\u00f3n<\/strong>: $50 pesos.\u00a0 Ni\u00f1os menores de 12 a\u00f1os no pagan.<\/p>\n","protected":false},"excerpt":{"rendered":"<p>Exposici\u00f3n de car\u00e1cter Regional e Internacional, el &#8220;2\u00ba Festival de reposter\u00eda, panader\u00eda y chocolate Puebla 2015&#8221;\u00a0 es un evento dirigido<\/p>\n","protected":false},"author":2,"featured_media":17694,"comment_status":"closed","ping_status":"closed","sticky":false,"template":"","format":"standard","meta":[],"categories":[37,17],"tags":[9097,9096,9095,9098,9094,5631,363,1858,9093,9101,9099,2629,1055,1157,9100],"_links":{"self":[{"href":"https:\/\/www.travelbymexico.com\/blog\/wp-json\/wp\/v2\/posts\/17693"}],"collection":[{"href":"https:\/\/www.travelbymexico.com\/blog\/wp-json\/wp\/v2\/posts"}],"about":[{"href":"https:\/\/www.travelbymexico.com\/blog\/wp-json\/wp\/v2\/types\/post"}],"author":[{"embeddable":true,"href":"https:\/\/www.travelbymexico.com\/blog\/wp-json\/wp\/v2\/users\/2"}],"replies":[{"embeddable":true,"href":"https:\/\/www.travelbymexico.com\/blog\/wp-json\/wp\/v2\/comments?post=17693"}],"version-history":[{"count":1,"href":"https:\/\/www.travelbymexico.com\/blog\/wp-json\/wp\/v2\/posts\/17693\/revisions"}],"predecessor-version":[{"id":17695,"href":"https:\/\/www.travelbymexico.com\/blog\/wp-json\/wp\/v2\/posts\/17693\/revisions\/17695"}],"wp:featuredmedia":[{"embeddable":true,"href":"https:\/\/www.travelbymexico.com\/blog\/wp-json\/wp\/v2\/media\/17694"}],"wp:attachment":[{"href":"https:\/\/www.travelbymexico.com\/blog\/wp-json\/wp\/v2\/media?parent=17693"}],"wp:term":[{"taxonomy":"category","embeddable":true,"href":"https:\/\/www.travelbymexico.com\/blog\/wp-json\/wp\/v2\/categories?post=17693"},{"taxonomy":"post_tag","embeddable":true,"href":"https:\/\/www.travelbymexico.com\/blog\/wp-json\/wp\/v2\/tags?post=17693"}],"curies":[{"name":"wp","href":"https:\/\/api.w.org\/{rel}","templated":true}]}}