{"id":17685,"date":"2015-06-23T11:26:38","date_gmt":"2015-06-23T16:26:38","guid":{"rendered":"http:\/\/www.travelbymexico.com\/blog\/?p=17685"},"modified":"2015-06-23T11:50:55","modified_gmt":"2015-06-23T16:50:55","slug":"expo-restaurantes-2015-del-24-al-26-de-junio-en-mexico-d-f","status":"publish","type":"post","link":"https:\/\/www.travelbymexico.com\/blog\/17685-expo-restaurantes-2015-del-24-al-26-de-junio-en-mexico-d-f\/","title":{"rendered":"Expo Restaurantes 2015, del 24 al 26 de junio en M\u00e9xico D.F."},"content":{"rendered":"<h2>Del mi\u00e9rcoles 24 al viernes 26 de junio del presente, el World Trade Center de la ciudad de M\u00e9xico ser\u00e1 la sede de la d\u00e9cimo quinta edici\u00f3n de Exporestaurantes, un evento exclusivo para profesionales de la Industr\u00eda Gastron\u00f3mica (mayores de 21 a\u00f1os) que albergar\u00e1 este a\u00f1o a m\u00e1s de 300 expositores y 5,000 productos.<\/h2>\n<h2>Conjuntamente a Exporestaurante 2015 se llevar\u00e1 a cabo la novena edici\u00f3n de &#8216;Pescamar&#8217;, la exposici\u00f3n de pescados y mariscos m\u00e1s importante de M\u00e9xico.<\/h2>\n<p>Exporestaurantes es la \u00fanica exposici\u00f3n 100% dirigida al sector gastron\u00f3mico y la mejor exposici\u00f3n en su g\u00e9nero en M\u00e9xico y Latinoam\u00e9rica.<\/p>\n<p>Ah\u00ed encontrar\u00e1s m\u00e1s de 300 expositores cientos de contratos de compra-venta. y 5,000 productos; la mejor selecci\u00f3n de productos, servicios y soluciones profesionales relacionados con la industria restaurantera.<\/p>\n<h3>Pescamar<\/h3>\n<p>La novena edici\u00f3n de Pescamar se llevar\u00e1 a cabo tambi\u00e9n del 24 al 26 de junio, dando a conocer la gran variedad de productos y servicios de la industria pesquera y acu\u00edcola de M\u00e9xico. Para mayores informes: <a title=\"Pescamar 2015, La exposici\u00f3n de pescados y mariscos m\u00e1s importante de M\u00e9xico. \" href=\"http:\/\/www.pescamar.com.mx\" target=\"_blank\">http:\/\/www.pescamar.com.mx<\/a><\/p>\n<h3>Productos &#8216;sin gluten&#8217;<\/h3>\n<p>En Exporestaurantes 2015 encontrar\u00e1s un &#8220;Pabell\u00f3n de productos sin gluten&#8221;<\/p>\n<p>Las intolerancias y alergias a los alimentos que contienen gluten (prote\u00edna contenida principalmente en algunos cereales como trigo, centeno, cebada y avena) cada d\u00eda son m\u00e1s comunes; por ello, la industria de los alimentos est\u00e1 dando un giro a este nicho de oportunidad, desarrollando alimentos SIN GLUTEN.<\/p>\n<h3>\u00bfCu\u00e1ndo y d\u00f3nde?<\/h3>\n<p>Del 24 al 26 de junio de 2015 en el &#8220;Salon Mayas&#8221; del <strong>World Trade Center<\/strong> (WTC), Montecito No. 38, N\u00e1poles, Del. Benito Ju\u00e1rez, Ciudad de M\u00e9xico, D.F. Tel\u00e9fono: 01 55 9000 6000<\/p>\n<p>Horario: 10:00 a 18:00 horas. M\u00e9xico, D.F.<\/p>\n<h3>Costo de admisi\u00f3n<\/h3>\n<p>Costo: $200.00 pesos por persona.<\/p>\n<h3><strong>*<\/strong>Programa de actividades &#8211; Exporestaurantes 2015<\/h3>\n<h3>Mi\u00e9rcoles 24 de junio de 2015<\/h3>\n<p>13:00-14:00 hrs. Problem\u00e1tica y Avances en la informaci\u00f3n sobre la Producci\u00f3n Org\u00e1nica en M\u00e9xico.<br \/>\nConferencia Lic. Patricia Ornelas Ruiz<br \/>\nDirectora en Jefe del Servicio de Informaci\u00f3n Agroalimentaria y Pesquera SIAP<\/p>\n<p>16:00 &#8211; 16:45 hrs. <strong>La certificaci\u00f3n y el Distintivo Nacional Org\u00e1nico<\/strong><br \/>\nConferencia<br \/>\nM.C. Aurora Josefina Lobato Garc\u00eda<br \/>\nDirectora General de Inocuidad Agroalimentaria, Acu\u00edcola y Pesquera SENASICA.<\/p>\n<p>17:00 &#8211; 18:15 hrs.<\/p>\n<p>La importancia de los ma\u00edces nativos en las cocinas tradicionales de M\u00e9xico<br \/>\nMesa redonda. Modera: Am\u00e9rica Pedraza.<br \/>\n<span style=\"text-decoration: underline;\">Temas y Expositores:<\/span><br \/>\n&#8220;La presencia del ma\u00edz en el C\u00f3dice Florentino&#8221;, Jiapsy Arias Gonz\u00e1lez.<br \/>\n&#8220;La diversidad de ma\u00edces y sus parientes silvestres en M\u00e9xico&#8221;, Cecilio Mota Cruz.<br \/>\n&#8220;La transmisi\u00f3n de saberes y sabores, como actividad cultural identitaria&#8221;, Leonor Cano Gardu\u00f1o.<br \/>\n&#8220;Uso y consumo de los ma\u00edces nativos en Tlaxcala&#8221;, Irad Santacruz Arciniega.<\/p>\n<p>18:30 \u2013 19:30 hrs. Pasarela: &#8220;Moda en la Cocina&#8221;<\/p>\n<h3>Jueves 25 de junio de 2015<\/h3>\n<p>13:00 &#8211; 13:45 hrs. Homologaci\u00f3n Org\u00e1nica con E.E.U.U y la Union Europea<br \/>\nConferencia<br \/>\nDr. Hugo Fragoso S\u00e1nchez. Dir. Gral. De Inocuidad Agroalimentaria, Acu\u00edcola y Pesquera SENASICA<\/p>\n<p>16:00 &#8211; 17:15 hrs. Mesa redonda: <strong>M\u00e9xico y los productos Org\u00e1nicos<\/strong><br \/>\nModera: Lic. Georgius Gotsis Fontes<br \/>\nCoordinador General de Promoci\u00f3n Comercial y Fomento a las Exportaciones ASERCA.<\/p>\n<p><span style=\"text-decoration: underline;\"><strong>Temas y Expositores<\/strong><\/span>:<br \/>\n1. <em><strong>Los org\u00e1nicos en los autoservicios<\/strong><\/em>. Enrique Hern\u00e1ndez Pons.<br \/>\n2.<em> <strong>La oferta de los productos org\u00e1nicos en M\u00e9xico<\/strong><\/em>. Ra\u00fal Katthain Alarc\u00f3n<br \/>\n3. <em><strong>Un caso de \u00e9xito, la producci\u00f3n de hortalizas org\u00e1nicas<\/strong><\/em>. Lucio Usobiaga Hegewish.<br \/>\n17:30 &#8211; 18:15 hrs.<em><strong> Las t\u00e9cnicas culinarias ind\u00edgenas<\/strong><\/em>. Conferencia: Jos\u00e9 Luis Curiel Monteagudo<\/p>\n<p>18:30 &#8211; 19:15 hrs. Alternativas tecnol\u00f3gicas para el aprovechamiento de recursos alimentarios tradicionales de M\u00e9xico.<br \/>\nConferencia: Josefina Morales Guerrero.<\/p>\n<h3>Viernes 26 de junio de 2015<\/h3>\n<p>13:00 &#8211; 13:45 hrs. Apoyos a la Producci\u00f3n Org\u00e1nica y la Certificaci\u00f3n Nacional<br \/>\nConferencia<br \/>\nMtro. Juan Jos\u00e9 Linares Mart\u00ednez. Director General de Normalizaci\u00f3n Agroalimentaria SAGARPA.<\/p>\n<p>16:00 &#8211; 16:45 hrs. Certificaci\u00f3n Nacional de Materias Primas e Insumos org\u00e1nicos<br \/>\nConferencia<br \/>\nGuillermo Cadena \u00c1vila<br \/>\nPresidente de la Asociaci\u00f3n Mexicana de Productores,Formuladores y distribuidores de Insumos Org\u00e1nicos, Biol\u00f3gicos y Ecol\u00f3gcos, A.C.<\/p>\n<p>17:00 &#8211; 18:30 hrs. Pasarela: &#8220;Moda en la Cocina&#8221;<\/p>\n<p><em><strong>*<\/strong>Este programa est\u00e1 sujeto a cambios por razones de fuerza mayor.<\/em><\/p>\n<h3>Art\u00edculo relacionado<\/h3>\n<p><strong><a title=\"Guanajuato s\u00ed sabe: Cumbre Internacional de la Gastronom\u00eda hasta el 21 de junio de 2015\" href=\"http:\/\/www.travelbymexico.com\/blog\/17637-guanajuato-si-sabe-cumbre-internacional-de-la-gastronomia-en-guanajuato-hasta-el-21-de-junio-de-2015\" target=\"_blank\">Guanajuato s\u00ed sabe: Cumbre Internacional de la Gastronom\u00eda hasta el 21 de junio de 2015<\/a><\/strong><\/p>\n","protected":false},"excerpt":{"rendered":"<p>Del mi\u00e9rcoles 24 al viernes 26 de junio del presente, el World Trade Center de la ciudad de M\u00e9xico ser\u00e1<\/p>\n","protected":false},"author":2,"featured_media":17686,"comment_status":"closed","ping_status":"closed","sticky":false,"template":"","format":"standard","meta":[],"categories":[36],"tags":[9090,363,9086,9087,509,604,9089,6971,816,9092,9091,1050,1139,9088,1281],"_links":{"self":[{"href":"https:\/\/www.travelbymexico.com\/blog\/wp-json\/wp\/v2\/posts\/17685"}],"collection":[{"href":"https:\/\/www.travelbymexico.com\/blog\/wp-json\/wp\/v2\/posts"}],"about":[{"href":"https:\/\/www.travelbymexico.com\/blog\/wp-json\/wp\/v2\/types\/post"}],"author":[{"embeddable":true,"href":"https:\/\/www.travelbymexico.com\/blog\/wp-json\/wp\/v2\/users\/2"}],"replies":[{"embeddable":true,"href":"https:\/\/www.travelbymexico.com\/blog\/wp-json\/wp\/v2\/comments?post=17685"}],"version-history":[{"count":5,"href":"https:\/\/www.travelbymexico.com\/blog\/wp-json\/wp\/v2\/posts\/17685\/revisions"}],"predecessor-version":[{"id":17692,"href":"https:\/\/www.travelbymexico.com\/blog\/wp-json\/wp\/v2\/posts\/17685\/revisions\/17692"}],"wp:featuredmedia":[{"embeddable":true,"href":"https:\/\/www.travelbymexico.com\/blog\/wp-json\/wp\/v2\/media\/17686"}],"wp:attachment":[{"href":"https:\/\/www.travelbymexico.com\/blog\/wp-json\/wp\/v2\/media?parent=17685"}],"wp:term":[{"taxonomy":"category","embeddable":true,"href":"https:\/\/www.travelbymexico.com\/blog\/wp-json\/wp\/v2\/categories?post=17685"},{"taxonomy":"post_tag","embeddable":true,"href":"https:\/\/www.travelbymexico.com\/blog\/wp-json\/wp\/v2\/tags?post=17685"}],"curies":[{"name":"wp","href":"https:\/\/api.w.org\/{rel}","templated":true}]}}