{"id":17670,"date":"2015-06-19T22:43:23","date_gmt":"2015-06-20T03:43:23","guid":{"rendered":"http:\/\/www.travelbymexico.com\/blog\/?p=17670"},"modified":"2015-06-19T22:45:38","modified_gmt":"2015-06-20T03:45:38","slug":"arranco-el-festival-letras-2015-en-tepic-con-los-mejores-escritores-de-mexico","status":"publish","type":"post","link":"https:\/\/www.travelbymexico.com\/blog\/17670-arranco-el-festival-letras-2015-en-tepic-con-los-mejores-escritores-de-mexico\/","title":{"rendered":"Arranc\u00f3 el Festival Letras 2015 en Tepic con los mejores escritores de M\u00e9xico"},"content":{"rendered":"<h2>En este peque\u00f1o festival de una duraci\u00f3n de tres d\u00edas, escritores, intelectuales y periodistas presentar\u00e1n sus obras, y ofrecer\u00e1n charlas y lecturas de cuentos y poes\u00edas.<\/h2>\n<p>Considerado como el evento literario y cultural de mayor relevancia en la historia de Nayarit, el <strong>Primer Festival Letras 2015<\/strong> fue inaugurado hoy en el patio central de la Presidencia de Tepic, Nayarit, por el alcalde Leopoldo Dom\u00ednguez, quien impuls\u00f3 esta iniciativa junto con la comunicadora y promotora cultural Lorena Elizabeth Hern\u00e1ndez, tambi\u00e9n presente, y el Dr. Polo Dom\u00ednguez, Gualalupe Loaeza, Laura Garc\u00eda, Claudio Marcucetti, entre otras escritores.<\/p>\n<h3>Participar\u00e1n los mejores escritores de M\u00e9xico<\/h3>\n<p>Nicol\u00e1s Alvarado | Alberto Barrera | Raquel Castro | Roc\u00edo Cer\u00f3n | Alberto Chimal | Sandra Frid | Sergio Gonz\u00e1lez Rodr\u00edguez | Francisco Hinojosa | Tanya Huntington | JISyTrino | Guadalupe Loaeza | Claudia Marcucetti | \u00c9lmer Mendoza | Antonio Ortu\u00f1o | Julio Pat\u00e1n | Beatriz Rivas | Benito Taibo | Eduardo V\u00e1zquez | Armando Vega Gil | Xavier Velasco | Juan Villoro.<\/p>\n<h3>\u00bfCu\u00e1ndo y d\u00f3nde?<\/h3>\n<p>Del viernes 19 al domingo 21 de junio en el patio central de la Presidencia de Tepic, capital del Estado de Nayarit.<\/p>\n<h3>Programa de eventos<\/h3>\n<h3>Domingo 21 de junio de 2015<\/h3>\n<p>12:30 &#8211; 13:30 hrs. Lectura de cuentos. Participan \u00c9lmer Mendoza, Alejandro Barr\u00f3n y Paola Tinoco.<\/p>\n<p>13:30 &#8211; 13:45 hrs. <strong>Clausura<\/strong> del Festival Letras en Tepic 2015<\/p>\n<h3>S\u00e1bado 20 de junio de 2015<\/h3>\n<p>11:00 &#8211; 12:00 hrs. Presentaci\u00f3n del libro infantil &#8220;Un marcial y un ciempi\u00e9s&#8221; de Armando Vega Gil, con la presencia del autor y su Ukulele M\u00e1gico.<\/p>\n<p>12:00 &#8211; 13:00 hrs. Presentaci\u00f3n del libro &#8220;Luna de Gatos&#8221;, de JIS, con Carlos L\u00f3pez de Alba y el autor.<\/p>\n<p>13:00 &#8211; 14:00 hrs. Lectura y charla de poes\u00eda.<br \/>\nParticipan Roc\u00edo Cer\u00f3n, Tanya Huntington, Eduardo V\u00e1zquez y Cristina Aguilera.<\/p>\n<p>14:00 &#8211; 16:00 hrs. Receso.<\/p>\n<p>16:00 &#8211; 16:45 hrs. Presentaci\u00f3n del libro &#8220;Dark dolo&#8221; de Raquel Castro, con Rodolfo Dagnino y la autora.<\/p>\n<p>16:45 &#8211; 17:30 hrs. Presentaci\u00f3n del libro &#8220;Fila india&#8221; de Antonio Ortu\u00f1o, con Laura Garc\u00eda, Alehandro Barr\u00f3n y el autor.<\/p>\n<p>17:30 &#8211; 18:15 hrs. Presentaci\u00f3n del libro &#8220;El gato del viajero del tiempo&#8221; de Alberto Chimal, con Ariel Gonz\u00e1lez y el autor.<\/p>\n<p>18:15 &#8211; 19:00 hrs. Presentaci\u00f3n del libro &#8220;Reina de reyes&#8221; de Sandra Frid, con Claudia Marcucetti, Laura Medina y la autora.<\/p>\n<p>19:00 &#8211; 20:00 hrs. &#8220;Periodismo cultural hoy&#8221; con Yuriria Sierra, Ariel Gonz\u00e1lez y Karina Cancino.<\/p>\n<p>20:00 &#8211; 21:00 hrs. &#8220;Jam Monero&#8221; con JIS Trino.<\/p>\n<h3>Viernes 19 de Junio de 2015<\/h3>\n<p>11:00 -11:30 hrs. <strong>Inauguraci\u00f3n<\/strong><br \/>\nCon la participaci\u00f3n de Gualalupe Loaeza, Laura Garc\u00eda, Claudia Marcucetti, entre otras escritores y el Dr. Polo Dom\u00ednguez, Presidente Municipal de Tepic.<\/p>\n<p>11:30 &#8211; 12:30 hrs. Presentaci\u00f3n del libro &#8220;Las ni\u00f1as bien reloaded&#8221; de Guadalupe Loenza, con Lorena Elizabeth Hern\u00e1ndez, Laura Garc\u00eda y la autora.<\/p>\n<p>12:30 &#8211; 13:30 hrs. Charla de Benito Taibo para j\u00f3venes, presentado por Laura Medina y Laura Garc\u00eda.<\/p>\n<p>13:30 &#8211; 14:30 hrs. Presentaci\u00f3n del libro &#8220;Dios se fue de viaje&#8221; de Beatriz Rivas con Armando Vega Gil, Claudia Marcucetti y la autora.<\/p>\n<p>14:30 &#8211; 16:00 hrs. Receso.<\/p>\n<p>16:00 &#8211; 17:00 hrs. Conversaci\u00f3n &#8220;Literatura y violencia&#8221;. Participan Sergio Gonz\u00e1lez Rodr\u00edguez, \u00c9lmer Mendoza y Benito Taibo.<\/p>\n<p>17:00 &#8211; 18:00 hrs. &#8220;Mis queridos autores (o de aquellos aliados invisibles que hicieron de un lector un autor m\u00e1s)&#8221;, Lourdes Pacheco entrevista a Xavier Velasco.<\/p>\n<p>18:00 &#8211; 19:00 hrs. Conversaci\u00f3n &#8220;Literatura y alcohol&#8221;. Participan Julio Pat\u00e1n, Armando Vega Gil y Paola Tinoco.<\/p>\n<p>19:00 &#8211; 20:00 hrs. &#8220;Escritores en tres pistas&#8221;. Nicol\u00e1s Alvarado entrevista a Juan Villoro, Francisco Hinojosa y Alberto Barrera.<\/p>\n","protected":false},"excerpt":{"rendered":"<p>En este peque\u00f1o festival de una duraci\u00f3n de tres d\u00edas, escritores, intelectuales y periodistas presentar\u00e1n sus obras, y ofrecer\u00e1n charlas<\/p>\n","protected":false},"author":2,"featured_media":17671,"comment_status":"closed","ping_status":"closed","sticky":false,"template":"","format":"standard","meta":[],"categories":[9,36],"tags":[9080,8257,3612,9074,9070,9075,9076,9068,9069,9073,9079,9071,9077,9078,2977,4492,9072],"_links":{"self":[{"href":"https:\/\/www.travelbymexico.com\/blog\/wp-json\/wp\/v2\/posts\/17670"}],"collection":[{"href":"https:\/\/www.travelbymexico.com\/blog\/wp-json\/wp\/v2\/posts"}],"about":[{"href":"https:\/\/www.travelbymexico.com\/blog\/wp-json\/wp\/v2\/types\/post"}],"author":[{"embeddable":true,"href":"https:\/\/www.travelbymexico.com\/blog\/wp-json\/wp\/v2\/users\/2"}],"replies":[{"embeddable":true,"href":"https:\/\/www.travelbymexico.com\/blog\/wp-json\/wp\/v2\/comments?post=17670"}],"version-history":[{"count":4,"href":"https:\/\/www.travelbymexico.com\/blog\/wp-json\/wp\/v2\/posts\/17670\/revisions"}],"predecessor-version":[{"id":17675,"href":"https:\/\/www.travelbymexico.com\/blog\/wp-json\/wp\/v2\/posts\/17670\/revisions\/17675"}],"wp:featuredmedia":[{"embeddable":true,"href":"https:\/\/www.travelbymexico.com\/blog\/wp-json\/wp\/v2\/media\/17671"}],"wp:attachment":[{"href":"https:\/\/www.travelbymexico.com\/blog\/wp-json\/wp\/v2\/media?parent=17670"}],"wp:term":[{"taxonomy":"category","embeddable":true,"href":"https:\/\/www.travelbymexico.com\/blog\/wp-json\/wp\/v2\/categories?post=17670"},{"taxonomy":"post_tag","embeddable":true,"href":"https:\/\/www.travelbymexico.com\/blog\/wp-json\/wp\/v2\/tags?post=17670"}],"curies":[{"name":"wp","href":"https:\/\/api.w.org\/{rel}","templated":true}]}}