{"id":17571,"date":"2015-05-30T21:58:25","date_gmt":"2015-05-31T02:58:25","guid":{"rendered":"http:\/\/www.travelbymexico.com\/blog\/?p=17571"},"modified":"2015-06-02T18:20:35","modified_gmt":"2015-06-02T23:20:35","slug":"hoy-inicio-la-feria-de-corpus-christi-2015-en-papantla","status":"publish","type":"post","link":"https:\/\/www.travelbymexico.com\/blog\/17571-hoy-inicio-la-feria-de-corpus-christi-2015-en-papantla\/","title":{"rendered":"Hoy inici\u00f3 la Feria de Corpus Christi 2015 en Papantla"},"content":{"rendered":"<h2>El municipio de Papantla de Olarte, Veracruz, te invita a asistir a la edici\u00f3n 58 de la m\u00e1xima expresi\u00f3n de su identidad: la &#8216;Feria de Corpus Christi&#8217; por celebrarse del s\u00e1bado 30 de mayo al domingo 7 de junio 2015.<\/h2>\n<p><strong>Espect\u00e1culo de luz y sonido<\/strong>, multimedia y baile <strong>Festival Xanath<\/strong>; <strong>Cabalgata<\/strong> Corpus Christi 2015; Desfile y ofrenda al <a title=\"Voladores de Papantla, hombres p\u00e1jaros de M\u00e9xico\" href=\"http:\/\/www.travelbymexico.com\/blog\/5696-voladores-de-papantla-hombres-pajaros-de-mexico\" target=\"_blank\">Volador<\/a>; <strong>Carrera Atl\u00e9tica<\/strong> 10KM; Coronaci\u00f3n de la Corte Real de la Feria, bailes, <strong>conciertos<\/strong> de artistas nacionales, entre ellos Fidel Rueda y Jenny &amp; the Mexicats; conferencia impartida por un fot\u00f3grafo del <em>National Geographic<\/em> acerca de la Zona Arqueol\u00f3gica de <a title=\"Acerca de la Zona Arqueol\u00f3gica de Taj\u00edn\" href=\"http:\/\/www.travelbymexico.com\/blog\/1766-tajin-zona-arqueologica\" target=\"_blank\">El Taj\u00edn<\/a>; <strong>Expo Ganadera<\/strong>; <strong>corrida<\/strong>, concurso de lazo en el Lienzo Charro; Campeonato de <strong>Boxeo<\/strong> profesional, presentaci\u00f3n de arte, m\u00fasica y <strong>folklore<\/strong>; <strong>Festival del Mole<\/strong>; <strong>Ceremonias religiosas<\/strong>, y mucho m\u00e1s eventos y diversi\u00f3n te esperan en las instalaciones de la Feria as\u00ed como en el\u00a0 Teatro del Pueblo, Palenque de la Feria, Centro Cultural Teodoro Cano, Campo An\u00e1huac, la Catedral de Nuestra Se\u00f1ora de la Asunci\u00f3n, y lugares emblem\u00e1ticos del Centro de la ciudad de Papantla.<\/p>\n<h3>Fiesta Totonaca relacionada con la primavera<\/h3>\n<p>La <em><strong>Fiesta de Corpus Christi es la celebraci\u00f3n cat\u00f3lica del Cuerpo de Cristo<\/strong><\/em>. Se festeja cada a\u00f1o cuarenta d\u00edas despu\u00e9s del Jueves Santo, por lo tanto, su fecha es m\u00f3vil, puede ser a fines de mayo o a principios de junio.<\/p>\n<p>Mucho antes de la llegada de los conquistadores espa\u00f1oles, en la regi\u00f3n de Totonacapan, situada al norte del Estado de Veracruz, se celebraba una fiesta relacionada con la primavera cuyas fechas correspond\u00eda, por coincidencia, a las de la fiesta del Jueves de Corpus Christi instaurada por la iglesia cat\u00f3lica, probablemente a principio del siglo XVI.<\/p>\n<h3>Programa de Eventos y Actividades &#8211; Feria de Corpus Christi 2015<\/h3>\n<h3>S\u00e1bado 30 de mayo 2015<\/h3>\n<p>14:00 hrs. <strong>Evento del Volador<\/strong> &#8211; Auditorio Terrenos de la Feria<br \/>\n20:00 hrs. <strong>Fuego Nuevo<\/strong> &#8211; Teatro del Pueblo &#8211; Campo An\u00e1huac.<br \/>\n21:00 hrs. <strong>Coronaci\u00f3n de la Corte Real<\/strong> -Teatro del Pueblo &#8211; Campo An\u00e1huac.<br \/>\n22:00 hrs. Gran Baile de Inicio de Feria- Grupos musicales: <strong>Sexy Cumbia<\/strong> &amp; <strong>Grupo Lati<\/strong>no<\/p>\n<h3>Domingo 31 de mayo 2015<\/h3>\n<p>8:00 hrs &#8211; <strong>Carrera Atl\u00e9tica 10 KM<\/strong> Corpus Christi 2015. &#8220;M\u00e1s de $15,000 pesos en premios en efectivo.<br \/>\n<span style=\"text-decoration: underline;\">Rama<\/span>: mixta. <span style=\"text-decoration: underline;\">Categor\u00edas<\/span>: Juvenil 15-18 a\u00f1os | Libre 19-39 a\u00f1os | Veterano + 40 a\u00f1os. (Inscripciones hasta el 29 de mayo)<br \/>\n9:00 hrs. &#8211; <strong>Cabalgata<\/strong> Corpus Christi 2015 &#8211; Taj\u00edn-Terrenos de la Feria<br \/>\n10:30 hrs.- <strong>Ceremonia de Purificaci\u00f3n<\/strong> &#8211; Terrenos de la Feria &#8211; Asta bandera<br \/>\n12:00 hrs. &#8211; <strong>Inauguraci\u00f3n de la Feria<\/strong> &#8211; Terrenos de la Feria &#8211; Asta bandera<br \/>\n14:00 hrs. <strong>Festival del Mole<\/strong> &#8211; Terrenos de la Feria &#8211; Asta bandera<br \/>\n16:00\u00a0 hrs. <strong>Gran Corrida de Toros<\/strong> y <strong>Concurso de Lazo<\/strong> &#8211; Lugar: Lienzo Charro Mario Trueba Maza<br \/>\n19:30 hrs. Arte, M\u00fasica y Folklore &#8211; Teatro del Pueblo &#8211; Campo An\u00e1huac<br \/>\n20:00 hrs. <strong>Campeonato de Box Profesional<\/strong> &#8211; Palenque de la Feria.<\/p>\n<h3>Lunes 1 de junio de 2015<\/h3>\n<p>10:00 hrs. <strong>Ruta del Color<\/strong> &#8211; Parque Israel C. T\u00e9llez. Centro Hist\u00f3rico<br \/>\n16:00 hrs. <strong>Ruta Hist\u00f3rica<\/strong> &#8211; Parque Israel C. T\u00e9llez. Centro Hist\u00f3rico<br \/>\n19:30 hrs. Arte, M\u00fasica y Folklore &#8211; Teatro del Pueblo &#8211; Campo An\u00e1huac<br \/>\n17:00 hrs. <strong>Rodeo profesional<\/strong> &#8211; Lienzo Charro Mario Trueba Maza<\/p>\n<h3>Martes 2 junio de 2015<\/h3>\n<p>10:00 hrs. Ruta del Color &#8211; Parque Israel C. T\u00e9llez. Centro Hist\u00f3rico<br \/>\n16:00 hrs. Ruta Hist\u00f3rica &#8211; Parque Israel C. T\u00e9llez. Centro Hist\u00f3rico<br \/>\n19:30 hrs. Arte, M\u00fasica y Folklore &#8211; Teatro del Pueblo &#8211; Campo An\u00e1huac<br \/>\n20:00 hrs. Concierto del grupo &#8216;<strong>La \u00danica, Internacional Sonora Santanera<\/strong>&#8216; Teatro del Pueblo &#8211; Campo An\u00e1huac.<\/p>\n<h3>Mi\u00e9rcoles 3 de junio de 2015<\/h3>\n<p>10:00 hrs. Ruta del Color &#8211; Parque Israel C. T\u00e9llez. Centro Hist\u00f3rico<br \/>\n16:00 hrs. Ruta Hist\u00f3rica -Parque Israel C. T\u00e9llez. Centro Hist\u00f3rico<br \/>\n19:30 hrs. Arte, M\u00fasica y Folklore &#8211; Teatro del Pueblo &#8211; Campo An\u00e1huac<br \/>\n20:00 hrs. Concierto del grupo &#8216;<strong>Palomo<\/strong>&#8216; -Teatro del Pueblo &#8211; Campo An\u00e1huac.<\/p>\n<h3>Jueves 4 de Junio 2015 &#8211; Jueves de Corpus<\/h3>\n<p>08:00 hrs. <strong>Desfile &amp; Ofrenda al Volado<\/strong>r &#8211; Mural a la Cultura Totonaca &#8211; Monumento al Volador<br \/>\n09:00 hrs. <strong>Misa<\/strong> de Corpus Christi 2015 &#8211; Eucaristia &#8211; Catedral de Nuestra Se\u00f1ora de la Asunci\u00f3n<br \/>\n11:00 hrs. &#8211; <strong>Procesi\u00f3n de Corpus Christi 2015<\/strong> &#8211; Por las calles principales del Centro de la Ciudad de Papantla<\/p>\n<p>14:00 hrs. <strong>Festival del Mole<\/strong> &#8211; Terrenos de la Feria &#8211; Stand del DIF<br \/>\n18:00 hrs. <strong>Rifa de Toro<\/strong> &#8211; Terrenos de la Feria &#8211; Exposici\u00f3n Ganadera<br \/>\n19:00 hrs. <strong>Festival a mi Pueblo<\/strong> &#8211; Teatro del Pueblo &#8211; Campo An\u00e1huac<br \/>\n20:00 hrs. <strong>Festival Xanath<\/strong> (Evento gratuito) Espect\u00e1culo de luz, sonido, multimedia y baile<br \/>\nTeatro del Pueblo &#8211; Campo An\u00e1huac<\/p>\n<p>22:00 hrs. <strong>Gran Baile<\/strong> de Corpus Christi 2015. Conciertos de &#8216;<strong>Patrullas 81<\/strong>&#8216; y &#8216;<strong>Super Lamas<\/strong>&#8216;\u00a0 &#8211; Auditorio de la Feria<\/p>\n<h3>Viernes 5 de junio de 2015<\/h3>\n<p>10:00 hrs. <strong>Conferencia &#8220;230 a\u00f1os del Taj\u00edn&#8221;<\/strong> &#8211; Por Jeffrey Wilkinson (National Geographic)<br \/>\nAuditorio del Centro Cultural Teodoro Cano<br \/>\n17:00 hrs. <strong>Premiaci\u00f3n de los Juegos Florales<\/strong> &#8211; Auditorio Presidentes &#8211; Palacio Municipal<br \/>\n20:00 hrs. <strong>Gala de Danz\u00f3n<\/strong> &#8211; Teatro del Pueblo &#8211; Campo An\u00e1huac<br \/>\n22:00 hrs. Concierto de &#8216;<strong>Fidel Rueda<\/strong>&#8216; &#8211; Palenque de la Feria.<\/p>\n<h3>S\u00e1bado 6 de junio de 2015<\/h3>\n<p>12:00 hrs. <strong>Conferencia de Corpus Christi<\/strong> &#8211; Por el Soc. V\u00edctor Poo Echan\u00edz. Auditorio del Centro Cultural Teodoro Cano<br \/>\n16:00 hrs. <strong>Gran Charreada<\/strong> &#8211; Lienzo Charro &#8220;Mario Trueba Maza&#8221;<br \/>\n16:30 hrs. <strong>2\u00ba Torneo de Basquetball<\/strong> &#8211; Auditorio Fernando Guti\u00e9rrez Barrios<br \/>\n19:30 hrs. Arte, M\u00fasica y Folklore &#8211; Teatro del Pueblo &#8211; Campo An\u00e1huac<br \/>\n20:00 hrs. Concierto de &#8216;<strong>Jenny and the Mexicats<\/strong>&#8216; &#8211; Teatro del Pueblo &#8211; Campo An\u00e1huac.<\/p>\n<h3>Domingo 7 de junio de 2015<\/h3>\n<p>12:00 hrs. <strong>Premiaci\u00f3n y Clausura de la Exposici\u00f3n Ganadera<\/strong><br \/>\nPalapa de la Ganadera &#8211; Terrenos de la Feria<br \/>\n14:00 hrs. <strong>Festival del Mole<\/strong> &#8211; Terrenos de la Feria &#8211; Stand del DIF<br \/>\n20:00 hrs. <strong>Festival Xanath<\/strong> (Evento gratuito) Espect\u00e1culo de luz, sonido, multimedia y baile<br \/>\nTeatro del Pueblo &#8211; Campo An\u00e1huac<br \/>\n22:00 hrs. Baile del Sindicato de M\u00fasicos &#8211; Auditorio Terrenos de la Feria.<\/p>\n<h3>Art\u00edculos relacionados<\/h3>\n<p><strong><a title=\"Voladores de Papantla, hombres p\u00e1jaros de M\u00e9xico\" href=\"http:\/\/www.travelbymexico.com\/blog\/5696-voladores-de-papantla-hombres-pajaros-de-mexico\" target=\"_blank\">Voladores de Papantla, hombres p\u00e1jaros de M\u00e9xico<\/a><\/strong><\/p>\n<p><strong><a title=\"Acerca de la Zona Arqueol\u00f3gica de Taj\u00edn\" href=\"http:\/\/www.travelbymexico.com\/blog\/1766-tajin-zona-arqueologica\" target=\"_blank\">Zona Arqueol\u00f3gica de Taj\u00edn<\/a><\/strong><\/p>\n","protected":false},"excerpt":{"rendered":"<p>El municipio de Papantla de Olarte, Veracruz, te invita a asistir a la edici\u00f3n 58 de la m\u00e1xima expresi\u00f3n de<\/p>\n","protected":false},"author":2,"featured_media":17574,"comment_status":"closed","ping_status":"closed","sticky":false,"template":"","format":"standard","meta":[],"categories":[14,912],"tags":[9001,6015,1432,8999,466,485,486,8998,9000,6956,4416,3861,1690,2611,4402,1052,1279],"_links":{"self":[{"href":"https:\/\/www.travelbymexico.com\/blog\/wp-json\/wp\/v2\/posts\/17571"}],"collection":[{"href":"https:\/\/www.travelbymexico.com\/blog\/wp-json\/wp\/v2\/posts"}],"about":[{"href":"https:\/\/www.travelbymexico.com\/blog\/wp-json\/wp\/v2\/types\/post"}],"author":[{"embeddable":true,"href":"https:\/\/www.travelbymexico.com\/blog\/wp-json\/wp\/v2\/users\/2"}],"replies":[{"embeddable":true,"href":"https:\/\/www.travelbymexico.com\/blog\/wp-json\/wp\/v2\/comments?post=17571"}],"version-history":[{"count":4,"href":"https:\/\/www.travelbymexico.com\/blog\/wp-json\/wp\/v2\/posts\/17571\/revisions"}],"predecessor-version":[{"id":17577,"href":"https:\/\/www.travelbymexico.com\/blog\/wp-json\/wp\/v2\/posts\/17571\/revisions\/17577"}],"wp:featuredmedia":[{"embeddable":true,"href":"https:\/\/www.travelbymexico.com\/blog\/wp-json\/wp\/v2\/media\/17574"}],"wp:attachment":[{"href":"https:\/\/www.travelbymexico.com\/blog\/wp-json\/wp\/v2\/media?parent=17571"}],"wp:term":[{"taxonomy":"category","embeddable":true,"href":"https:\/\/www.travelbymexico.com\/blog\/wp-json\/wp\/v2\/categories?post=17571"},{"taxonomy":"post_tag","embeddable":true,"href":"https:\/\/www.travelbymexico.com\/blog\/wp-json\/wp\/v2\/tags?post=17571"}],"curies":[{"name":"wp","href":"https:\/\/api.w.org\/{rel}","templated":true}]}}