{"id":17560,"date":"2015-05-30T19:56:58","date_gmt":"2015-05-31T00:56:58","guid":{"rendered":"http:\/\/www.travelbymexico.com\/blog\/?p=17560"},"modified":"2015-05-30T20:16:48","modified_gmt":"2015-05-31T01:16:48","slug":"el-internet-gratuito-de-zuckerberg-en-alianza-con-telcel-llega-a-mexico","status":"publish","type":"post","link":"https:\/\/www.travelbymexico.com\/blog\/17560-el-internet-gratuito-de-zuckerberg-en-alianza-con-telcel-llega-a-mexico\/","title":{"rendered":"El Internet gratuito de Zuckerberg en alianza con Telcel llega a M\u00e9xico"},"content":{"rendered":"<h2>\u00bfQu\u00e9 les parecer\u00eda consultar algunos sitios web y apps en sus\u00a0 tel\u00e9fonos m\u00f3viles sin costo o necesidad de tener un plan de datos..? Esto es lo que propone el fundador de Facebook para conectar las millones de personas que a\u00fan no cuentan con acceso a la red.<\/h2>\n<h2>Este proyecto, llamado &#8220;internet.org by Facebook, se concretizar\u00e1 en M\u00e9xico a partir del 4 de junio, por medio de una alianza con Telcel.<\/h2>\n<p>El 5 de septiembre del 2014, ante 10,000 becarios reunidos por la <strong>Fundaci\u00f3n Telmex<\/strong> en el Auditorio Nacional en el marco del evento anual \u201cM\u00e9xico Siglo XXI\u201d, <strong>Mark Zuckerberg<\/strong>, fundador de Facebook, coment\u00f3 que hab\u00eda pensado en cambiar su modelo a seguir, de <strong>Bill Gates<\/strong>, fundador de Microsoft, al empresario mexicano <strong>Carlos Slim<\/strong>.<\/p>\n<p>Durante su pl\u00e1tica en este evento, Zuckerberg habl\u00f3 acerca de su deseo de implementar su iniciativa Internet.org en M\u00e9xico para dar acceso a la red a quienes a\u00fan no lo tienen:<\/p>\n<p><strong><em>&#8220;M\u00e9xico est\u00e1 mejor conectado que otros pa\u00edses de Am\u00e9rica Latina, pero es una locura que s\u00f3lo 60 millones est\u00e9n conectados.<\/em><\/strong><\/p>\n<p><strong><em>Estamos convencidos que Facebook puede ayudar a que crezca la econom\u00eda de M\u00e9xico conectando m\u00e1s empresas y personas.<\/em><\/strong><\/p>\n<p><strong><em>Con Internet.org trabajamos con operadores para conectar a la gente y queremos traer esto a M\u00e9xico y conectar a estas 60 millones de personas&#8221;. <\/em><\/strong><\/p>\n<p>Este mismo d\u00eda, Zuckerberg se reuni\u00f3 en <em>Los Pinos<\/em> con el Presidente de la Rep\u00fablica Mexicana <strong>Enrique Pe\u00f1a Nieto<\/strong> para exponer sus intenciones de traer al pa\u00eds la iniciativa Internet.org para conectar a m\u00e1s Pymes a las nuevas tecnolog\u00edas.<\/p>\n<h3>\u00bfQu\u00e9 es &#8216;Internet.org by Facebook&#8217;?<\/h3>\n<p>Asociaci\u00f3n creada por el impresario Mark Zuckerberg, fundador de Facebook, en conjunto con seis operadores de telefon\u00eda m\u00f3vil con la finalidad de conectar las millones de personas que a\u00fan no cuentan con acceso a la red.<\/p>\n<p>Gracias a este servicio, poblaciones que carecen del servicio Internet podr\u00e1n acceder a portales de desarrollo social, salud, empleo, emprendurismo femenil, y podr\u00e1n, claro est\u00e1, registrarse en la red social.<\/p>\n<p>Actualmente, en Am\u00e9rica Latina, <em>internet.org<\/em> opera en Panam\u00e1 y Colombia, y se encuentra en negociaciones para entrar a Per\u00fa y Brasil.<\/p>\n<h3>Art\u00edculos relacionados<\/h3>\n<p><strong><a title=\"M\u00e9xico ser\u00e1 el primer pa\u00eds de Am\u00e9rica en usar la tecnolog\u00eda Li-Fi\" href=\"http:\/\/www.travelbymexico.com\/blog\/16477-mexico-sera-el-primer-pais-de-america-en-usar-la-tecnologia-li-fi\" target=\"_blank\">M\u00e9xico ser\u00e1 el primer pa\u00eds de Am\u00e9rica en usar la tecnolog\u00eda Li-Fi<\/a><\/strong><\/p>\n","protected":false},"excerpt":{"rendered":"<p>\u00bfQu\u00e9 les parecer\u00eda consultar algunos sitios web y apps en sus\u00a0 tel\u00e9fonos m\u00f3viles sin costo o necesidad de tener un<\/p>\n","protected":false},"author":2,"featured_media":17563,"comment_status":"closed","ping_status":"closed","sticky":false,"template":"","format":"standard","meta":[],"categories":[912],"tags":[8992,8996,212,4354,8994,8995,666,8993,2663,8991,2827,8997,8047],"_links":{"self":[{"href":"https:\/\/www.travelbymexico.com\/blog\/wp-json\/wp\/v2\/posts\/17560"}],"collection":[{"href":"https:\/\/www.travelbymexico.com\/blog\/wp-json\/wp\/v2\/posts"}],"about":[{"href":"https:\/\/www.travelbymexico.com\/blog\/wp-json\/wp\/v2\/types\/post"}],"author":[{"embeddable":true,"href":"https:\/\/www.travelbymexico.com\/blog\/wp-json\/wp\/v2\/users\/2"}],"replies":[{"embeddable":true,"href":"https:\/\/www.travelbymexico.com\/blog\/wp-json\/wp\/v2\/comments?post=17560"}],"version-history":[{"count":8,"href":"https:\/\/www.travelbymexico.com\/blog\/wp-json\/wp\/v2\/posts\/17560\/revisions"}],"predecessor-version":[{"id":17570,"href":"https:\/\/www.travelbymexico.com\/blog\/wp-json\/wp\/v2\/posts\/17560\/revisions\/17570"}],"wp:featuredmedia":[{"embeddable":true,"href":"https:\/\/www.travelbymexico.com\/blog\/wp-json\/wp\/v2\/media\/17563"}],"wp:attachment":[{"href":"https:\/\/www.travelbymexico.com\/blog\/wp-json\/wp\/v2\/media?parent=17560"}],"wp:term":[{"taxonomy":"category","embeddable":true,"href":"https:\/\/www.travelbymexico.com\/blog\/wp-json\/wp\/v2\/categories?post=17560"},{"taxonomy":"post_tag","embeddable":true,"href":"https:\/\/www.travelbymexico.com\/blog\/wp-json\/wp\/v2\/tags?post=17560"}],"curies":[{"name":"wp","href":"https:\/\/api.w.org\/{rel}","templated":true}]}}