{"id":17532,"date":"2015-05-22T10:26:54","date_gmt":"2015-05-22T15:26:54","guid":{"rendered":"http:\/\/www.travelbymexico.com\/blog\/?p=17532"},"modified":"2015-05-21T22:51:52","modified_gmt":"2015-05-22T03:51:52","slug":"se-acerca-el-3er-festival-de-chiles-salsas-y-molcajetes-2015-en-culhuacan","status":"publish","type":"post","link":"https:\/\/www.travelbymexico.com\/blog\/17532-se-acerca-el-3er-festival-de-chiles-salsas-y-molcajetes-2015-en-culhuacan\/","title":{"rendered":"Se acerca el 3er Festival de Chiles, Salsas y Molcajetes 2015 en Culhuac\u00e1n"},"content":{"rendered":"<h2>A finales del presente mes se realizar\u00e1 por tercera ocasi\u00f3n el \u201cFestival Chiles, Salsas y Molcajetes\u201d en el Ex Convento de Culhuac\u00e1n.<\/h2>\n<h2>A continuaci\u00f3n, les compartimos el Programa de Actividades de este evento cuyo objetivo es promover la importancia del chile, s\u00edmbolo de identidad nacional, y su vinculaci\u00f3n con nuestras tradiciones.<\/h2>\n<h3>Actividades y eventos<\/h3>\n<p>Fresco, seco; verde, rojo; picoso, picos\u00edsimo\u2026 A finales de este mes, no se pierdan la ocasi\u00f3n de celebrar a uno de los s\u00edmbolos de la identidad mexicana en el \u201cTercer Festival de Chiles, Salsas y Molcajetes\u201d, el cual se llevar\u00e1 a cabo durante cinco d\u00edas en el majestuoso ex convento de Culhuac\u00e1n y contar\u00e1 con diversas actividades y eventos, entre ellos:<\/p>\n<p>&#8211; Exposici\u00f3n de Chile y Molcajetes<br \/>\n&#8211; Talleres gastron\u00f3micos<br \/>\n&#8211; Conferencias<br \/>\n&#8211; Exposici\u00f3n y venta de artesan\u00edas mexicanas<br \/>\n&#8211; Concurso de salsas<br \/>\n&#8211; Eventos culturales y musicales.<\/p>\n<h3>Programa de eventos y actividades<\/h3>\n<h3>Mi\u00e9rcoles 27 de mayo de 2015<\/h3>\n<p>12:00 <strong>Inauguraci\u00f3n del 3er Festival de Chiles, Salsas y Molcajetes<\/strong><br \/>\n12:30 <strong>Coro INAPAM<\/strong><br \/>\n13:00 <strong>Exposici\u00f3n temporal<\/strong> &#8220;El color del chile&#8221; Colectivo ARTAC<br \/>\n13:30 <strong>Degustaci\u00f3n<\/strong> &#8220;C\u00f3mo se enchila el mexicano&#8221;<br \/>\n16:00 <strong>Exhibici\u00f3n<\/strong> y <strong>clase de elaboraci\u00f3n de salsa<\/strong>. Imparte: Pedro Vel\u00e1zquez.<br \/>\n18:00 <strong>Noche de Museos<\/strong> &#8211; Visita guiada.<br \/>\n19:00 Premonici\u00f3n &#8211; <strong>M\u00fasica<\/strong> Rock<\/p>\n<h3>Jueves 28 de mayo de 2015<\/h3>\n<p>12:00 <strong>Zumba<\/strong> &#8211; Grupo Karina<br \/>\n16:30<strong> Taller de teatro infantil<\/strong> &#8211; Grupo Motorcito<\/p>\n<h3>Viernes 29 de mayo de 2015<\/h3>\n<p>15:00 <strong>Danza Regional<\/strong> &#8211; Grupo Cuijle\u00f1o Cimarr\u00f3n<br \/>\n16:30 <strong>Zumba<\/strong> &#8211; Grupo &#8216;Energ\u00eda vital&#8217;<br \/>\n19:00 Tetraktys &#8211; Compa\u00f1\u00eda de <strong>teatro<\/strong> &#8216;Piel de Salm\u00f3n&#8217;<\/p>\n<h3>S\u00e1bado 30 de mayo de 2015<\/h3>\n<p>10:00 <strong>Conferencia<\/strong> &#8220;\u00bfD\u00f3nde nacieron los chiles?<br \/>\nPonente: Dr\u00e1. Hir\u00e1n Mor\u00e1n Ba\u00f1uelos de la UAM Iztapalapa<br \/>\n11:00 <strong>Conferencia<\/strong> &#8220;\u00bfDe d\u00f3nde viene el consumo del chile? Ponente: Antrop\u00f3loga Yolanda Hern\u00e1ndez Franco de la UAM Iztapalapa<br \/>\n12:00 <strong>Danza regional<\/strong> &#8211; Grupo Yenitz\u00e9<br \/>\n13:00 <strong>Conferencia<\/strong>-Taller &#8220;\u00bfD\u00f3nde est\u00e1 lo picante del chile?&#8221;<br \/>\nPonente: Doctor Gerardo Ram\u00edrez Romero de la UAM Iztapalapa<br \/>\n14:30 <strong>Basilio y su tropical orquesta<\/strong><br \/>\n16:30 <strong>Danza regional<\/strong> &#8211; Grupo &#8216;Ra\u00edces de M\u00e9xico&#8217;<br \/>\n19:00 Tetrakys &#8211; Compa\u00f1\u00eda de<strong> teatro<\/strong> &#8216;Piel de Salm\u00f3n&#8217;<\/p>\n<h3>Domingo 31 de mayo de 2015<\/h3>\n<p>10:30 <strong>Conferencia<\/strong> &#8220;El molcajete y el temolote en las salsas Tlaxcaltecas&#8221;<br \/>\nPonente: Irad Santacruz Arciniega | Slow Food Tlaxcala Malintzi<\/p>\n<p>12:00 <strong>Danza regional<\/strong> &#8211; Grupo Ollimpaxqui<br \/>\n13:30 <strong>Teatro<\/strong> &#8220;Di\u00e1logos en el infierno Maquiavelo y Montesquieu. Compa\u00f1\u00eda DITAC<br \/>\n14:30 <strong>Danz\u00f3n<\/strong> &#8211; Grupo &#8216;Encanto Danzonero&#8217;<br \/>\n15:30 Conferencia &#8220;La importancia del chile en la comida mexicana&#8221;. Ponente: Chef Arturo J\u00edmenez R\u00edos &#8211; UVM<br \/>\n16:00 <strong>Taller<\/strong> y <strong>exposici\u00f3n<\/strong> &#8220;Salsas de Xahui&#8221;. Ponentes: Chef Liliana Gardu\u00f1o y Miguel \u00c1ngel V\u00e1zquez.<br \/>\n17:00 <strong>Concurso de salsas<\/strong> &#8216;Salsa con historia&#8217;<br \/>\n19:00 Tetrakys &#8211; Compa\u00f1\u00eda de <strong>teatro<\/strong> &#8216;Piel de Salm\u00f3n&#8217;<\/p>\n<h3>\u00bfCu\u00e1ndo y d\u00f3nde?<\/h3>\n<p>Organizado por el &#8216;Patronato de la Feria de la Enchilada A.C.&#8217; en coordinaci\u00f3n con\u00a0<em>Promotores de Nuestras Ra\u00edces<\/em>, el Ex Convento de Culhuac\u00e1n con el apoyo del <em>Consejo Nacional para la Cultura y las Artes<\/em> (Conaculta), el <strong>3er Festival de Chiles, Salsas y <a title=\"El molcajete, s\u00edmbolo de la gastronom\u00eda mexicana\" href=\"http:\/\/www.travelbymexico.com\/blog\/15139-el-molcajete-simbolo-de-la-gastronomia-mexicana\/%20\" target=\"_blank\">Molcajetes<\/a> 2015<\/strong> se llevar\u00e1 a cabo<\/p>\n<p><strong>del mi\u00e9rcoles 27 al domingo 31 de mayo de 2015<\/strong>, de 9:00 a.m a 6:00 pm en el majestuoso <strong>Ex Convento de Culhuac\u00e1n<\/strong>, Monumento Hist\u00f3rico del Siglo XVI considerado como uno de los Patrimonios Culturales m\u00e1s importantes del Distrito Federal.<\/p>\n<h3>\u00bfSab\u00edas que?<\/h3>\n<p><em>&#8211; M\u00e9xico es el pa\u00eds que m\u00e1s consume chile a nivel mundial y posee la mayor variedad de ellos:\u00a0 entre 50 tipos diferentes, siendo 20 los m\u00e1s utilizados en las cocinas mexicanas. <\/em><\/p>\n<p><em>&#8211; El chile m\u00e1s consumido por el mexicano es el jalape\u00f1o, tambi\u00e9n conocido como cuaresme\u00f1o cuando a\u00fan est\u00e1 verde, y llamado chipotle en seco<\/em><\/p>\n<p><em>&#8211; M\u00e9xico exporta 500 mil toneladas al a\u00f1o de chiles frescos y 60 mil de secos.\u00a0 <\/em><\/p>\n<h3>Art\u00edculo relacionado<\/h3>\n<p><a title=\"El molcajete, s\u00edmbolo de la gastronom\u00eda mexicana\" href=\"http:\/\/www.travelbymexico.com\/blog\/15139-el-molcajete-simbolo-de-la-gastronomia-mexicana\/\" target=\"_blank\">El molcajete, s\u00edmbolo de la gastronom\u00eda mexicana<\/a><\/p>\n","protected":false},"excerpt":{"rendered":"<p>A finales del presente mes se realizar\u00e1 por tercera ocasi\u00f3n el \u201cFestival Chiles, Salsas y Molcajetes\u201d en el Ex Convento<\/p>\n","protected":false},"author":2,"featured_media":17533,"comment_status":"closed","ping_status":"closed","sticky":false,"template":"","format":"standard","meta":[],"categories":[36,912],"tags":[299,3900,349,357,8980,4829,8978,5112,4809,8979,583,6199,2446,1157,1163,8981,3138],"_links":{"self":[{"href":"https:\/\/www.travelbymexico.com\/blog\/wp-json\/wp\/v2\/posts\/17532"}],"collection":[{"href":"https:\/\/www.travelbymexico.com\/blog\/wp-json\/wp\/v2\/posts"}],"about":[{"href":"https:\/\/www.travelbymexico.com\/blog\/wp-json\/wp\/v2\/types\/post"}],"author":[{"embeddable":true,"href":"https:\/\/www.travelbymexico.com\/blog\/wp-json\/wp\/v2\/users\/2"}],"replies":[{"embeddable":true,"href":"https:\/\/www.travelbymexico.com\/blog\/wp-json\/wp\/v2\/comments?post=17532"}],"version-history":[{"count":4,"href":"https:\/\/www.travelbymexico.com\/blog\/wp-json\/wp\/v2\/posts\/17532\/revisions"}],"predecessor-version":[{"id":17537,"href":"https:\/\/www.travelbymexico.com\/blog\/wp-json\/wp\/v2\/posts\/17532\/revisions\/17537"}],"wp:featuredmedia":[{"embeddable":true,"href":"https:\/\/www.travelbymexico.com\/blog\/wp-json\/wp\/v2\/media\/17533"}],"wp:attachment":[{"href":"https:\/\/www.travelbymexico.com\/blog\/wp-json\/wp\/v2\/media?parent=17532"}],"wp:term":[{"taxonomy":"category","embeddable":true,"href":"https:\/\/www.travelbymexico.com\/blog\/wp-json\/wp\/v2\/categories?post=17532"},{"taxonomy":"post_tag","embeddable":true,"href":"https:\/\/www.travelbymexico.com\/blog\/wp-json\/wp\/v2\/tags?post=17532"}],"curies":[{"name":"wp","href":"https:\/\/api.w.org\/{rel}","templated":true}]}}