{"id":17527,"date":"2015-05-21T22:18:09","date_gmt":"2015-05-22T03:18:09","guid":{"rendered":"http:\/\/www.travelbymexico.com\/blog\/?p=17527"},"modified":"2015-05-21T22:19:12","modified_gmt":"2015-05-22T03:19:12","slug":"nayari-cora-vida-cotidiana-de-los-coras-vista-por-el-fotografo-rafael-doniz","status":"publish","type":"post","link":"https:\/\/www.travelbymexico.com\/blog\/17527-nayari-cora-vida-cotidiana-de-los-coras-vista-por-el-fotografo-rafael-doniz\/","title":{"rendered":"&#8216;N\u00e1yari Cora&#8217;: vida cotidiana de los Coras vista por el fot\u00f3grafo Rafael Don\u00edz"},"content":{"rendered":"<h2>&#8216;N\u00e1yari Cora&#8217; es el t\u00edtulo de la exposici\u00f3n-libro del gran fotogr\u00e1fo mexicano Rafael Don\u00edz; 70 deslumbrantes im\u00e1genes a blanco y negro que nos acercan al enigm\u00e1tico mundo de los Coras del Nayar disponibles hasta julio en la Galer\u00eda de Arte Contempor\u00e1neo del Museo Nacional de la Revoluci\u00f3n, Ciudad de M\u00e9xico.<\/h2>\n<h2>La intenci\u00f3n de esta muestra es reunir recursos para construir un centro educativo para los ni\u00f1os Coras.<\/h2>\n<h3>Inicios con Manuel \u00c1lvarez Bravo<\/h3>\n<p><strong>Rafael Doniz<\/strong> naci\u00f3 en la Ciudad de M\u00e9xico el 29 de agosto de 1948. Ingres\u00f3 a la fotograf\u00eda como ayudante y disc\u00edpulo de <strong>Manuel \u00c1lvarez Bravo<\/strong> (considerado como el mayor representante de la fotograf\u00eda latinoamericana del siglo XX) de 1973 a 1976.<\/p>\n<p>Durante las \u00faltimas cuatro d\u00e9cadas Don\u00edz ha colaborado en m\u00e1s de 100 proyectos editoriales de arqueolog\u00eda, etnograf\u00eda, sociolog\u00eda, arquitectura, ecolog\u00eda, arte colonial, moderno y contempor\u00e1ne, y su obra se ha expuesto en las principales ciudades de Am\u00e9rica y Europa donde tambi\u00e9n se ha publicado su trabajo en libros y revistas.<\/p>\n<h3>Una exposici\u00f3n y un libro, 17 a\u00f1os despu\u00e9s&#8230;<\/h3>\n<p><em>&#8220;Haber ido a ese lugar en la sierra nayarita me atrajo y sent\u00ed una gran identidad con ellos, as\u00ed es como yo empec\u00e9 primero a tomar algunas fotos para ilustrar esas cartillas, posteriormente regres\u00e9 una y muchas m\u00e1s veces para seguir captando, visitando y conviviendo con quienes consideraba mis amigos\u201d.\u00a0<\/em><\/p>\n<p>El primer acercamiento del fot\u00f3grafo Rafael Don\u00edz con el grupo \u00e9tnico de los Coras se realiz\u00f3 hace 17 a\u00f1os cuando trabajaba al lado de la fot\u00f3grafa Mariana Yampolsky en la realizaci\u00f3n de las primeras cartillas de castellanizaci\u00f3n de las zonas ind\u00edgenas de M\u00e9xico. Don\u00edz lleg\u00f3 a establecerse a vivir con los Coras y con el paso del tiempo integrarse a su cotidianidad.<\/p>\n<p>17 a\u00f1os despu\u00e9s de su primera incursi\u00f3n en el mundo de los Nayari-Cora, el sue\u00f1o de Rafael Don\u00edz de publicar una obra que develara la cultura de este grupo \u00e9tnico se hizo realidad gracias al inter\u00e9s de Artes de M\u00e9xico y la UAM que public\u00f3 este 2015 el libro N\u00e1yari Cora, de 172 p\u00e1ginas.<\/p>\n<h3>70 deslumbrantes fotograf\u00edas a blanco y negro<\/h3>\n<p>Las 70 deslumbrantes im\u00e1genes a blanco y negro que la integran &#8211; tanto de sus paisajes y su vida cotidiana como de sus rituales- fueron tomadas entre 1982 y 1997 e impresas en plata sobre gelatina, t\u00e9cnica realizada por el mismo fot\u00f3grafo como parte de su formaci\u00f3n junto al maestro Manuel \u00c1lvarez Bravo.<\/p>\n<h3>Construcci\u00f3n de un centro educativo para los ni\u00f1os Coras<\/h3>\n<p>La intenci\u00f3n de la muestra &#8220;N\u00e1yari Cora&#8221; es reunir recursos para construir un centro educativo para los ni\u00f1os, en el Nayar, con la finalidad que recuperen sus tradiciones mediante la ense\u00f1anza de la elaboraci\u00f3n y ejecuci\u00f3n de objetos t\u00edpicos, as\u00ed como bordados, huaraches y cuchillos.<\/p>\n<p><em>&#8220;Exponer en el Museo Nacional de la Revoluci\u00f3n significa para m\u00ed un gran logro en el sentido de que por fin tengo posibilidades para regresar con mis amigos Coras para poderles decir que, pese a tantos a\u00f1os, lo logramos, ah\u00ed est\u00e1.&#8221; <\/em><\/p>\n<p><em>\u201cEs un homenaje a ellos, es un homenaje a su cultura, es un homenaje a sus or\u00edgenes y espero que venga la segunda etapa, de luchar por tratar de realizar el sue\u00f1o de hacer Casa Paz del Nayar, que as\u00ed se llamar\u00eda, ser\u00eda una casa que aglutinara a los ni\u00f1os para poder recuperar su cultura\u201d &#8211; Rafael Don\u00edz. <\/em><\/p>\n<h3>Algunas exposiciones de Rafael Don\u00edz en M\u00e9xico<\/h3>\n<p><strong>Exposici\u00f3n individual<\/strong><br \/>\n&#8220;La lente que derrama color&#8221;, &#8220;H\u00e9roes An\u00f3nimos&#8221;, &#8220;Salineros&#8221;, &#8220;Cuevas de Yagul y Mitla&#8221;, &#8220;Vulcano, M\u00e9xico&#8221;, &#8220;Espacio y luz&#8221;.<\/p>\n<p><strong>Exposici\u00f3n colectiva<\/strong><br \/>\n&#8220;El ma\u00edz de nuestro sustento.&#8221; Francisco Toledo y Rafael Don\u00edz; &#8220;Hilari\u00f3n: Memorias de un h\u00e9roe triqui de la Independencia&#8221;;<br \/>\n&#8220;65 A\u00f1os de la fotograf\u00eda en el Sal\u00f3n de la Pl\u00e1stica mexicana&#8221;; &#8220;Sensaciones compartidas&#8221;; &#8220;Pa\u00edsaje Contempor\u00e1neo&#8221;; &#8220;Hacia la barriga de un pich\u00f3n&#8221;.<\/p>\n<h3>Horario y boletos<\/h3>\n<p>&#8220;N\u00e1yari Cora&#8221;- Rafael Don\u00edz<\/p>\n<p><span style=\"text-decoration: underline;\"><strong>Del s\u00e1bado 11 de abril al domingo 12 de julio de 2015<\/strong><\/span> en la\u00a0 <strong>Galer\u00eda de Arte Contempor\u00e1neo<\/strong> del <strong>Museo Nacional de la Revoluci\u00f3n<\/strong>. Plaza de la Rep\u00fablica S\/N, Cua\u00fahtemoc, Tabacalera, Ciudad de M\u00e9xico, D.F.<\/p>\n<p>Abierto de martes a viernes, de 9:00 a 17:00 horas.<br \/>\nS\u00e1bados y domingos, de 9:00 a 18:30 horas.<br \/>\nEntrada general: $28.00 pesos.<br \/>\n50% de descuento al presentar credencial vigente de estudiante, maestro e INAPAM.<br \/>\nDomingo: Entrada gratuita.<\/p>\n<p><strong><a title=\"Exposici\u00f3n Los Coras del Nayar en el Museo del Templo Mayor\" href=\"http:\/\/www.travelbymexico.com\/blog\/5864-exposicion-los-coras-del-nayar-museo-del-templo-mayor\/\" target=\"_blank\">Exposici\u00f3n Los Coras del Nayar, Museo del Templo Mayor<\/a><\/strong><\/p>\n<p><a title=\"Museo Nacional de la Revoluci\u00f3n Mexicana Monumento a la Revoluci\u00f3n Mexicana, Ciudad de M\u00e9xico\" href=\"http:\/\/www.travelbymexico.com\/blog\/6035-monumento-a-la-revolucion-mexicana-ciudad-de-mexic\" target=\"_blank\">Monumento a la Revoluci\u00f3n Mexicana, Ciudad de M\u00e9xico &#8211; Museo Nacional de la Revoluci\u00f3n <\/a><\/p>\n","protected":false},"excerpt":{"rendered":"<p>&#8216;N\u00e1yari Cora&#8217; es el t\u00edtulo de la exposici\u00f3n-libro del gran fotogr\u00e1fo mexicano Rafael Don\u00edz; 70 deslumbrantes im\u00e1genes a blanco y<\/p>\n","protected":false},"author":2,"featured_media":17528,"comment_status":"closed","ping_status":"closed","sticky":false,"template":"","format":"standard","meta":[],"categories":[9],"tags":[371,508,8977,7755,8975,5188,900,901,8976],"_links":{"self":[{"href":"https:\/\/www.travelbymexico.com\/blog\/wp-json\/wp\/v2\/posts\/17527"}],"collection":[{"href":"https:\/\/www.travelbymexico.com\/blog\/wp-json\/wp\/v2\/posts"}],"about":[{"href":"https:\/\/www.travelbymexico.com\/blog\/wp-json\/wp\/v2\/types\/post"}],"author":[{"embeddable":true,"href":"https:\/\/www.travelbymexico.com\/blog\/wp-json\/wp\/v2\/users\/2"}],"replies":[{"embeddable":true,"href":"https:\/\/www.travelbymexico.com\/blog\/wp-json\/wp\/v2\/comments?post=17527"}],"version-history":[{"count":3,"href":"https:\/\/www.travelbymexico.com\/blog\/wp-json\/wp\/v2\/posts\/17527\/revisions"}],"predecessor-version":[{"id":17531,"href":"https:\/\/www.travelbymexico.com\/blog\/wp-json\/wp\/v2\/posts\/17527\/revisions\/17531"}],"wp:featuredmedia":[{"embeddable":true,"href":"https:\/\/www.travelbymexico.com\/blog\/wp-json\/wp\/v2\/media\/17528"}],"wp:attachment":[{"href":"https:\/\/www.travelbymexico.com\/blog\/wp-json\/wp\/v2\/media?parent=17527"}],"wp:term":[{"taxonomy":"category","embeddable":true,"href":"https:\/\/www.travelbymexico.com\/blog\/wp-json\/wp\/v2\/categories?post=17527"},{"taxonomy":"post_tag","embeddable":true,"href":"https:\/\/www.travelbymexico.com\/blog\/wp-json\/wp\/v2\/tags?post=17527"}],"curies":[{"name":"wp","href":"https:\/\/api.w.org\/{rel}","templated":true}]}}