{"id":17510,"date":"2015-05-16T09:20:12","date_gmt":"2015-05-16T14:20:12","guid":{"rendered":"http:\/\/www.travelbymexico.com\/blog\/?p=17510"},"modified":"2015-05-16T09:22:46","modified_gmt":"2015-05-16T14:22:46","slug":"el-mahg-presenta-las-jornadas-por-el-dia-internacional-de-los-museos","status":"publish","type":"post","link":"https:\/\/www.travelbymexico.com\/blog\/17510-el-mahg-presenta-las-jornadas-por-el-dia-internacional-de-los-museos\/","title":{"rendered":"El MAHG presenta las &#8216;Jornadas por el D\u00eda Internacional de los Museos&#8217;"},"content":{"rendered":"<h2>El <a title=\"Museo de Arte e Historia de Guanajuato en la ciudad de Le\u00f3n\" href=\"http:\/\/www.travelbymexico.com\/leon_cd\/atractivos\/?nom=kleomusartehistor\" target=\"_blank\">Museo de Arte e Historia de Guanajuato<\/a> se une a la celebraci\u00f3n mundial de la edici\u00f3n 37 del D\u00eda Internacional de los Museos (DIM) invitando al p\u00fablico en general a participar en las Jornadas por el <a title=\"18 de mayo: D\u00eda Internacional de los Museos\" href=\"http:\/\/www.travelbymexico.com\/blog\/17416-este-18-de-mayo-museos-de-mexico-celebrara-el-dia-internacional-de-los-museos\" target=\"_blank\">D\u00eda Internacional de los Museos<\/a> para una sociedad sostenible, una serie de actividades totalmente gratuitas para toda la familia.<\/h2>\n<h3>Jornadas por el D\u00eda Internacional de los Museos para una sociedad sostenible<\/h3>\n<h3>Talleres Familiares<\/h3>\n<p>\u00a1Ven a divertirte en los\u00a0 Talleres Familiares de Fin de Semana del MAHG!<\/p>\n<p><span style=\"text-decoration: underline;\"><strong>Taller: Moda Virreinal <\/strong><\/span><\/p>\n<p>S\u00e1bado 16 de mayo de las 5:00 pm a las 6:00 pm<br \/>\nVen a viajar a una \u00e9poca en la que los vestidos anchos, las pelucas y abanicos eran algunos de los m\u00e1s elegantes accesorios, as\u00ed podr\u00e1s vestir a tu personaje virreinal en el taller.<\/p>\n<p><span style=\"text-decoration: underline;\"><strong>Taller: Escenario para mis fotos<\/strong><\/span><\/p>\n<p>Domingo 17 mayo de 12:00 a 1:00 p.m.<\/p>\n<p><strong>Rutilo Pati\u00f1o<\/strong> nos ense\u00f1a que para obtener una buena foto, los fondos son muy importantes, arma el tuyo en familia utilizando telas, papel y bastante imaginaci\u00f3n<\/p>\n<p><span style=\"text-decoration: underline;\"><strong>Taller: Cuentos fant\u00e1sticos<\/strong><\/span><\/p>\n<p>Domingo 17 de mayo de 3:00 a 4:00 p.m. A <strong>Leonora Carrington<\/strong> le encantaba pintar y esculpir pero, \u00bfsab\u00edas que tambi\u00e9n escribi\u00f3 muchos cuentos? Insp\u00edrate en sus esculturas y crea tus propios personajes para contar un nuevo cuento<\/p>\n<p><strong>Consulta la programaci\u00f3n de los talleres gratuitos del 16 y 17 de mayo de 2015 <a title=\"Talleres del MAHG para el mes de mayo de 2015\" href=\"http:\/\/forumcultural.guanajuato.gob.mx\/lugar\/museo-de-arte-e-historia-de-guanajuato\/\" target=\"_blank\">aqu\u00ed<\/a><\/strong>.<\/p>\n<h3>Cutups: Laboratorio de Collage y Colaboraci\u00f3n Infantil<\/h3>\n<p>Domingo 17 de 12:00 a 15:00 horas<\/p>\n<p>Impartido por los artistas Leo y Angel Marz<br \/>\nTiene el prop\u00f3sito de despertar el desarrollo creativo de los ni\u00f1os y las ni\u00f1as a partir del arte; en donde podr\u00e1n hacer collages con las im\u00e1genes de las pinturas de la exhibici\u00f3n Paralelismos pl\u00e1sticos.<br \/>\nCupo limitado. Inscripci\u00f3n 15 minutos antes del inicio de la actividad.<\/p>\n<h3>Canta jugando y juega cantando con maruca.<\/h3>\n<p>Lindas canciones infantiles entonar\u00e1 Maruca Hern\u00e1ndez para los ni\u00f1os y ni\u00f1as de una manera alegre y divertida.<br \/>\nVest\u00edbulo planta alta.<\/p>\n<p>Domingo 17 de mayo 2015 a las 16:30 horas.<\/p>\n<h3>Taller: Historia de la imagen: peque\u00f1as historias de la vida diaria, memoria hist\u00f3rica y vida cotidiana<\/h3>\n<p>Impartido por el artista <strong>Idaid Rodr\u00edguez<\/strong><\/p>\n<p>Este taller tiene como objetivo reflexionar sobre la construcci\u00f3n de la identidad individual y colectiva a partir de las im\u00e1genes y su posible uso en la investigaci\u00f3n social y art\u00edstica.<\/p>\n<p>Del lunes 18 al s\u00e1bado 23 de mayo de 10:00 a 14:00 horas<br \/>\nSala de proyecciones de Servicios Educativos<br \/>\nSin costo. Cupo limitado. Inscripciones 13 y 14 de mayo, acudir personalmente en el museo.<\/p>\n<h3>Direcci\u00f3n<\/h3>\n<p>Museo de Arte e Historia de Guanajuato<br \/>\nProlongaci\u00f3n Calzada de los H\u00e9roes No.908, Col. La Mart\u00ednica.<br \/>\nLe\u00f3n, Gto. M\u00e9xico<\/p>\n","protected":false},"excerpt":{"rendered":"<p>El Museo de Arte e Historia de Guanajuato se une a la celebraci\u00f3n mundial de la edici\u00f3n 37 del D\u00eda<\/p>\n","protected":false},"author":2,"featured_media":17511,"comment_status":"closed","ping_status":"closed","sticky":false,"template":"","format":"standard","meta":[],"categories":[9,912],"tags":[4797,7589,317,4796,621,8960,1531,2656,863,8959,1157],"_links":{"self":[{"href":"https:\/\/www.travelbymexico.com\/blog\/wp-json\/wp\/v2\/posts\/17510"}],"collection":[{"href":"https:\/\/www.travelbymexico.com\/blog\/wp-json\/wp\/v2\/posts"}],"about":[{"href":"https:\/\/www.travelbymexico.com\/blog\/wp-json\/wp\/v2\/types\/post"}],"author":[{"embeddable":true,"href":"https:\/\/www.travelbymexico.com\/blog\/wp-json\/wp\/v2\/users\/2"}],"replies":[{"embeddable":true,"href":"https:\/\/www.travelbymexico.com\/blog\/wp-json\/wp\/v2\/comments?post=17510"}],"version-history":[{"count":3,"href":"https:\/\/www.travelbymexico.com\/blog\/wp-json\/wp\/v2\/posts\/17510\/revisions"}],"predecessor-version":[{"id":17514,"href":"https:\/\/www.travelbymexico.com\/blog\/wp-json\/wp\/v2\/posts\/17510\/revisions\/17514"}],"wp:featuredmedia":[{"embeddable":true,"href":"https:\/\/www.travelbymexico.com\/blog\/wp-json\/wp\/v2\/media\/17511"}],"wp:attachment":[{"href":"https:\/\/www.travelbymexico.com\/blog\/wp-json\/wp\/v2\/media?parent=17510"}],"wp:term":[{"taxonomy":"category","embeddable":true,"href":"https:\/\/www.travelbymexico.com\/blog\/wp-json\/wp\/v2\/categories?post=17510"},{"taxonomy":"post_tag","embeddable":true,"href":"https:\/\/www.travelbymexico.com\/blog\/wp-json\/wp\/v2\/tags?post=17510"}],"curies":[{"name":"wp","href":"https:\/\/api.w.org\/{rel}","templated":true}]}}