{"id":17506,"date":"2015-05-14T14:25:42","date_gmt":"2015-05-14T19:25:42","guid":{"rendered":"http:\/\/www.travelbymexico.com\/blog\/?p=17506"},"modified":"2015-05-14T14:25:42","modified_gmt":"2015-05-14T19:25:42","slug":"hoy-inicio-la-feria-de-las-culturas-amigas-2015-en-el-zocalo-capitalino-consulta-el-programa-de-eventos-aqui","status":"publish","type":"post","link":"https:\/\/www.travelbymexico.com\/blog\/17506-hoy-inicio-la-feria-de-las-culturas-amigas-2015-en-el-zocalo-capitalino-consulta-el-programa-de-eventos-aqui\/","title":{"rendered":"Hoy inici\u00f3 la Feria de las Culturas Amigas 2015 en el Z\u00f3calo Capitalino. Consulta el Programa de eventos aqu\u00ed"},"content":{"rendered":"<h2>A partir de hoy, y durante dos semanas, podr\u00e1s acercarte al arte y a la cultura del mundo sin salir de la Ciudad de M\u00e9xico.<\/h2>\n<h2>A continuaci\u00f3n, encontrar\u00e1s la lista de los <span style=\"text-decoration: underline;\">pa\u00edses participantes<\/span>, el <span style=\"text-decoration: underline;\">programa de eventos y actividades<\/span> por realizarse en el Foro Principal del Z\u00f3calo Capitalino as\u00ed como en otras sedes situadas en la capital del pa\u00eds.<\/h2>\n<p>Este ma\u00f1ana, en la Plaza de la Constituci\u00f3n (Z\u00f3calo de la ciudad de M\u00e9xico) Miguel \u00c1ngel Mancera Espinosa, jefe de gobierno del Distrito Federal, inaugur\u00f3 la s\u00e9ptima edici\u00f3n de la <a title=\"Acerca de la Feria de las Culturas Amigas 2015 en el DF\" href=\"http:\/\/www.travelbymexico.com\/blog\/17403-87-paises-participaran-en-la-feria-de-las-culturas-amigas-2015-en-el-d-f\/\" target=\"_blank\">Feria de las Culturas Amigas 2015 <\/a>ante representantes diplom\u00e1ticos y embajadores de los 94 pa\u00edses que conforman este magna exhibici\u00f3n de arte, cultura, folclor y gastronom\u00eda mundial.<\/p>\n<h3>Invitado especial: Reino Unido<\/h3>\n<p>En el marco de la conmemoraci\u00f3n de los casi 200 a\u00f1os de relaciones diplom\u00e1ticas con M\u00e9xico, y del <a title=\"Todo el 2015 se celebra el A\u00f1o Dual M\u00e9xico Reino Unido\" href=\"http:\/\/www.travelbymexico.com\/blog\/17162-todo-este-2015-se-celebra-el-ano-dual-mexico-reino-unido\" target=\"_blank\">A\u00f1o Dual M\u00e9xico-Reino<\/a> Unido 2015, el pa\u00eds invitado de la 7\u00aa Feria de las Culturas Amigas ser\u00e1 el Reino Unido.<\/p>\n<h3>Los 94 Pa\u00edses participantes<\/h3>\n<p><strong>AFRICA<\/strong><br \/>\nAngola | Argelia | Camer\u00fan | Costa de Marfil | Egipto | Etiop\u00eda | Ghana | Kenia | Marruecos | Nigeria | Rep\u00fablica \u00c1rabe | Saharaui Democr\u00e1tica | Senegal | Sud\u00e1frica.<\/p>\n<p><strong>AM\u00c9RICA<\/strong><br \/>\nArgentina | Belice | Bolivia | Brasil | Canad\u00e1 | Chile | Colombia | Costa Rica | Cuba | Ecuador | El Salvador | Estados Unidos | Guatemala | Hait\u00ed | | Jamaica | Nicaragua | Panam\u00e1 | Paraguay | Per\u00fa | Rep\u00fablica Dominicana | Uruguay\u00a0| Venezuela.<\/p>\n<p><strong>ASIA Y OCEAN\u00cdA<\/strong><br \/>\nAustralia | Azerbaiy\u00e1n | Bangladesh | China |Corea del Norte | Corea del Sur | Filipinas | India | Indonesia | Jap\u00f3n | Laos | Malasia | Nepal | Sri Lanka | Tailandia | Vietnam.<\/p>\n<p><strong>EUROPA<\/strong><br \/>\nAlemania | Armenia | Austria | B\u00e9lgica | Chipre | Croacia | Dinamarca | Eslovaquia | Espa\u00f1a | Finlandia | Francia | Georgia | Grecia | Hungr\u00eda | Irlanda | Italia | Lituania | Noruega | Pa\u00edses Bajos | Polonia | Portugal | Reino Unido | Rep\u00fablica Checa | Rumania | Rusia | Serbia | Suecia | Suiza | Turqu\u00eda | Ucrania.<\/p>\n<p><strong>MEDIO ORIENTE<\/strong><br \/>\nArabia Saudita | Emiratos \u00c1rabes Unidos | Ir\u00e1n | Israel | Jordania | Kuwait | L\u00edbano | Libia | Palestina | Pakist\u00e1n | Siria.<\/p>\n<h3>Sedes de la 7\u00aa Feria de las Culturas 2015 en la ciudad de M\u00e9xico<\/h3>\n<h3><strong>Foro Principal (Z\u00f3calo)<\/strong><\/h3>\n<p><a title=\"Programa Eventos Semana 1 en Foro Principal Z\u00f3calo\" href=\"http:\/\/www.internacionales.df.gob.mx\/fca2015\" target=\"_blank\">Programa Semana 1 <\/a>(del 14 al 17 de mayo 2015)<br \/>\n<a title=\"Programa Eventos Semana 2 en Foro Principal Z\u00f3calo\" href=\"http:\/\/www.internacionales.df.gob.mx\/fca2015\/programacion_foroprincipal_semana2.pdf%20 \" target=\"_blank\">Programa Semana 2<\/a> (del 18 al 24 de mayo 2015)<\/p>\n<h3><strong>Pabell\u00f3n CDMX <\/strong><\/h3>\n<p><span style=\"text-decoration: underline;\"><strong>Talleres<\/strong><\/span>: pintura de abanicos, portal\u00e1pices (Corea del Sur); degustaci\u00f3n de caf\u00e9 (Colombia); Origami (Jap\u00f3n); Fuxico (Brasil)<\/p>\n<p><span style=\"text-decoration: underline;\"><strong>Conferencias<\/strong>:<\/span><br \/>\n&#8220;Leonora en el pa\u00eds surrealista&#8221;. Impartida por Elena Poniatowska.<br \/>\n&#8220;El arte brit\u00e1nicos en los a\u00f1os 70 y su influencia en M\u00e9xico&#8221;. Impartida por Paulina del Paso y Felipe Ehrenberg.<br \/>\n&#8220;El paisaje mexicano en la narrativa brit\u00e1nica.&#8221;<br \/>\n&#8220;La ciudad, una gran cocina.&#8221;<br \/>\n&#8220;La novela gr\u00e1fica de Alan Moore y Neil Gaiman y su influencia en M\u00e9xico.&#8221;<br \/>\n&#8220;Una urbe musical&#8221;. Imparten P\u00e1vel Granados, Camilo Lara, Jos\u00e9 Are\u00e1n, Horacio Franco.<br \/>\n&#8220;La ciudad de las letras&#8221;<br \/>\n&#8220;Liga DF&#8221; (architectura)<br \/>\n&#8220;Del Muralismo al Arte Callejero&#8221;<\/p>\n<p><a title=\"Programaci\u00f3n en el Pabell\u00f3n CDMX\" href=\"http:\/\/www.internacionales.df.gob.mx\/fca2015\/imagenes\/programacion_pabellonCDMX_1.jpg%20\" target=\"_blank\">Programa de eventos en el Pabell\u00f3n Ciudad de M\u00e9xico &#8211; Semana 1 <\/a>(del 14 al 17 de mayo 2015)<br \/>\n<a title=\"Programa de eventos en el Pabell\u00f3n CDMX Semana2\" href=\"http:\/\/www.internacionales.df.gob.mx\/fca2015\/imagenes\/programacion_pabellonCDMX_2.jpg%20\" target=\"_blank\">Programa de eventos en el Pabell\u00f3n Ciudad de M\u00e9xico &#8211; Semana 2<\/a><\/p>\n<h3>Sedes alternas<\/h3>\n<h3>Palacio del Arzobispado.<\/h3>\n<p><a title=\"Programa Eventos Semana 1 en Palacio del Arzobispado\" href=\"http:\/\/www.internacionales.df.gob.mx\/fca2015\/imagenes\/Palacio_Arzobispado_1.jpg%20\" target=\"_blank\">Programa de eventos Semana 1<\/a> (del 14 al 17 de mayo 2015)<br \/>\n<a title=\"Programa Eventos Semana 2 en Palacio del Arzobispado\" href=\"http:\/\/www.internacionales.df.gob.mx\/fca2015\/imagenes\/Palacio_Arzobispado_2.jpg%20\" target=\"_blank\">Programa de eventos Semana 2<\/a> (del 18 al 24 de mayo 2015)<\/p>\n<h3>Casa de la Primera Imprenta de Am\u00e9rica<\/h3>\n<p><a title=\"Programa Eventos Semana 1 en Casa de la 1era Imprenta de Am\u00e9rica\" href=\"http:\/\/www.internacionales.df.gob.mx\/fca2015\/imagenes\/programa_imprenta_1.jpg%20\" target=\"_blank\">Programa de eventos Semana 1<\/a> (del 14 al 17 de mayo 2015)<\/p>\n<p><a title=\"Programa Eventos Semana 2 en Casa de la 1era Imprenta de Am\u00e9rica\" href=\"http:\/\/www.internacionales.df.gob.mx\/fca2015\/imagenes\/programa_imprenta_2.jpg%20\" target=\"_blank\">Programa de eventos Semana 2<\/a> (del 18 al 24 de mayo 2015)<\/p>\n<h3>Museo Nacional de las Culturas<\/h3>\n<p><a title=\"Programa Eventos Semana 1 en Museo Nacional de las Culturas\" href=\"http:\/\/www.internacionales.df.gob.mx\/fca2015\/imagenes\/programa_MNC_1.jpg%20\" target=\"_blank\">Programa de eventos Semana 1 <\/a>(del 14 al 17 de mayo 2015)<br \/>\n<a title=\"Programa Eventos Semana 2 en Museo Nacional de las Culturas\" href=\"http:\/\/www.travelbymexico.com\/blog\/17489-laguna-encantada-santa-maria-del-oro-uno-de-los-tesoros-de-la-riviera-nayarit\/\" target=\"_blank\">Programa de eventos Semana 2<\/a> (del 18 al 24 de mayo 2015)<\/p>\n<p><strong><a title=\"Reserva tu hotel en la ciudad de M\u00e9xico\" href=\"http:\/\/www.travelbymexico.com\/ciudaddemexico\/hoteles\" target=\"_blank\">Reserva tu hotel en la ciudad de M\u00e9xico <\/a><\/strong><\/p>\n","protected":false},"excerpt":{"rendered":"<p>A partir de hoy, y durante dos semanas, podr\u00e1s acercarte al arte y a la cultura del mundo sin salir<\/p>\n","protected":false},"author":2,"featured_media":17507,"comment_status":"closed","ping_status":"closed","sticky":false,"template":"","format":"standard","meta":[],"categories":[36,912],"tags":[8618,103,318,2467,4839,4838,2792,400,4834,7414,466,485,508,8958,4833,582,4409,4408,4407,4249,1661,2681,5672,3106,5841,8847,1157,4406,1297],"_links":{"self":[{"href":"https:\/\/www.travelbymexico.com\/blog\/wp-json\/wp\/v2\/posts\/17506"}],"collection":[{"href":"https:\/\/www.travelbymexico.com\/blog\/wp-json\/wp\/v2\/posts"}],"about":[{"href":"https:\/\/www.travelbymexico.com\/blog\/wp-json\/wp\/v2\/types\/post"}],"author":[{"embeddable":true,"href":"https:\/\/www.travelbymexico.com\/blog\/wp-json\/wp\/v2\/users\/2"}],"replies":[{"embeddable":true,"href":"https:\/\/www.travelbymexico.com\/blog\/wp-json\/wp\/v2\/comments?post=17506"}],"version-history":[{"count":1,"href":"https:\/\/www.travelbymexico.com\/blog\/wp-json\/wp\/v2\/posts\/17506\/revisions"}],"predecessor-version":[{"id":17508,"href":"https:\/\/www.travelbymexico.com\/blog\/wp-json\/wp\/v2\/posts\/17506\/revisions\/17508"}],"wp:featuredmedia":[{"embeddable":true,"href":"https:\/\/www.travelbymexico.com\/blog\/wp-json\/wp\/v2\/media\/17507"}],"wp:attachment":[{"href":"https:\/\/www.travelbymexico.com\/blog\/wp-json\/wp\/v2\/media?parent=17506"}],"wp:term":[{"taxonomy":"category","embeddable":true,"href":"https:\/\/www.travelbymexico.com\/blog\/wp-json\/wp\/v2\/categories?post=17506"},{"taxonomy":"post_tag","embeddable":true,"href":"https:\/\/www.travelbymexico.com\/blog\/wp-json\/wp\/v2\/tags?post=17506"}],"curies":[{"name":"wp","href":"https:\/\/api.w.org\/{rel}","templated":true}]}}