{"id":17501,"date":"2015-05-12T15:01:41","date_gmt":"2015-05-12T20:01:41","guid":{"rendered":"http:\/\/www.travelbymexico.com\/blog\/?p=17501"},"modified":"2015-05-13T12:37:08","modified_gmt":"2015-05-13T17:37:08","slug":"el-dia-del-internet-se-celebrara-el-lunes-18-de-mayo-en-mexico","status":"publish","type":"post","link":"https:\/\/www.travelbymexico.com\/blog\/17501-el-dia-del-internet-se-celebrara-el-lunes-18-de-mayo-en-mexico\/","title":{"rendered":"El D\u00eda del Internet se celebrar\u00e1 el lunes 18 de mayo en M\u00e9xico"},"content":{"rendered":"<h2>Bajo el tema \u201cTelecomunicaciones y las TICs: Manejadores de la Innovaci\u00f3n\u201d, se llevar\u00e1 a cabo la d\u00e9cima celebraci\u00f3n del D\u00eda Mundial de Internet en M\u00e9xico.<\/h2>\n<h2>La cita es el pr\u00f3ximo lunes 18 de mayo, de 8:30 a 15:30 horas, en el Auditorio Aurora Jim\u00e9nez de Palacios, ubicado en el Palacio Legislativo de San L\u00e1zaro, en Av. Congreso de La Uni\u00f3n No. 66, Col. El Parque, en la Ciudad de M\u00e9xico.<\/h2>\n<h2>Telmex se une a esta celebraci\u00f3n proporcionando acceso gratuito a Internet desde miles de sitios.<\/h2>\n<h3>El D\u00eda de Internet 2015 en M\u00e9xico<\/h3>\n<p>Este a\u00f1o, la <strong>Asociaci\u00f3n Mexicana de Internet, A.C.<\/strong> (AMIPCI) celebrar\u00e1 el \u201cD\u00eda de Internet 2015\u201d el <strong>18 de mayo<\/strong> con el apoyo del H. Congreso de la Uni\u00f3n, a trav\u00e9s de la C\u00e1mara de Diputados y la colaboraci\u00f3n de entidades de gobierno, expertos nacionales e internacionales del entorno digital, ejecutivos del sector p\u00fablico y privado, acad\u00e9micos e investigadores, panelistas y asistentes interesados en el an\u00e1lisis de los principales temas alrededor de la Estrategia Digital Nacional.<\/p>\n<p>El tema central de esta edici\u00f3n ser\u00e1: <strong>\u201cTelecomunicaciones y las TIC: Manejadores de la Innovaci\u00f3n\u201d.\u00a0<\/strong><\/p>\n<p><strong>Consulta el programa del D\u00eda de Internet 2015, <a title=\"Programa D\u00eda de Internet 2015 proporcionado por Asociaci\u00f3n Mexicana de Internet\" href=\"https:\/\/www.amipci.org.mx\/es\/noticiasx\/2239-anuncian-celebracion-de-dia-de-internet-2015-en-camara-de-diputados%20 \" target=\"_blank\">aqu\u00ed<\/a><\/strong>.<\/p>\n<h3>Or\u00edgen del D\u00eda de Internet<\/h3>\n<p>Durante la \u00faltima <strong>Cumbre de la Sociedad de la Informaci\u00f3n<\/strong> celebrada en 2005 en T\u00fanez, capital de la Rep\u00fablica Tunecina, ante m\u00e1s de 16 mil delegados de 176 pa\u00edses, el entonces Secretario General de la ONU, Kofi Anan, decidi\u00f3 que el d\u00eda 17 de mayo fuera designado como el \u201cD\u00eda Mundial de la Sociedad de la Informaci\u00f3n\u201d, o simplemente, el \u201cD\u00eda de Internet\u201d.<\/p>\n<p>En M\u00e9xico, la entidad responsable de la organizaci\u00f3n del evento de conmemoraci\u00f3n de ese d\u00eda es la Asociaci\u00f3n Mexicana de Internet (AMIPCI), sum\u00e1ndose al esfuerzo que se realiza en pa\u00edses como Espa\u00f1a, Portugal, Argentina, Brasil, Colombia, Ecuador, entre otros.<\/p>\n<h3>Telmex celebra el D\u00eda de Internet 2015 con actividades e Internet gratuito<\/h3>\n<p>Del 12 al 18 de mayo, TELMEX ofrecer\u00e1 27 cursos, talleres y conferencias, tanto presenciales como en l\u00ednea en m\u00e1s de mil <strong>Bibliotecas Digitales<\/strong> de todo el pa\u00eds y en <strong>TelmexHub<\/strong>, as\u00ed como en la plataforma de educaci\u00f3n superior en l\u00ednea Acad\u00e9mica.<\/p>\n<p>Asimismo, la empresa mexicana de telecomunicaciones ofrecer\u00e1 del 12 al 18 de mayo de 2015 <strong>conexi\u00f3n WiFi gratuita<\/strong>\u00a0 en m\u00e1s de 5,600 sitios p\u00fablicos.<\/p>\n<p>&nbsp;<\/p>\n","protected":false},"excerpt":{"rendered":"<p>Bajo el tema \u201cTelecomunicaciones y las TICs: Manejadores de la Innovaci\u00f3n\u201d, se llevar\u00e1 a cabo la d\u00e9cima celebraci\u00f3n del D\u00eda<\/p>\n","protected":false},"author":2,"featured_media":17502,"comment_status":"closed","ping_status":"closed","sticky":false,"template":"","format":"standard","meta":[],"categories":[36,912],"tags":[8952,4797,2823,8956,8954,8957,2820,8953,8955,8951,2822,5286],"_links":{"self":[{"href":"https:\/\/www.travelbymexico.com\/blog\/wp-json\/wp\/v2\/posts\/17501"}],"collection":[{"href":"https:\/\/www.travelbymexico.com\/blog\/wp-json\/wp\/v2\/posts"}],"about":[{"href":"https:\/\/www.travelbymexico.com\/blog\/wp-json\/wp\/v2\/types\/post"}],"author":[{"embeddable":true,"href":"https:\/\/www.travelbymexico.com\/blog\/wp-json\/wp\/v2\/users\/2"}],"replies":[{"embeddable":true,"href":"https:\/\/www.travelbymexico.com\/blog\/wp-json\/wp\/v2\/comments?post=17501"}],"version-history":[{"count":2,"href":"https:\/\/www.travelbymexico.com\/blog\/wp-json\/wp\/v2\/posts\/17501\/revisions"}],"predecessor-version":[{"id":17505,"href":"https:\/\/www.travelbymexico.com\/blog\/wp-json\/wp\/v2\/posts\/17501\/revisions\/17505"}],"wp:featuredmedia":[{"embeddable":true,"href":"https:\/\/www.travelbymexico.com\/blog\/wp-json\/wp\/v2\/media\/17502"}],"wp:attachment":[{"href":"https:\/\/www.travelbymexico.com\/blog\/wp-json\/wp\/v2\/media?parent=17501"}],"wp:term":[{"taxonomy":"category","embeddable":true,"href":"https:\/\/www.travelbymexico.com\/blog\/wp-json\/wp\/v2\/categories?post=17501"},{"taxonomy":"post_tag","embeddable":true,"href":"https:\/\/www.travelbymexico.com\/blog\/wp-json\/wp\/v2\/tags?post=17501"}],"curies":[{"name":"wp","href":"https:\/\/api.w.org\/{rel}","templated":true}]}}