{"id":17495,"date":"2015-05-12T14:29:17","date_gmt":"2015-05-12T19:29:17","guid":{"rendered":"http:\/\/www.travelbymexico.com\/blog\/?p=17495"},"modified":"2015-05-12T14:32:07","modified_gmt":"2015-05-12T19:32:07","slug":"participa-en-el-xxxiii-maraton-y-ix-medio-maraton-de-la-ciudad-de-mexico-2015","status":"publish","type":"post","link":"https:\/\/www.travelbymexico.com\/blog\/17495-participa-en-el-xxxiii-maraton-y-ix-medio-maraton-de-la-ciudad-de-mexico-2015\/","title":{"rendered":"\u00a1Part\u00edcipa en el XXXIII Marat\u00f3n y IX Medio Marat\u00f3n de la Ciudad de M\u00e9xico 2015!"},"content":{"rendered":"<h2>Con el lema &#8220;Yo corro a mi ritmo&#8221; se realizar\u00e1 la edici\u00f3n 33 del Marat\u00f3n de la Ciudad de M\u00e9xico el domingo 30 de agosto de 2015. Adem\u00e1s de esta tradicional Ruta Ol\u00edmpica de 42, 195 metros, se llevar\u00e1n a cabo en otros horarios y\/o fechas, el Medio Marat\u00f3n, as\u00ed como las Carreras Familiar e Infantil.<\/h2>\n<h2>La carrera del XXXIII Marat\u00f3n de la ciudad de M\u00e9xico 2015 (patrocinada por TELCEL) estar\u00e1 acompa\u00f1ada por 22 coros y orquestas capitalinos.<\/h2>\n<h2>Se espera la asistencia de unos 30 mil corredores nacionales y extranjeros.<\/h2>\n<h3>Marat\u00f3n de la ciudad de M\u00e9xico: Carrera Sustentable que mejor\u00f3 su ranking mundial<\/h3>\n<p>Durante la presentaci\u00f3n del 33 Marat\u00f3n de la ciudad de M\u00e9xico, <strong>Miguel \u00c1ngel Mancera<\/strong>, el jefe de gobierno del Distrito Federal recibi\u00f3 un premio para esta carrera como 100% Sustentable, y coment\u00f3 que este a\u00f1o se espera la participaci\u00f3n de 30,000 corredores.<br \/>\nAsimismo, inform\u00f3 que esta justa deportiva ocupaba anteriormente el lugar 300 del ranking mundial, y que ahora se posiciona en el <strong>lugar 31<\/strong> de este mismo.<\/p>\n<h3>Rutas e Inscripci\u00f3n: XXXIII Marat\u00f3n y IX Medio Marat\u00f3n de la Cd. de M\u00e9xico<\/h3>\n<p>Ambas rutas est\u00e1n certificadas y homologadas por la Federaci\u00f3n Mexicana de Asociaciones de Atletismo, A. C., la Asociaci\u00f3n Internacional de Maratones (AIMS, International Asociation of Athletics Federation) y la Asociaci\u00f3n Internacional de Federaciones de Atletismo (IAAF, International Asociation of Athletics Federation.)<\/p>\n<p>&#8211; Si te inscribes para el Marat\u00f3n 2015 de la ciudad de M\u00e9xico antes del 30 de julio 2015, tu nu\u0301mero sera\u0301 personalizado (El sistema tomara\u0301 tu primer nombre de pila automa\u0301ticamente).<\/p>\n<p>&#8211; Si te inscribes para el Medio Marat\u00f3n 2015 de la ciudad de M\u00e9xico antes del 20 de junio, el nu\u0301mero sera\u0301 personalizado (El sistema tomara\u0301 el primer nombre de pila automa\u0301ticamente).<\/p>\n<p><strong>Inscr\u00edbete al 33\u00ba Marat\u00f3n y 1\/2 Marat\u00f3n y apoyo a fundaciones<\/strong><\/p>\n<p>Este a\u00f1o, el Marat\u00f3n y el Medio Marat\u00f3n de la ciudad de M\u00e9xico apoyar\u00e1n a 16 fundaciones <strong>autorizadas para vender inscripciones<\/strong> para correr el Marat\u00f3n de la Ciudad de M\u00e9xico<\/p>\n<p>\u00bfTodav\u00eda no tienes tu n\u00famero para el \u202aMarat\u00f3n y el Medio Marat\u00f3n Ciudad de M\u00e9xico 2015? Inscr\u00edbete y apoya alguna de las 16 fundaciones participantes. Para mayores informes, consulta este enlace http:\/\/maratoncdmx.com\/fundaciones<\/p>\n<p>Contacta directamente a las fundaciones para poder participar en el Marat\u00f3n y correr por una buena causa.<\/p>\n<h3>Fecha, horarios, ramas, categor\u00edas, rutas y convocatorias<\/h3>\n<h3>Marat\u00f3n de la Ciudad de M\u00e9xico (42.195 mts)\u00a0\u00a0<a title=\"Convocatoria Marat\u00f3n Ciudad de M\u00e9xico 2015\" href=\"http:\/\/maratoncdmx.com\/wp-content\/uploads\/2014\/09\/Convocatoria-Maraton-2015.pdf\" target=\"_blank\">descarga la Convocatoria<\/a><\/h3>\n<p><span style=\"text-decoration: underline;\"><strong>Domingo 30 de agosto de 2015<\/strong> <\/span><\/p>\n<p><strong>Costo de Inscripci\u00f3n<\/strong>: Nacionales: $500 pesos. | Extranjeros: $845 pesos.<\/p>\n<p><strong>Ramas<\/strong>: Femenil y Varonil<br \/>\n<strong>Categor\u00edas<\/strong>: Libre 18 a 24 a\u00f1os | Libre 25 a 29 a\u00f1os | Libre 30 a 34 a\u00f1os | Libre 35 a 39 a\u00f1os | Ma\u0301ster 40 a 44 a\u00f1os | Ma\u0301ster 45 a 49 a\u00f1os | Veteranos 50 a 54 a\u00f1os | Veteranos 55 a 59 a\u00f1os | Veteranos 60 a 64 a\u00f1os | Veteranos 65 a 69 a\u00f1os | Veteranos 70 a\u00f1os y mayores.<br \/>\nSilla de Ruedas (u\u0301nica ambas ramas)<br \/>\nInvidentes (u\u0301nica ambas ramas)<br \/>\nElite<\/p>\n<p><span style=\"text-decoration: underline;\"><strong>RUTA<\/strong> <\/span><br \/>\nHorario de salida: &#8211; 6:45 a.m. silla de ruedas | &#8211; 7:00 mujeres a.m. | &#8211; 7:15 hombres a.m.<\/p>\n<p><strong>Salida \u2013 <a title=\"Rese\u00f1a con fotos del Hemiciclo a Benito Ju\u00e1rez\" href=\"http:\/\/www.travelbymexico.com\/blog\/14513-hemiciclo-a-benito-juarez-en-la-ciudad-de-mexico\/\" target=\"_blank\">Hemiciclo a Ju\u00e1rez Av. Ju\u00e1rez<\/a><\/strong><\/p>\n<p>Km1 &#8211; Km9 &#8211;\u00a0Av. Paseo de la Reforma<br \/>\nKm10 &#8211;\u00a0Mariano Escobedo<br \/>\nKm11 &#8211; Darwin<br \/>\nKm12 &#8211; Thiers<br \/>\nKm13 &#8211; Av. Ej\u00e9rcito Nacional<br \/>\nKm14 &#8211; Moliere<br \/>\nKm15 &#8211; Presidente Masaryk<br \/>\nKm16 &#8211; Gandhi<br \/>\nKm17 &#8211; Gandhi<br \/>\nKm18 &#8211; Av. Paseo de la Reforma<br \/>\nKm19 &#8211; Av. Paseo de la Reforma<br \/>\nKm20 &#8211; Bosque de Chapultepec<br \/>\nKm21 &#8211; Aquarios Circuito Gandhi<br \/>\nKm22 &#8211; Km24 &#8211; Av. Paseo de la Reforma<br \/>\nKm25 &#8211; Niza<br \/>\nKm26 &#8211; Chapultepec<br \/>\nKm27 &#8211; Salamanca<br \/>\nKm28 &#8211; Durango<br \/>\nKm29 &#8211; Veracruz<br \/>\nKm30 &#8211; Sonora<br \/>\nKm31 Amsterdam<br \/>\nKm32 Av. Nuevo Le\u00f3n<br \/>\nKm33 Av. Insurgentes<br \/>\nKm34 Av. Insurgentes<br \/>\nKm35 Av. Insurgentes Sur a la altura de la Plaza de Toros<br \/>\nKm36 &#8211; Km 41\u00a0 Av. Insurgentes<\/p>\n<p><strong>META\u00a0 Estadio Ol\u00edmpico Universitario.<\/strong><\/p>\n<h3><strong>Medio Marat\u00f3n de la Ciudad de M\u00e9xico (21,097.5 mts) <a title=\"Convocatoria Medio Marat\u00f3n Ciudad de M\u00e9xico 2015\" href=\"http:\/\/maratoncdmx.com\/wp-content\/uploads\/2014\/09\/Convocatoria-Medio-Maraton-2015.pdf%20\" target=\"_blank\">descarga la convocatoria <\/a><\/strong><\/h3>\n<p><strong>Domingo 26 de julio 2015<\/strong><\/p>\n<p><span style=\"text-decoration: underline;\"><strong>Ramas y Categor\u00edas<\/strong><\/span><\/p>\n<p><strong>Ramas<\/strong>: Femenil y Varonil<br \/>\n<strong>Categori\u0301as<\/strong>: Libre 18 a 24 a\u00f1os | Libre 25 a 29 a\u00f1os | Libre 30 a 34 a\u00f1os | Libre 35 a 39 a\u00f1os | Ma\u0301ster 40 a 44 a\u00f1os | Ma\u0301ster 45 a 49 a\u00f1os | Veteranos 50 a 54 a\u00f1os | Veteranos 55 a 59 a\u00f1os | Veteranos 60 a 64 a\u00f1os | Veteranos 65 a 69 a\u00f1os | Veteranos 70 a\u00f1os y mayores.<\/p>\n<p><strong>Salida y Meta<\/strong>: Avenida Reforma y Florencia (<a title=\" El \u00c1ngel de la Independencia en la ciudad de M\u00e9xico\" href=\"http:\/\/www.travelbymexico.com\/blog\/10807-el-angel-de-la-independencia-en-la-ciudad-de-mexico\/\" target=\"_blank\">Monumento a la Independencia o \u00c1ngel de la Independencia<\/a>).<\/p>\n<p>Hora de Salida: Ambas ramas a las 7:00 am<\/p>\n<p>Km1 &#8211; Av. Paseo de la Reforma<br \/>\nKm2 &#8211; Calle Mahatma Gandhi<br \/>\nKm3 &#8211; Av. Paseo de la Reforma<br \/>\nKm4 &#8211; Av. Paseo de la Reforma<br \/>\nKm5 &#8211; Calz. Chivatito<br \/>\nKm6 &#8211; Fernando Alencastre<br \/>\nKm7 \u2013 Aguilar y Seijas<br \/>\nKm8 \u2013 Virreyes<br \/>\nKm9 \u2013 Virreyes<br \/>\nKm10 \u2013 Bosque de Chapultepec 3\u00aa secci\u00f3n<br \/>\nKm11 &#8211; Bosque de Chapultepec 3\u00aa secci\u00f3n<br \/>\nKm12 &#8211; Bosque de Chapultepec 3\u00aa secci\u00f3n<br \/>\nKm13 &#8211; Bosque de Chapultepec 3\u00aa secci\u00f3n<br \/>\nKm14 &#8211; De los Virreyes<br \/>\nKm15 &#8211; Bosque de Chapultepec 2\u00aa secci\u00f3n<br \/>\nKm16 &#8211; Bosque de Chapultepec 2\u00aa secci\u00f3n<br \/>\nKm17 &#8211; Bosque de Chapultepec 2\u00aa secci\u00f3n<br \/>\nKm18 &#8211; Chivatito<br \/>\nKm19 &#8211; Av. Paseo de la Reforma<br \/>\nKm20 &#8211; Av. Paseo de la Reforma<\/p>\n<h3>Carrera Familiar (<a title=\"Convocatoria Carrera Familiar Ciudad de M\u00e9xico 2015\" href=\"http:\/\/maratoncdmx.com\/wp-content\/uploads\/2015\/04\/Convocatoria_Carrera_Familiar_2015.pdf%20\" target=\"_blank\">descarga la convocatoria<\/a>)<\/h3>\n<p><strong>Sa\u0301bado 29 de agosto de 2015<\/strong><\/p>\n<p>Salida y Meta: a las 8:00 a.m en el Estadio Oli\u0301mpico Universitario \u201cCiudad Universitaria\u201d (UNAM)<\/p>\n<h3>Carrera Infantil (<a title=\"Convocatoria Carrera Infantil Ciudad de M\u00e9xico 2015\" href=\"http:\/\/maratoncdmx.com\/wp-content\/uploads\/2015\/04\/Convocatoria_Carrera_Infantil_2015.pdf%20\" target=\"_blank\">descarga la convocatoria<\/a>)<\/h3>\n<p><strong>Domingo 30 de agosto de 2015<\/strong><\/p>\n<p>Salida y Meta: a las 7:00 a.m en el Estadio Oli\u0301mpico Universitario \u201cCiudad Universitaria\u201d<\/p>\n<p>Marat\u00f3n de la Ciudad de M\u00e9xico<\/p>\n<p>Inscripci\u00f3n<\/p>\n<p>Si te inscribes al Marat\u00f3n 2015 de la ciudad de M\u00e9xico antes del 30 de julio 2015, tu nu\u0301mero sera\u0301 personalizado (El sistema tomara\u0301 tu primer nombre de pila automa\u0301ticamente).<\/p>\n<p>Si te inscribes al Medio Marat\u00f3n 2015 de la ciudad de M\u00e9xico antes del 20 de junio, el nu\u0301mero sera\u0301 personalizado (El sistema tomara\u0301 el primer nombre de pila automa\u0301ticamente).<\/p>\n<p>Inscr\u00edbete al 33\u00ba Marat\u00f3n y 1\/2 Marat\u00f3n y apoyo a fundaciones<\/p>\n<p>Este a\u00f1o, el Marat\u00f3n y el Medio Marat\u00f3n de la ciudad de M\u00e9xico apoyar\u00e1n a 16 fundaciones autorizadas para vender inscripciones para correr el Marat\u00f3n de la Ciudad de M\u00e9xico<\/p>\n<p>\u00bfTodav\u00eda no tienes tu n\u00famero para el \u202a#\u200eMarat\u00f3nCDMXTelcel\u202c o el 1\/2 marat\u00f3n? Inscr\u00edbete y apoya alguna de las 16 fundaciones participantes. http:\/\/maratoncdmx.com\/fundaciones<\/p>\n<h3>Servicios m\u00e9dicos, avituallamiento y zona de recuperaci\u00f3n<\/h3>\n<p>A lo largo del recorrido se ubicar\u00e1n M\u00f3dulos de Servicios M\u00e9dicos con m\u00e9dicos y\/o param\u00e9dicos, enfermeras, y puestos de avituallamiento con agua y Gatorade.<br \/>\nAl final de la carrera los participantes podr\u00e1n pasar a la zona de recuperaci\u00f3n con masaje.<\/p>\n<h3><a title=\"Reserva un hotel en la ciudad de M\u00e9xico\" href=\"http:\/\/www.travelbymexico.com\/ciudaddemexico\/hoteles\" target=\"_blank\">Reserva tu hotel en la ciudad de M\u00e9xico\u00a0<\/a><\/h3>\n<p>&nbsp;<\/p>\n<p>&nbsp;<\/p>\n","protected":false},"excerpt":{"rendered":"<p>Con el lema &#8220;Yo corro a mi ritmo&#8221; se realizar\u00e1 la edici\u00f3n 33 del Marat\u00f3n de la Ciudad de M\u00e9xico<\/p>\n","protected":false},"author":2,"featured_media":17496,"comment_status":"closed","ping_status":"closed","sticky":false,"template":"","format":"standard","meta":[],"categories":[10],"tags":[4855,4849,4837,1964,8949,4851,318,9800,4848,4854,4850,5526,4852,3317,4847,8950,5175,4407,2173],"_links":{"self":[{"href":"https:\/\/www.travelbymexico.com\/blog\/wp-json\/wp\/v2\/posts\/17495"}],"collection":[{"href":"https:\/\/www.travelbymexico.com\/blog\/wp-json\/wp\/v2\/posts"}],"about":[{"href":"https:\/\/www.travelbymexico.com\/blog\/wp-json\/wp\/v2\/types\/post"}],"author":[{"embeddable":true,"href":"https:\/\/www.travelbymexico.com\/blog\/wp-json\/wp\/v2\/users\/2"}],"replies":[{"embeddable":true,"href":"https:\/\/www.travelbymexico.com\/blog\/wp-json\/wp\/v2\/comments?post=17495"}],"version-history":[{"count":4,"href":"https:\/\/www.travelbymexico.com\/blog\/wp-json\/wp\/v2\/posts\/17495\/revisions"}],"predecessor-version":[{"id":17500,"href":"https:\/\/www.travelbymexico.com\/blog\/wp-json\/wp\/v2\/posts\/17495\/revisions\/17500"}],"wp:featuredmedia":[{"embeddable":true,"href":"https:\/\/www.travelbymexico.com\/blog\/wp-json\/wp\/v2\/media\/17496"}],"wp:attachment":[{"href":"https:\/\/www.travelbymexico.com\/blog\/wp-json\/wp\/v2\/media?parent=17495"}],"wp:term":[{"taxonomy":"category","embeddable":true,"href":"https:\/\/www.travelbymexico.com\/blog\/wp-json\/wp\/v2\/categories?post=17495"},{"taxonomy":"post_tag","embeddable":true,"href":"https:\/\/www.travelbymexico.com\/blog\/wp-json\/wp\/v2\/tags?post=17495"}],"curies":[{"name":"wp","href":"https:\/\/api.w.org\/{rel}","templated":true}]}}