{"id":17448,"date":"2015-04-30T22:31:11","date_gmt":"2015-05-01T03:31:11","guid":{"rendered":"http:\/\/www.travelbymexico.com\/blog\/?p=17448"},"modified":"2015-04-30T22:31:11","modified_gmt":"2015-05-01T03:31:11","slug":"eugenia-leon-ha-ash-pepe-aguilar-en-la-feria-del-queso-y-el-vino-tequisquiapan-2015","status":"publish","type":"post","link":"https:\/\/www.travelbymexico.com\/blog\/17448-eugenia-leon-ha-ash-pepe-aguilar-en-la-feria-del-queso-y-el-vino-tequisquiapan-2015\/","title":{"rendered":"Eugenia Le\u00f3n, Ha-Ash, Pepe Aguilar en la Feria del Queso y el Vino Tequisquiapan 2015"},"content":{"rendered":"<h2>Durante los tres \u00faltimos fines de semana del pr\u00f3ximo mes de mayo, el<a title=\" Tequisquiapan, nuevo Pueblo M\u00e1gico de M\u00e9xico (Oct. 2012)\" href=\"http:\/\/www.travelbymexico.com\/blog\/12919-tequisquiapan-nuevo-pueblo-magico-de-mexico\" target=\"_blank\"> Pueblo M\u00e1gico de Tequisquiapan<\/a> te invita a saborear algunas de las delicias regionales que caracterizan al estado de Quer\u00e9taro durante la tradicional Feria Nacional del Queso y Vino de Tequisquiapan, para la cual este a\u00f1o se espera la asistencia de entre 65 y 70 mil personas.<\/h2>\n<h3>Eventos y actividades<\/h3>\n<p>Adem\u00e1s de catas, cenas, *paseos, talleres, venta de quesos, vinos, alimentos Gourmet, cristales y accesorios afines, se presentar\u00e1n en conciertos los siguientes artistas nacionales: Eugenia Le\u00f3n, Ha-Ash, Pepe Aguilar, y Los \u00c1ngeles Negros, as\u00ed como artistas de la regi\u00f3n.<\/p>\n<h3>Programa de conciertos en el Parque de La Pila<\/h3>\n<p>A las 20:30 horas.<\/p>\n<p>Viernes 15 de mayo 2015: <strong>Eugenia Le\u00f3n<\/strong> &#8211; Concierto Inauguraci\u00f3n de la Feria.<\/p>\n<p>Viernes 22 de mayo de 2015:<strong> Ha-Ash<\/strong><\/p>\n<p>Viernes 29 de mayo de 2015: <strong>Pepe Aguilar <\/strong><\/p>\n<p>Domingo 31 de mayo de 2015: <strong>Los \u00c1ngeles Negros<\/strong> &#8211; Concierto Cierre de la Feria.<\/p>\n<h3>\u00bfCu\u00e1ndo y d\u00f3nde?<\/h3>\n<p>La F<strong>eria del Queso y el Vino Tequisquiapan 2015<\/strong> se llevar\u00e1 a cabo durante los 3 \u00faltimos fines de semana de mayo en el <strong>Jard\u00edn Miguel Hidalgo<\/strong> (Plaza principal) de Tequisquiapan y el <strong>Parque La Pila<\/strong>, situado a dos cuadras del jard\u00edn (Ezequiel Montes 31, Centro, C.P. 76750 Tequisquiapan, QUER., M\u00e9xico)<\/p>\n<p>Viernes 15, s\u00e1bado 16 y domingo 17 de mayo de 2015.<br \/>\nJueves 21, viernes 22, s\u00e1bado 23, domingo 24 de mayo de 2015.<br \/>\nJueves 28, viernes 29, s\u00e1bado 30 y domingo 31 de mayo de 2015.<\/p>\n<h3>*Recorridos por la Ruta del Queso y el Vino:<\/h3>\n<p>Adem\u00e1s, todos los d\u00edas que dure la Feria, los visitantes podr\u00e1n realizar recorridos por <strong>La Ruta del Queso y el Vino<\/strong>: Esta famosa ruta es un <strong>paseo gastron\u00f3mico<\/strong>, <strong>cultural<\/strong> y <strong>recreativo<\/strong> que puedes contratar con diversas agencias a lo largo de todo el a\u00f1o; incluye visitas a los <strong>Vi\u00f1edos<\/strong> y <strong>Queser\u00edas<\/strong> que se extienden a trav\u00e9s del territorio del semidesierto queretano en los municipios de El Marqu\u00e9s, Ezequiel Montes, Tequisquiapan y Col\u00f3n.<\/p>\n<p>Lleno de colores y sabores, este recorrido despertar\u00e1 tus papilas gustativas y te ofrecer\u00e1 horas de deliciosa diversi\u00f3n siendo una experiencia que abarca no s\u00f3lo lugares, sino tradiciones, emoci\u00f3n, \u201csavoir-faire\u201d y pasi\u00f3n.<\/p>\n<p><a href=\"http:\/\/www.travelbymexico.com\/blog\/imgBase\/2015\/04\/903.jpg\"><img loading=\"lazy\" class=\"alignnone size-medium wp-image-17450\" src=\"http:\/\/www.travelbymexico.com\/blog\/imgBase\/2015\/04\/903-320x240.jpg\" alt=\"Paseos por las Queser\u00edas y Vi\u00f1edos de Quer\u00e9taro\" width=\"320\" height=\"240\" srcset=\"https:\/\/www.travelbymexico.com\/blog\/imgBase\/2015\/04\/903-320x240.jpg 320w, https:\/\/www.travelbymexico.com\/blog\/imgBase\/2015\/04\/903.jpg 640w\" sizes=\"(max-width: 320px) 100vw, 320px\" \/><\/a><\/p>\n<h3>Vi\u00f1edos y Queser\u00edas de Quer\u00e9taro<\/h3>\n<p><strong>Cavas:<\/strong><br \/>\nCavas Freixenet<br \/>\nVi\u00f1edos La Redonda<br \/>\nVi\u00f1edos Los Rosales<br \/>\nRancho Los Aztecas<br \/>\nVinos Del Marqu\u00e9s<br \/>\nBodegas de Cote<\/p>\n<p><strong>Queser\u00edas:<\/strong><br \/>\nQuesos VAI<br \/>\nRancho La Hondonada<br \/>\nRancho San Josemar\u00eda<br \/>\nRancho Santa Marina<br \/>\nQuesos La Serpentina<br \/>\nLa Queser\u00eda N\u00e9ole<\/p>\n<h3>Para mayores informes:<\/h3>\n<p><strong><a title=\"Mapa Interactivo del Estado de Queretaro\" href=\"http:\/\/www.travelbymexico.com\/estados\/queretaro_edo\" target=\"_blank\">Mapa del Estado de Quer\u00e9taro<\/a><\/strong><\/p>\n<p><strong><a title=\"Vislumbres de Quer\u00e9taro, video de SECTUR Quer\u00e9taro\" href=\"http:\/\/www.travelbymexico.com\/queretaro\/video\/index.php?nom=WSbquevislumbres&amp;don=0\" target=\"_blank\">Video \u201cVislumbres de Quer\u00e9taro\u201d<\/a><\/strong>. Proporcianado por la Secretar\u00eda de Turismo del Estado de Quer\u00e9taro para la promoci\u00f3n tur\u00edstica de la entidad.<\/p>\n<p><strong><a title=\"Reserva un Hotel en la ciudad de Quer\u00e9taro, M\u00e9xico\" href=\"http:\/\/www.travelbymexico.com\/queretaro\/hoteles\" target=\"_blank\">Reserva un Hotel en la Ciudad de Quer\u00e9taro <\/a><\/strong><\/p>\n","protected":false},"excerpt":{"rendered":"<p>Durante los tres \u00faltimos fines de semana del pr\u00f3ximo mes de mayo, el Pueblo M\u00e1gico de Tequisquiapan te invita a<\/p>\n","protected":false},"author":2,"featured_media":17449,"comment_status":"closed","ping_status":"closed","sticky":false,"template":"","format":"standard","meta":[],"categories":[36,912],"tags":[1738,5169,360,8908,7609,2130,4512,7610,8910,7607,2761,8909,4826,6962,6961,1875,1052,6960,4248,1328,2396,1583],"_links":{"self":[{"href":"https:\/\/www.travelbymexico.com\/blog\/wp-json\/wp\/v2\/posts\/17448"}],"collection":[{"href":"https:\/\/www.travelbymexico.com\/blog\/wp-json\/wp\/v2\/posts"}],"about":[{"href":"https:\/\/www.travelbymexico.com\/blog\/wp-json\/wp\/v2\/types\/post"}],"author":[{"embeddable":true,"href":"https:\/\/www.travelbymexico.com\/blog\/wp-json\/wp\/v2\/users\/2"}],"replies":[{"embeddable":true,"href":"https:\/\/www.travelbymexico.com\/blog\/wp-json\/wp\/v2\/comments?post=17448"}],"version-history":[{"count":1,"href":"https:\/\/www.travelbymexico.com\/blog\/wp-json\/wp\/v2\/posts\/17448\/revisions"}],"predecessor-version":[{"id":17451,"href":"https:\/\/www.travelbymexico.com\/blog\/wp-json\/wp\/v2\/posts\/17448\/revisions\/17451"}],"wp:featuredmedia":[{"embeddable":true,"href":"https:\/\/www.travelbymexico.com\/blog\/wp-json\/wp\/v2\/media\/17449"}],"wp:attachment":[{"href":"https:\/\/www.travelbymexico.com\/blog\/wp-json\/wp\/v2\/media?parent=17448"}],"wp:term":[{"taxonomy":"category","embeddable":true,"href":"https:\/\/www.travelbymexico.com\/blog\/wp-json\/wp\/v2\/categories?post=17448"},{"taxonomy":"post_tag","embeddable":true,"href":"https:\/\/www.travelbymexico.com\/blog\/wp-json\/wp\/v2\/tags?post=17448"}],"curies":[{"name":"wp","href":"https:\/\/api.w.org\/{rel}","templated":true}]}}