{"id":17431,"date":"2015-04-24T19:00:06","date_gmt":"2015-04-25T00:00:06","guid":{"rendered":"http:\/\/www.travelbymexico.com\/blog\/?p=17431"},"modified":"2015-04-24T19:00:06","modified_gmt":"2015-04-25T00:00:06","slug":"gastronomicon-leon-2015-congreso-academico-y-expo-de-negocios","status":"publish","type":"post","link":"https:\/\/www.travelbymexico.com\/blog\/17431-gastronomicon-leon-2015-congreso-academico-y-expo-de-negocios\/","title":{"rendered":"Gastronomicon Le\u00f3n 2015, Congreso acad\u00e9mico y Expo de negocios"},"content":{"rendered":"<h2>Plataforma del conocimiento y exposici\u00f3n gastron\u00f3mica m\u00e1s importante de la regi\u00f3n, el Gastronomicon 2015 es un intercambio comercial que re\u00fane a maestros, alumnos, profesionales y proveedores de la gastronom\u00eda en un solo lugar.<\/h2>\n<p>En este Congreso Acad\u00e9mico y Expo de negocios, chefs y profesionales de la gastronom\u00eda compartir\u00e1n con el p\u00fablico su conocimiento sobre temas tan diversos como la gastronom\u00eda creativa, la cocina sostenible de Chiapas, las tapas, y las nuevas tendencias en reposter\u00eda, entre otros.<\/p>\n<h3>Conferencias y ponentes<\/h3>\n<h3>Mi\u00e9rcoles 3 de junio de 2015 en el Sal\u00f3n 1<\/h3>\n<p><strong>Chef Juantxo S\u00e1nchez<\/strong><br \/>\n&#8220;Las regiones gastron\u00f3micas espa\u00f1olas y su evoluci\u00f3n actual&#8221;<br \/>\n10:00-11:00 hrs.<\/p>\n<p><strong>Lic. Rosy Damico<\/strong><br \/>\n&#8220;La comida, un ritual sagrado&#8221;<br \/>\n11:30-12:30 hrs.<\/p>\n<p><strong>Chef Sabina Bandera Gonz\u00e1lez <\/strong>y<strong> Chef Juan Emiliano Villase\u00f1or<\/strong><br \/>\n&#8220;Mariscos de Baja California con un toque guerrerense<br \/>\n12:30-14:00 hrs.<\/p>\n<p><strong>Chef Marta Zepeda<\/strong><br \/>\n&#8220;Cocina sostenible de Chiapas; chiles de Chiapas&#8221;<br \/>\n16:00-18:00 hrs.<\/p>\n<p><strong>Chef Daniel Ovadia<\/strong><br \/>\n&#8220;De Paxia a Nudo Negro&#8221;<br \/>\n18:30-20:30 hrs.<\/p>\n<h3>Jueves 4 de junio de 2015 en el Sal\u00f3n 1<\/h3>\n<p><strong>Chef Marta Zepeda<\/strong><br \/>\n&#8220;Innovaci\u00f3n y emprendimiento como ejes de desarrollo&#8221;<br \/>\n11:30-12:30 hrs.<\/p>\n<p><strong>Chef Juantxo S\u00e1nchez<\/strong><br \/>\n&#8220;Comida Vasca&#8221;<br \/>\n12:30-14:30 hrs.<\/p>\n<p><strong>Chef Bianca Castro<\/strong><br \/>\n&#8220;Nuevas tendencias en reposter\u00eda: las 10 cosas que tienes que evitar en un evento&#8221;<\/p>\n<h3>Viernes 5 de junio de 2015 en el Sal\u00f3n 1<\/h3>\n<p><strong>Chef Juan Emiliano Villase\u00f1or<\/strong><br \/>\n&#8220;Tapas&#8221;<br \/>\n10:00-11:00 hrs.<\/p>\n<p><strong>Alejandro Escalante<\/strong><br \/>\n&#8220;Tacopedia&#8221;<br \/>\n11:30-12:30 hrs.<\/p>\n<p><strong>Chef \u00c1quiles Ch\u00e1vez<\/strong><br \/>\n12:30-14:30 hrs. (tema por confirmar)<\/p>\n<p><strong>Chef Bianca Castro Castro Cerio<\/strong><br \/>\nTema y fecha por confirmar.<\/p>\n<h3>\u00bfC\u00f3mo asistir al Gastron\u00f3micon 2015?<\/h3>\n<p>Registra tu invitaci\u00f3n aqu\u00ed:<br \/>\nhttp:\/\/www.gastronomicon.com.mx\/index.php?opcion=contacto<\/p>\n<h3>Fecha, direcci\u00f3n y horario del Gastronomicon 2015<\/h3>\n<p>Del mi\u00e9rcoles 3 al viernes 5 de junio de 2015<br \/>\nde 08:00 a 20:30 hrs.<\/p>\n<p>En el <strong>Poliforum Le\u00f3n<\/strong> (Sal\u00f3n B301cd y Sal\u00f3n B301a). Blvd. Adolfo L\u00f3pez Mateos esq. Blvd. Francisco Villa s\/n<br \/>\nCol. Oriental. C.P. 37510 Le\u00f3n, Guanajuato.<\/p>\n<p><a title=\"Gu\u00eda de hoteles en la ciudad de Le\u00f3n\" href=\"http:\/\/www.travelbymexico.com\/leon_cd\/hoteles\" target=\"_blank\"><strong>Reserva un hotel en nuestra Gu\u00eda de Hoteles en Le\u00f3n<\/strong> <\/a><\/p>\n<p>&nbsp;<\/p>\n","protected":false},"excerpt":{"rendered":"<p>Plataforma del conocimiento y exposici\u00f3n gastron\u00f3mica m\u00e1s importante de la regi\u00f3n, el Gastronomicon 2015 es un intercambio comercial que re\u00fane<\/p>\n","protected":false},"author":2,"featured_media":17432,"comment_status":"closed","ping_status":"closed","sticky":false,"template":"","format":"standard","meta":[],"categories":[36,17],"tags":[8880,8883,8879,8881,299,317,8885,363,604,8884,1035,1090,8882],"_links":{"self":[{"href":"https:\/\/www.travelbymexico.com\/blog\/wp-json\/wp\/v2\/posts\/17431"}],"collection":[{"href":"https:\/\/www.travelbymexico.com\/blog\/wp-json\/wp\/v2\/posts"}],"about":[{"href":"https:\/\/www.travelbymexico.com\/blog\/wp-json\/wp\/v2\/types\/post"}],"author":[{"embeddable":true,"href":"https:\/\/www.travelbymexico.com\/blog\/wp-json\/wp\/v2\/users\/2"}],"replies":[{"embeddable":true,"href":"https:\/\/www.travelbymexico.com\/blog\/wp-json\/wp\/v2\/comments?post=17431"}],"version-history":[{"count":1,"href":"https:\/\/www.travelbymexico.com\/blog\/wp-json\/wp\/v2\/posts\/17431\/revisions"}],"predecessor-version":[{"id":17433,"href":"https:\/\/www.travelbymexico.com\/blog\/wp-json\/wp\/v2\/posts\/17431\/revisions\/17433"}],"wp:featuredmedia":[{"embeddable":true,"href":"https:\/\/www.travelbymexico.com\/blog\/wp-json\/wp\/v2\/media\/17432"}],"wp:attachment":[{"href":"https:\/\/www.travelbymexico.com\/blog\/wp-json\/wp\/v2\/media?parent=17431"}],"wp:term":[{"taxonomy":"category","embeddable":true,"href":"https:\/\/www.travelbymexico.com\/blog\/wp-json\/wp\/v2\/categories?post=17431"},{"taxonomy":"post_tag","embeddable":true,"href":"https:\/\/www.travelbymexico.com\/blog\/wp-json\/wp\/v2\/tags?post=17431"}],"curies":[{"name":"wp","href":"https:\/\/api.w.org\/{rel}","templated":true}]}}