{"id":17385,"date":"2015-04-10T10:09:35","date_gmt":"2015-04-10T15:09:35","guid":{"rendered":"http:\/\/www.travelbymexico.com\/blog\/?p=17385"},"modified":"2015-04-03T23:21:39","modified_gmt":"2015-04-04T05:21:39","slug":"80-musicos-participaran-en-el-3er-encuentro-de-son-jarocho-en-el-cenart","status":"publish","type":"post","link":"https:\/\/www.travelbymexico.com\/blog\/17385-80-musicos-participaran-en-el-3er-encuentro-de-son-jarocho-en-el-cenart\/","title":{"rendered":"80 m\u00fasicos participar\u00e1n en el 3er Encuentro de Son Jarocho en el CENART"},"content":{"rendered":"<h2>En la 3era edici\u00f3n del &#8216;Encuentro de Son Jarocho &#8211; La Fiesta de las Jaranas y las Tarimas&#8217;, 80 m\u00fasicos procedentes de\u00a0 Veracruz, Oaxaca y la Ciudad de M\u00e9xico, ofrecer\u00e1n su arte en conciertos de entrada libre en las instalaciones del Centro Nacional de las Artes (CENART), as\u00ed como en las de la Casa Xitla, en Tlalpan.<\/h2>\n<h2>Conciertos, conferencias, talleres, homenaje, as\u00ed como venta de instrumentos, discos y libros, conformar\u00e1n las actividades y eventos de este encuentro musical.<\/h2>\n<h3>\u00bfQu\u00e9 es el Son Jarocho?<\/h3>\n<p>La palabra &#8220;son&#8221; designaba a principios del siglo XIX a cualquiera de los sonecitos de M\u00e9xico que incorporaban baile en el evento popular y conten\u00eda rasgos estil\u00edsticos mestizos.<\/p>\n<p>El Son Jarocho es una expresi\u00f3n musical caracter\u00edstica del Golfo de M\u00e9xico (de la zona del Sotavento, la cual abarca parte de los estados de Oaxaca, Tabasco y Veracruz) que naci\u00f3 en la cuenca del r\u00edo Papaloapan. Su m\u00e1xima expresi\u00f3n es la fiesta tradicional del fandango, en la que se combinan la <strong>m\u00fasica<\/strong>, <strong>danza<\/strong> (zapateado) y <strong>poes\u00eda<\/strong> (canto)<\/p>\n<p><strong>Instrumentos principales<\/strong> del Son Jarocho son: la jarana jarocha, la arpa jarocha, el requinto jarocho, la tarima (sobre la cual los bailarines hacen el &#8216;zapateado).<br \/>\n<strong>Instrumentos auxiliares<\/strong> son: leona, pandero jarocho, quijada, marimbol, g\u00fciro, caj\u00f3n de tapeo.<\/p>\n<h3>Eventos y actividades<\/h3>\n<h3>3er Encuentro de Son Jarocho &#8216;La Fiesta de las Jaranas y las Tarimas&#8217;<\/h3>\n<h3>Jueves 16 de abril de 2015<\/h3>\n<p>20:00 &#8211; 22:00 hrs en el Auditorio Blas Galindo, R\u00edo Churubusco No. 79 Distrito Federal<\/p>\n<p><strong>Concierto inaugural<\/strong>: &#8216;<strong>De Beirut a Cosamaloapan<\/strong>&#8216;<br \/>\nEbl\u00e9n Macari Tr\u00edo e invitados, Rub\u00ed Oseguera y Ram\u00f3n Guti\u00e9rrez.<\/p>\n<h3>Viernes 17 de abril de 2015 &#8211; Conferencias y clase magistral<\/h3>\n<p><strong>Conferencias<\/strong> &#8211; Aula Magna Jos\u00e9 Vasconcelos. Entrada libre.<\/p>\n<p>10 h &#8211; El Encuentro de Jaraneros de Tlacotalpan, las instituciones culturales y los medios electr\u00f3nicos. Rodolfo Mendoza Rosendo (Instituto Veracruzano de la Cultura \u2013 IVEC) | Graciela Ram\u00edrez (Radio Educaci\u00f3n) |<br \/>\nFelipe Oropeza.<br \/>\n11 h &#8211; Sones de muertos y aparecidos<br \/>\nImpartida por: Alfredo Delgado Calder\u00f3n<br \/>\n12h &#8211; Recordando a Andr\u00e9s Alfonso (Arpista tlacotalpe\u00f1o)<br \/>\nImpartida por: Gilberto Guti\u00e9rrez<br \/>\n13h &#8211; El papel de la mujer en el son jarocho<br \/>\nAdriana Cao Romero, Gisela Far\u00edas, Raquel Vega, Gemaly Padua.<br \/>\nModera: Graciela Ram\u00edrez<\/p>\n<p><strong>Clase magistral de Zapateado<\/strong> (Niveles intermedios y avanzados) Impartida por Rub\u00ed Oseguera y bailadoras del Sur de Veracruz<\/p>\n<h3>Viernes 17 de abril de 2015 &#8211; <strong>Talleres<\/strong><\/h3>\n<p>De 16 a 18 h, en las \u00e1reas verdes del CENART (sin costo, cupo limitado)<br \/>\nLas inscripciones se har\u00e1n el viernes 17 de abril, de 13 a 15 h, en la Plaza de las Artes.<\/p>\n<p>*Se debe traer instrumento<br \/>\nTaller de *Arpa. Imparte Octavio Vega (Mono Blanco)<br \/>\nTaller de *Guitarra de Son o requinto*. Imparte Ram\u00f3n Guti\u00e9rrez (Son de Madera)<br \/>\nTaller de Bajo jarocho o guitarr\u00f3n jarocho*. Imparte Juan Campechano (Mono Blanco)<br \/>\nTaller de Jarana 1*. Imparte Andr\u00e9s Moreno N\u00e1jera (Los Cultivadores del Son)<br \/>\nTaller de Jarana 2*. Imparte Sael Blanco (Colectivo Altepee)<br \/>\nTaller de Zapateado para principiantes. Imparte Gemaly Padua y Colectivo Altepe.<br \/>\nTaller: &#8216;La versada en el son jarocho&#8217;. Imparte Fernando Guadarrama.<\/p>\n<p>Adem\u00e1s se contar\u00e1 con un homenaje-recuerdo al arpista tacotalpe\u00f1o Andr\u00e9s Alfonso, por Gilberto Guti\u00e9rrez Silva; y Adriana Cao Romero, Gisela Far\u00edas, Raquel Vega y Gemaly Padua reflexionar\u00e1n sobre El papel de la mujer en el Son Jarocho.<\/p>\n<h3>S\u00e1bado 18 de abril de 2015 &#8211; Conciertos<\/h3>\n<p><span style=\"text-decoration: underline;\">En las \u00e1reas Verdes del CENART &#8211; Entrada libre<\/span><br \/>\n13 h &#8211; Son Jaguar. Son Jarocho cantado en Nahuatl (Tatahuicapan)<br \/>\n14 h &#8211; Ca\u00f1a dulce y ca\u00f1a brava. (Boca del Barco, D.F.)<br \/>\n15h &#8211; Celebraci\u00f3n de la vida de Aleph Casta\u00f1eda. Son de Madera e invitados. (Xalapa, Boca de San Miguel)<br \/>\n16h &#8211; Ariles al sol y al sereno. M\u00fasicos y bailadoras del sur de Veracruz. Direcci\u00f3n: Rub\u00ed Oseguera.<\/p>\n<p><span style=\"text-decoration: underline;\">En la Casa Xitla<\/span> (Calle del Convento 37, col. Santa \u00darsula Xitla, Tlalpan)<br \/>\n21h &#8211; Fandango Nocturno: Floreo de tarima con Samuel Aguilera. Participaci\u00f3n de los m\u00fasicos del encuentro.<\/p>\n<h3>S\u00e1bado 18 de abril de 2015 &#8211; Conferencias<\/h3>\n<p>Aula Magna Jos\u00e9 Vasconcelos. Entrada libre<\/p>\n<p>10h &#8211; 14 a\u00f1os de Son para Milo. Un encuentro de m\u00fasica mexicana hecho en la Normal de Maestros.<br \/>\nConsuelo Mart\u00ednez S\u00e1nchez y Rodrigo Rojas Arag\u00f3n<br \/>\n11h &#8211; El Fandango- Fronterizo Tijuana-San Diego. Ocho a\u00f1os en la l\u00ednea. Jorge Francisco Castillo<br \/>\n12h &#8211; El trabajo comunitario en la sierra de Santa Martha (Colectivo Altepee).<\/p>\n<h3>Domingo 19 de abril de 2015 &#8211;\u00a0 Conciertos<\/h3>\n<p><span style=\"text-decoration: underline;\">En las \u00e1reas Verdes del CENART &#8211; Entrada libre<\/span><br \/>\n12h &#8211; Tapacamino Colectivo Musiquero (Oaxaca)<br \/>\n13h &#8211; Los Cultivadores del Son (San Andr\u00e9s Tuxtla)<br \/>\n14h &#8211; Colectivo Altepee (Chacalapa y Acayucan)<br \/>\n15h &#8211; Mono Blanco (Los Tuxtlas).<\/p>\n<h3>Direcci\u00f3n del Centro Nacional de las Artes (CENART)<\/h3>\n<p>R\u00edo Churubusco No.79, esquina con Calzada de Tlalpan, col. Country Club, Coyoac\u00e1n, Distrito Federal. Ciudad de M\u00e9xico.<\/p>\n","protected":false},"excerpt":{"rendered":"<p>En la 3era edici\u00f3n del &#8216;Encuentro de Son Jarocho &#8211; La Fiesta de las Jaranas y las Tarimas&#8217;, 80 m\u00fasicos<\/p>\n","protected":false},"author":2,"featured_media":17386,"comment_status":"closed","ping_status":"closed","sticky":false,"template":"","format":"standard","meta":[],"categories":[36],"tags":[8832,8834,6207,8833,2520,2521,318,360,363,4548,8835,5461,1326],"_links":{"self":[{"href":"https:\/\/www.travelbymexico.com\/blog\/wp-json\/wp\/v2\/posts\/17385"}],"collection":[{"href":"https:\/\/www.travelbymexico.com\/blog\/wp-json\/wp\/v2\/posts"}],"about":[{"href":"https:\/\/www.travelbymexico.com\/blog\/wp-json\/wp\/v2\/types\/post"}],"author":[{"embeddable":true,"href":"https:\/\/www.travelbymexico.com\/blog\/wp-json\/wp\/v2\/users\/2"}],"replies":[{"embeddable":true,"href":"https:\/\/www.travelbymexico.com\/blog\/wp-json\/wp\/v2\/comments?post=17385"}],"version-history":[{"count":4,"href":"https:\/\/www.travelbymexico.com\/blog\/wp-json\/wp\/v2\/posts\/17385\/revisions"}],"predecessor-version":[{"id":17390,"href":"https:\/\/www.travelbymexico.com\/blog\/wp-json\/wp\/v2\/posts\/17385\/revisions\/17390"}],"wp:featuredmedia":[{"embeddable":true,"href":"https:\/\/www.travelbymexico.com\/blog\/wp-json\/wp\/v2\/media\/17386"}],"wp:attachment":[{"href":"https:\/\/www.travelbymexico.com\/blog\/wp-json\/wp\/v2\/media?parent=17385"}],"wp:term":[{"taxonomy":"category","embeddable":true,"href":"https:\/\/www.travelbymexico.com\/blog\/wp-json\/wp\/v2\/categories?post=17385"},{"taxonomy":"post_tag","embeddable":true,"href":"https:\/\/www.travelbymexico.com\/blog\/wp-json\/wp\/v2\/tags?post=17385"}],"curies":[{"name":"wp","href":"https:\/\/api.w.org\/{rel}","templated":true}]}}