{"id":17301,"date":"2015-03-20T10:09:13","date_gmt":"2015-03-20T16:09:13","guid":{"rendered":"http:\/\/www.travelbymexico.com\/blog\/?p=17301"},"modified":"2015-03-19T17:29:45","modified_gmt":"2015-03-19T23:29:45","slug":"artistas-con-sindrome-de-down-exhibiran-sus-obras-en-el-d-f","status":"publish","type":"post","link":"https:\/\/www.travelbymexico.com\/blog\/17301-artistas-con-sindrome-de-down-exhibiran-sus-obras-en-el-d-f\/","title":{"rendered":"Artistas con s\u00edndrome de Down exhibir\u00e1n sus obras en el D.F."},"content":{"rendered":"<h2>Ma\u00f1ana viernes 20 de marzo de 2015, en el Museo de la Canciller\u00eda de la ciudad de M\u00e9xico se inaugurar\u00e1 &#8220;Resplandor del alma&#8221;, muestra colectiva de pintura, grabado, litograf\u00eda y escultura realizada por j\u00f3venes alumnos de la Escuela Mexicana de Arte Down, Fundaci\u00f3n John Langdon Down A.C.<\/h2>\n<h3>Escuela Mexicana de Arte Down A.C.<\/h3>\n<p>Instituci\u00f3n \u00fanica en el mundo, la Escuela Mexicana de Arte Down A.C. inici\u00f3 como un peque\u00f1o taller en el que j\u00f3venes con S\u00edndrome de Down pudieran expresar sus ideas, emociones, percepciones y sensaciones por medio de la educacion art\u00edstica.<\/p>\n<p>Hoy en d\u00eda, est\u00e1 dedicado a promover la integraci\u00f3n social, reafirmar la identidad y elevar la autoestima de las personas con s\u00edndrome de Down a trav\u00e9s de las artes pl\u00e1sticas.<\/p>\n<h3>\u00bfQu\u00e9 es el S\u00edndrome de Down?<\/h3>\n<p>Se trata de una alteraci\u00f3n gen\u00e9tica ocasionada por la presencia de un cromosoma extra en el par 21 que afecta a 1 de cada 773 nacimientos vivos, el S\u00edndrome de Down constituye la causa de discapacidad intelectual de origen gen\u00e9tico m\u00e1s com\u00fan en todo el mundo.<\/p>\n<h3>\u00bfCu\u00e1ndo, cu\u00e1nto y d\u00f3nde?<\/h3>\n<p>Organizada por la <strong>Fundaci\u00f3n John Langdon Down<\/strong> y la <strong>Secretar\u00eda de Relaciones Exteriores<\/strong>, a trav\u00e9s del <strong>Instituto Mat\u00edas Romero<\/strong> y el <strong>Museo de la Canciller\u00eda<\/strong>, la muestra &#8220;Resplandor del alma&#8221; estar\u00e1 disponible<span style=\"text-decoration: underline;\"><strong> del 20 de marzo al 10 de abril de 2015<\/strong><\/span> <strong>en el<\/strong><span style=\"text-decoration: underline;\"><strong> Museo de la Canciller\u00eda<\/strong><\/span> situado en el Convento anexo al antiguo oratorio dedicado a San Felipe Neri, construcci\u00f3n que data del siglo XVIII.<\/p>\n<p><span style=\"text-decoration: underline;\"><strong>Direcci\u00f3n<\/strong><\/span>: Rep\u00fablica del Salvador no. 47, Centro Hist\u00f3rico de la Ciudad de M\u00e9xico, D.F.<\/p>\n<p>De lunes a viernes de 10:00 a 17:00 hrs. Tel\u00e9fono: 36865100 ext. 8327.<br \/>\n<strong>Entrada gratuita<\/strong>.<\/p>\n","protected":false},"excerpt":{"rendered":"<p>Ma\u00f1ana viernes 20 de marzo de 2015, en el Museo de la Canciller\u00eda de la ciudad de M\u00e9xico se inaugurar\u00e1<\/p>\n","protected":false},"author":2,"featured_media":17302,"comment_status":"closed","ping_status":"closed","sticky":false,"template":"","format":"standard","meta":[],"categories":[9],"tags":[8762,8758,8760,1404,8759,988,4681,8761],"_links":{"self":[{"href":"https:\/\/www.travelbymexico.com\/blog\/wp-json\/wp\/v2\/posts\/17301"}],"collection":[{"href":"https:\/\/www.travelbymexico.com\/blog\/wp-json\/wp\/v2\/posts"}],"about":[{"href":"https:\/\/www.travelbymexico.com\/blog\/wp-json\/wp\/v2\/types\/post"}],"author":[{"embeddable":true,"href":"https:\/\/www.travelbymexico.com\/blog\/wp-json\/wp\/v2\/users\/2"}],"replies":[{"embeddable":true,"href":"https:\/\/www.travelbymexico.com\/blog\/wp-json\/wp\/v2\/comments?post=17301"}],"version-history":[{"count":2,"href":"https:\/\/www.travelbymexico.com\/blog\/wp-json\/wp\/v2\/posts\/17301\/revisions"}],"predecessor-version":[{"id":17304,"href":"https:\/\/www.travelbymexico.com\/blog\/wp-json\/wp\/v2\/posts\/17301\/revisions\/17304"}],"wp:featuredmedia":[{"embeddable":true,"href":"https:\/\/www.travelbymexico.com\/blog\/wp-json\/wp\/v2\/media\/17302"}],"wp:attachment":[{"href":"https:\/\/www.travelbymexico.com\/blog\/wp-json\/wp\/v2\/media?parent=17301"}],"wp:term":[{"taxonomy":"category","embeddable":true,"href":"https:\/\/www.travelbymexico.com\/blog\/wp-json\/wp\/v2\/categories?post=17301"},{"taxonomy":"post_tag","embeddable":true,"href":"https:\/\/www.travelbymexico.com\/blog\/wp-json\/wp\/v2\/tags?post=17301"}],"curies":[{"name":"wp","href":"https:\/\/api.w.org\/{rel}","templated":true}]}}