{"id":17159,"date":"2015-02-17T23:20:08","date_gmt":"2015-02-18T05:20:08","guid":{"rendered":"http:\/\/www.travelbymexico.com\/blog\/?p=17159"},"modified":"2015-02-17T23:20:08","modified_gmt":"2015-02-18T05:20:08","slug":"ven-a-celebrar-el-ano-nuevo-chino-en-el-d-f","status":"publish","type":"post","link":"https:\/\/www.travelbymexico.com\/blog\/17159-ven-a-celebrar-el-ano-nuevo-chino-en-el-d-f\/","title":{"rendered":"Ven a celebrar el A\u00f1o Nuevo Chino en el D.F."},"content":{"rendered":"<h2>En la madrugada del pr\u00f3ximo jueves, China celebrar\u00e1 la llegada del ciclo de la Cabra u Oveja de Madera, seg\u00fan las distintas representaciones del caracter chino \u00abyang\u00bb, el A\u00f1o Nuevo Chino. El mismo d\u00eda, en el Centro Hist\u00f3rico de la ciudad de M\u00e9xico, se llevar\u00e1 a cabo un festival en honor a esta tradici\u00f3n el cual contar\u00e1 con eventos art\u00edsticos, deportivos y culturales gratuitos para el p\u00fablico en general.<\/h2>\n<p>Con el objetivo de celebrar este evento estrechando v\u00ednculos y compartiendo la alegr\u00eda entre el pueblo chino y los habitantes y turistas de la ciudad de M\u00e9xico, del 19 febrero el <strong>Palacio de la Autonom\u00eda<\/strong> y el <strong>Museo Nacional de las Culturas<\/strong> en colaboraci\u00f3n con el Fideicomiso de la ciudad de M\u00e9xico y otras asociaciones, ser\u00e1n las sedes del Festival del A\u00f1o Chino de la Cabra el cual ofrecer\u00e1 una serie de eventos art\u00edsticos, deportivos y culturales gratuitos entre ellos: taller de caligarf\u00eda, conferencia sobre el Hor\u00f3scopo Chino, concurso de ping pong, Flash Mob, etc.<\/p>\n<h3>\u00bfCu\u00e1l es la fecha del A\u00f1o Nuveo Chino 2015?<\/h3>\n<p>tambi\u00e9n conocido como Festival de Primavera, el A\u00f1o Nuevo Chino es un festejo tradicional cuya fecha se calcula mediante el calendario lunisolar. Las celebraciones inician el primer d\u00eda del primer mes lunar, y finalizan el d\u00eda quince con el Festival de los Faroles. Este a\u00f1o, el A\u00f1o Nuevo Chino caer\u00e1 el 19 de Febrero de 2015, dando comienzo al a\u00f1o 4713 seg\u00fan el calendario chino.<\/p>\n<h3>Acerca del signo astr\u00f3logico chino de la Oveja o Cabra de Madera<\/h3>\n<p>En la astrolog\u00eda china el signo de la Cabra u Oveja simboliza la paz y la amabilidad, por eso quienes nacen en este a\u00f1o tienen fama de ser receptivos, agradables y compasivos.<\/p>\n<h3>Dato extra\u00f1o<\/h3>\n<p>Pero tambi\u00e9n se dice que los nacidos bajo este signo son demasiado d\u00f3ciles y pasivos por lo que muchos padres en china prefieren retrasar sus planes de embarazo prefiriendo no traer en estos meses hijos al mundo incluso.<\/p>\n<p>Unos prefieren apresurarse a tener hijos en el A\u00f1o del Caballo &#8211; el signo anterior- es decir que llegan a solicitar en los hospitales que se provoque el parto por medio de f\u00e1rmacos o ces\u00e1reas. De hecho, diarios internacionales comentaron que en las \u00faltimas semanas se ha registrado un aumento notable de nacimientos en varias provincias de China.<\/p>\n<h3>Calendario de eventos del Festival de la Cabra<\/h3>\n<h3>Ano Nuevo Chino 2015 en el D.F.<\/h3>\n<p>Del 19 al 21 de febrero de 2015<\/p>\n<p><strong>Jueves 19 de febrero de 2015<\/strong><\/p>\n<p>En el Palacio de la Autonom\u00eda<\/p>\n<p>11:00-13:00 Concurso de <strong>Karaoke<\/strong><br \/>\n11:30-13-30 Ense\u00f1anza de la <strong>caligraf\u00eda china<\/strong> &#8220;Shufa&#8221;<br \/>\n11:30-14:00 Exhibici\u00f3n de tenis de mesa ol\u00edmpico (<strong>Ping pong<\/strong> ol\u00edmpico)<br \/>\n14:00-14:30 Concurso de tenis de mesa (<strong>concurso de ping pong<\/strong>)<br \/>\n14:30-15:00 <strong>Baile de m\u00fasica pop china<\/strong><\/p>\n<p>En el Calle Moneda<\/p>\n<p>11:00-11:30 <strong>Danza del Drag\u00f3n y el Le\u00f3n<\/strong><br \/>\n15:00-15:05 <strong>Flash Mob<\/strong><\/p>\n<p>En el Patio del Museo Nacional de las Culturas<\/p>\n<p>11:00-13:00 <strong>Taller de caligraf\u00eda china<\/strong><\/p>\n<p><strong>Viernes 20 de febrero de 2015<\/strong><\/p>\n<p>En la Sala Polivalente del Museo Nacional de las Culturas<\/p>\n<p>17:00-19:00 <strong>Conferencia &#8220;Hor\u00f3scopo chino&#8221;<\/strong><br \/>\nImpartida por Mtra. Silvia Seligson, MNC-INAH<\/p>\n<p>En la Sala Intermedia del Museo Nacional de las Culturas<\/p>\n<p>14:00-15:00 Cine | <strong>Documentales<\/strong> sobre el A\u00f1o Nuevo en China<br \/>\n16:00-18:00 Cine | <strong>El Rey de los ciervos Milu<\/strong> (dibujos animados)<\/p>\n<p><strong>S\u00e1bado 21 de febrero de 2015<\/strong><\/p>\n<p>En el Patio del Museo Nacional de las Culturas<\/p>\n<p>10:00-12:00 <strong>Taller de caligraf\u00eda china<\/strong><br \/>\n12:00-13:00 <strong>Danzas de leones y drag\u00f3n<\/strong><\/p>\n<p>Sala Polivalente del Museo Nacional de las Culturas<\/p>\n<p>13:00-15:00 Conferencia &#8220;<strong>El taichi chuan y la salud<\/strong>&#8221;<br \/>\nImpartida Mtro. Francisco Gonz\u00e1lez. Presidente de la Fundaci\u00f3n Cultural China<\/p>\n<h3>Acerca del Palacio de la Autonom\u00eda<\/h3>\n<p>En los siglos XVII y XVIII, el actual Palacio de la Autonom\u00eda fue sede del convento de Santa Teresa la Antigua, donde resid\u00eda la orden de las Carmelitas Descalzas de San Jos\u00e9. En 1859 el edificio fue vendido y utilizado como vecindad, bodega y cuartel militar.<\/p>\n<p>En 1890, el arquitecto Manuel F. \u00c1lvarez realiz\u00f3 el proyecto para instalar la Escuela Normal de Maestros. Posteriormente fue objeto de dos remodelaciones: una a cargo de Porfirio D\u00edaz Ortega, y otra encomendada a Leopoldo Batres.<\/p>\n<p>Hoy d\u00eda, el Palacio de la Autonomia es un <a title=\"Conoce los Inmuebles Hist\u00f3ricos de la UNAM\" href=\"http:\/\/www.travelbymexico.com\/blog\/10688-conoce-los-inmuebles-historicos-de-la-unam\" target=\"_blank\">Inmueble Hist\u00f3ricos de la Universidad Nacional Aut\u00f3noma de M\u00e9xico<\/a> (UNAM) que cuenta con espacios para la realizaci\u00f3n de cursos, eventos, conferencias, conciertos y exposiciones.<\/p>\n<p><strong>Direcci\u00f3n<\/strong>: <em>Lic. Primo de Verdad No. 2, Col. Centro, Del. Cuauht\u00e9moc, M\u00e9xico D.F.<\/em><\/p>\n<h3>Acerca del Museo Nacional de las Culturas<\/h3>\n<p>A unos pasos de la zona arqueol\u00f3gica del <a title=\"Museo y Zona Arqueol\u00f3gica del Templo Mayor de Tenochtitl\u00e1n\" href=\"http:\/\/www.travelbymexico.com\/ciudaddemexico\/atractivos\/?nom=1302749300\" target=\"_blank\">Templo Mayor<\/a>, del Z\u00f3calo capitalino y de la Catedral Metropolitana, se ubica un que alberga al recinto muse\u00edstico m\u00e1s antiguo de M\u00e9xico: el <strong>Museo Nacional de las Culturas<\/strong>, un espacio \u00fanico cuyo acervo, integrado por miles de objetos provenientes de diferentes culturas del mundo,\u00a0 procede de la colaboraci\u00f3n y amistad de M\u00e9xico con otras naciones.<\/p>\n<p>En sus salas de exposiciones permanentes (Sala Internacional, Sala del Pac\u00edfico, y <a title=\"Sala del Mediterr\u00e1neo, un mar de culturas: nuevo espacio del Museo Nacional de las Culturas\" href=\"http:\/\/www.travelbymexico.com\/blog\/8920-sala-mediterraneo-nuevo-espacio-del-museo-nacional-de-las-culturas\" target=\"_blank\">Sala del Mediterr\u00e1neo<\/a>) los visitantes pueden apreciar m\u00e1s de 12,000 piezas originales con un importante valor hist\u00f3rico, todas vinculadas con la antropolog\u00eda internacional de pa\u00edses de Am\u00e9rica o \u00c1frica, y pa\u00edses de Oriente como Corea, <a title=\"Antiguo Egipto: estrella del Museo Nacional de las Culturas\" href=\"http:\/\/www.travelbymexico.com\/blog\/12395-antiguo-egipto-estrella-del-museo-de-las-culturas\" target=\"_blank\">Egipto<\/a>, Israel, Jap\u00f3n, Camboya, Laos y Birmania, Tailandia, Camboya, Laos, Vietnam, Confederaci\u00f3n Malaya, Indonesia, Filipinas y China.<\/p>\n<p><strong>Direcci\u00f3n<\/strong>: <em>Moneda No. 13, a un costado de Palacio Nacional, Centro Hist\u00f3rico de la Ciudad de M\u00e9xico.<\/em><\/p>\n<h3>Art\u00edculos relacionados<\/h3>\n<p><strong><a title=\"Conoce los Inmuebles Hist\u00f3ricos de la UNAM  \" href=\"http:\/\/www.travelbymexico.com\/blog\/10688-conoce-los-inmuebles-historicos-de-la-unam%20\" target=\"_blank\">Conoce los Inmuebles Hist\u00f3ricos de la UNAM<\/a> \u00a0<\/strong><\/p>\n<p><strong><a title=\"http:\/\/www.travelbymexico.com\/blog\/15488-la-sala-de-china-espacio-renovado-del-museo-nacional-de-las-culturas\" href=\"http:\/\/www.travelbymexico.com\/blog\/15488-la-sala-de-china-espacio-renovado-del-museo-nacional-de-las-culturas\" target=\"_blank\">La Sala de China, espacio renovado del Museo Nacional de las Culturas <\/a><\/strong><\/p>\n<p><strong><a title=\"El Centro Hist\u00f3rico de la Ciudad de M\u00e9xico\" href=\"http:\/\/www.travelbymexico.com\/blog\/12424-el-centro-historico-de-la-ciudad-de-mexico\" target=\"_blank\">El Centro Hist\u00f3rico de la ciudad de M\u00e9xico <\/a><\/strong><\/p>\n<p>&nbsp;<\/p>\n","protected":false},"excerpt":{"rendered":"<p>En la madrugada del pr\u00f3ximo jueves, China celebrar\u00e1 la llegada del ciclo de la Cabra u Oveja de Madera, seg\u00fan<\/p>\n","protected":false},"author":2,"featured_media":17160,"comment_status":"closed","ping_status":"closed","sticky":false,"template":"","format":"standard","meta":[],"categories":[37],"tags":[7584,8608,8611,8612,318,3999,537,8609,8614,1661,2270,3135,8610,8616,8617,8615,8613],"_links":{"self":[{"href":"https:\/\/www.travelbymexico.com\/blog\/wp-json\/wp\/v2\/posts\/17159"}],"collection":[{"href":"https:\/\/www.travelbymexico.com\/blog\/wp-json\/wp\/v2\/posts"}],"about":[{"href":"https:\/\/www.travelbymexico.com\/blog\/wp-json\/wp\/v2\/types\/post"}],"author":[{"embeddable":true,"href":"https:\/\/www.travelbymexico.com\/blog\/wp-json\/wp\/v2\/users\/2"}],"replies":[{"embeddable":true,"href":"https:\/\/www.travelbymexico.com\/blog\/wp-json\/wp\/v2\/comments?post=17159"}],"version-history":[{"count":1,"href":"https:\/\/www.travelbymexico.com\/blog\/wp-json\/wp\/v2\/posts\/17159\/revisions"}],"predecessor-version":[{"id":17161,"href":"https:\/\/www.travelbymexico.com\/blog\/wp-json\/wp\/v2\/posts\/17159\/revisions\/17161"}],"wp:featuredmedia":[{"embeddable":true,"href":"https:\/\/www.travelbymexico.com\/blog\/wp-json\/wp\/v2\/media\/17160"}],"wp:attachment":[{"href":"https:\/\/www.travelbymexico.com\/blog\/wp-json\/wp\/v2\/media?parent=17159"}],"wp:term":[{"taxonomy":"category","embeddable":true,"href":"https:\/\/www.travelbymexico.com\/blog\/wp-json\/wp\/v2\/categories?post=17159"},{"taxonomy":"post_tag","embeddable":true,"href":"https:\/\/www.travelbymexico.com\/blog\/wp-json\/wp\/v2\/tags?post=17159"}],"curies":[{"name":"wp","href":"https:\/\/api.w.org\/{rel}","templated":true}]}}