{"id":17091,"date":"2015-01-28T13:38:28","date_gmt":"2015-01-28T19:38:28","guid":{"rendered":"http:\/\/www.travelbymexico.com\/blog\/?p=17091"},"modified":"2015-01-28T13:38:28","modified_gmt":"2015-01-28T19:38:28","slug":"mexico-participa-en-la-feria-internacional-de-turismo-fitur-2015-en-espana","status":"publish","type":"post","link":"https:\/\/www.travelbymexico.com\/blog\/17091-mexico-participa-en-la-feria-internacional-de-turismo-fitur-2015-en-espana\/","title":{"rendered":"M\u00e9xico participa en la Feria Internacional de Turismo (FITUR 2015) en Espa\u00f1a"},"content":{"rendered":"<h2>M\u00e9xico, a trav\u00e9s de la Secretaria de Turismo (SECTUR), participar\u00e1 del mi\u00e9rcoles 28 de enero al s\u00e1bado 01 al de febrero de 2015 en la edici\u00f3n 35 del primer foro de negocio y promoci\u00f3n de la industria mundial del turismo \u00a0y l\u00edder del mercado iberoamericano: \u00a0la Feria Internacional de Turismo (FITUR) 2015, la cual se estima atraera a m\u00e1s de 200 mil visitantes de todo el mundo.<\/h2>\n<p>La <strong>FITUR<\/strong> concentrar\u00e1 en <strong>Madrid<\/strong> la oferta de 9.107 empresas de 165 pa\u00edses y la presencia de alrededor de 200 mil visitantes de todo el mundo, de los cuales 120 mil profesionales.<\/p>\n<p>Organizada por IFEMA, FITUR 2015 cuenta con el apoyo de los principales agentes del sector, la Organizaci\u00f3n Mundial del Turismo, OMT; el Ministerio espa\u00f1ol de Industria, Energ\u00eda y Turismo, adem\u00e1s de las empresas y entidades representadas en su Comit\u00e9 Organizador.<\/p>\n<h3>M\u00e9xico en la FITUR 2015<\/h3>\n<p>Con el fin de fortalecer la estrategia de promoci\u00f3n de los destinos en el mercado global, el <strong>Pabell\u00f3n M\u00e9xico<\/strong> en el Recinto Ferial IFEMA concentrar\u00e1 lo mejor de la oferta tur\u00edstica de nuestro pa\u00eds.<br \/>\nLa representaci\u00f3n de M\u00e9xico, estar\u00e1 encabezada por la Secretaria de Turismo del Gobierno de la Rep\u00fablica, <strong>Claudia Ruiz Massieu<\/strong>.<\/p>\n<p>M\u00e9xico participar\u00e1 en la apertura del <em><strong>Foro Know How &amp; Export<\/strong><\/em>, con la presencia de Isabel Borrego y Jaime Garc\u00eda Legaz, Secretario de Estado de Comercio, as\u00ed como Ana Larra\u00f1aga, directora de FITUR.<\/p>\n<p>Impulsada por el Ministerio de Industria, Energ\u00eda y Turismo, a trav\u00e9s de SEGITTUR y en colaboraci\u00f3n con ICEX Espa\u00f1a Exportaci\u00f3n e Inversiones, para poner de relieve las soluciones m\u00e1s innovadoras relacionadas con la gesti\u00f3n tur\u00edstica de las empresas y desarrollos espa\u00f1oles y su potencial para el acceso a mercados exteriores, la tercera edici\u00f3n de la FITUR KNOW HOW &amp; EXPORT contar\u00e1 con la presencia de <strong>M\u00e9xico como pa\u00eds invitado<\/strong>.<\/p>\n<p>En esta gira de trabajo, la titular de la Secretar\u00eda de Turismo estar\u00e1 acompa\u00f1ada por la Embajadora de M\u00e9xico en Espa\u00f1a, <em>Roberta Lajous<\/em>; el subsecretario de Innovaci\u00f3n y Desarrollo Tur\u00edstico,<em> Carlos Joaqu\u00edn Gonz\u00e1lez<\/em>, los directores generales del Consejo de Promoci\u00f3n Tur\u00edstica de M\u00e9xico (CPTM),<em> Rodolfo L\u00f3pez Negrete<\/em>, y del Fondo Nacional de Fomento al Turismo (FONATUR), <em>H\u00e9ctor G\u00f3mez Barraza<\/em>, y los gobernadores de Nayarit, Quintana Roo y Oaxaca, <em>Roberto Sandoval<\/em>, <em>Roberto Borge<\/em> y <em>Gabino Cu\u00e9<\/em>, respectivamente.<\/p>\n","protected":false},"excerpt":{"rendered":"<p>M\u00e9xico, a trav\u00e9s de la Secretaria de Turismo (SECTUR), participar\u00e1 del mi\u00e9rcoles 28 de enero al s\u00e1bado 01 al de<\/p>\n","protected":false},"author":2,"featured_media":17092,"comment_status":"closed","ping_status":"closed","sticky":false,"template":"","format":"standard","meta":[],"categories":[36,912],"tags":[6670,464,8542,1425,8545,5751,901,916,8544,1077,8543,8547,8546,1134],"_links":{"self":[{"href":"https:\/\/www.travelbymexico.com\/blog\/wp-json\/wp\/v2\/posts\/17091"}],"collection":[{"href":"https:\/\/www.travelbymexico.com\/blog\/wp-json\/wp\/v2\/posts"}],"about":[{"href":"https:\/\/www.travelbymexico.com\/blog\/wp-json\/wp\/v2\/types\/post"}],"author":[{"embeddable":true,"href":"https:\/\/www.travelbymexico.com\/blog\/wp-json\/wp\/v2\/users\/2"}],"replies":[{"embeddable":true,"href":"https:\/\/www.travelbymexico.com\/blog\/wp-json\/wp\/v2\/comments?post=17091"}],"version-history":[{"count":1,"href":"https:\/\/www.travelbymexico.com\/blog\/wp-json\/wp\/v2\/posts\/17091\/revisions"}],"predecessor-version":[{"id":17093,"href":"https:\/\/www.travelbymexico.com\/blog\/wp-json\/wp\/v2\/posts\/17091\/revisions\/17093"}],"wp:featuredmedia":[{"embeddable":true,"href":"https:\/\/www.travelbymexico.com\/blog\/wp-json\/wp\/v2\/media\/17092"}],"wp:attachment":[{"href":"https:\/\/www.travelbymexico.com\/blog\/wp-json\/wp\/v2\/media?parent=17091"}],"wp:term":[{"taxonomy":"category","embeddable":true,"href":"https:\/\/www.travelbymexico.com\/blog\/wp-json\/wp\/v2\/categories?post=17091"},{"taxonomy":"post_tag","embeddable":true,"href":"https:\/\/www.travelbymexico.com\/blog\/wp-json\/wp\/v2\/tags?post=17091"}],"curies":[{"name":"wp","href":"https:\/\/api.w.org\/{rel}","templated":true}]}}