{"id":17056,"date":"2015-01-18T11:18:15","date_gmt":"2015-01-18T17:18:15","guid":{"rendered":"http:\/\/www.travelbymexico.com\/blog\/?p=17056"},"modified":"2015-01-18T02:10:53","modified_gmt":"2015-01-18T08:10:53","slug":"capilla-del-cerrito-de-tepeyac","status":"publish","type":"post","link":"https:\/\/www.travelbymexico.com\/blog\/17056-capilla-del-cerrito-de-tepeyac\/","title":{"rendered":"Capilla del Cerrito del Tepeyac"},"content":{"rendered":"<h2>Uno de los acontecimientos m\u00e1s importantes en la evangelizaci\u00f3n del continente americano fue el misterio de la virgen de Guadalupe. La leyenda cuenta que la virgen Mar\u00eda se apareci\u00f3 tres veces al indio Juan Diego pidiendo que se edificara su templo en el cerro del Tepeyac, al no recibir respuesta por parte de la iglesia, en la tercera de sus apariciones llen\u00f3 su ayate con rosas de castilla, una flor que era imposible cultivar en invierno, y al extenderlo, apareci\u00f3 una imagen de Mar\u00eda en la tela del ayate de Juan Diego que desde entonces se convirti\u00f3 en un importante s\u00edmbolo religioso.<\/h2>\n<p>Para conmemorar esta leyenda, en 1666 Cristobal de Aguirre, en conjunto con Teresa Pelegrina, manda a construir una capilla en el lugar de las apariciones, es as\u00ed como surgi\u00f3 la Capilla del Cerrito, una peque\u00f1a ermita que m\u00e1s tarde, en 1748, ser\u00eda demolida y remplazada por el actual, y mucho m\u00e1s amplio, recinto.<\/p>\n<p><a href=\"http:\/\/www.travelbymexico.com\/blog\/imgBase\/2015\/01\/809.jpg\"><img loading=\"lazy\" class=\"alignleft wp-image-17058 size-thumbnail\" src=\"http:\/\/www.travelbymexico.com\/blog\/imgBase\/2015\/01\/809-150x150.jpg\" alt=\"Fachada Capilla El Cerrito de Tepeyac\" width=\"150\" height=\"150\" srcset=\"https:\/\/www.travelbymexico.com\/blog\/imgBase\/2015\/01\/809-150x150.jpg 150w, https:\/\/www.travelbymexico.com\/blog\/imgBase\/2015\/01\/809-75x75.jpg 75w\" sizes=\"(max-width: 150px) 100vw, 150px\" \/><\/a><\/p>\n<p>El arquitecto encargado del proyecto fue <strong>Francisco Guerrero y Torres<\/strong>, quien dise\u00f1\u00f3 la fachada, la vela del marino y la primer escalinata oriente.<\/p>\n<p>Para llegar a la capilla se comienza el recorrido en la explanada de la <a title=\"Bas\u00edlica de Nuestra Se\u00f1ora de Guadalupe en la ciudad de M\u00e9xico\" href=\"http:\/\/www.travelbymexico.com\/blog\/10570-basilica-de-guadalupe-en-la-ciudad-de-mexico\/\" target=\"_blank\">Bas\u00edlica de Guadalupe<\/a>, y se sube a trav\u00e9s de un peque\u00f1o camino que est\u00e1 rodeado de vegetaci\u00f3n y otros ornamentos.<\/p>\n<p><span style=\"text-decoration: underline;\"><strong>Fachada e interior:<\/strong> <\/span><\/p>\n<p>Sencilla, la fachada del templo presenta est\u00edpites e iconograf\u00eda relacionados con la cosmogon\u00eda prehisp\u00e1nica como el <strong>Sol<\/strong> y la <strong>Luna<\/strong>. Se encuentra resguardada por cuatro \u00e1ngeles y est\u00e1 rematada con la cruz del sagrado coraz\u00f3n.<\/p>\n<p><a href=\"http:\/\/www.travelbymexico.com\/blog\/imgBase\/2015\/01\/811.jpg\"><img loading=\"lazy\" class=\"alignleft wp-image-17059 size-thumbnail\" src=\"http:\/\/www.travelbymexico.com\/blog\/imgBase\/2015\/01\/811-150x150.jpg\" alt=\"Uno de los cuatro \u00e1ngeles que resguardan la Capilla El Cerrito\" width=\"150\" height=\"150\" srcset=\"https:\/\/www.travelbymexico.com\/blog\/imgBase\/2015\/01\/811-150x150.jpg 150w, https:\/\/www.travelbymexico.com\/blog\/imgBase\/2015\/01\/811-75x75.jpg 75w\" sizes=\"(max-width: 150px) 100vw, 150px\" \/><\/a><\/p>\n<p>En el interior, no dejes de observar con atenci\u00f3n el bello retablo de m\u00e1rmol, as\u00ed como los hermosos murales realizados por Fernando Leal, y la c\u00fapula revestida de mosaico veneciano.<\/p>\n<p>Debajo de su explanada hay un \u00e1rea de comida y venta de art\u00edculos religiosos primordialmente relacionados con la virgen de Guadalupe.<\/p>\n<h3>Ubicaci\u00f3n<\/h3>\n<p><em><strong>Capilla El Cerrito de Tepeyac<\/strong><\/em><\/p>\n<p>Entre Eje 5 Norte y Zumarraga, Calle Quintana. Delegaci\u00f3n Gustavo A. Madero, C.P. 07050, M\u00e9xico, D.F.<br \/>\nEstaci\u00f3n de Metro: Bas\u00edlica.<br \/>\nTel\u00e9fonos: 01 (55) 5577 5038, 01 (55) 5118 0500.<\/p>\n<h3>Horarios y horarios de Misas<\/h3>\n<p>La Capilla El Cerrito est\u00e1 abierta todos los d\u00edas de 8:00 a 17:00 hrs.<\/p>\n<p>Hay misa cada d\u00eda a las 12:00 hrs.<\/p>\n<h3>Art\u00edculos relacionados<\/h3>\n<p><strong><a title=\"El Nican Mopohua: texto de las apariciones de la Virgen de Guadalupe\" href=\"http:\/\/www.travelbymexico.com\/blog\/10563-el-nican-mopohua-texto-de-las-apariciones-de-la-virgen-de-guadalupe\" target=\"_blank\">El Nican Mopohua: texto de las apariciones de la Virgen de Guadalupe <\/a><\/strong><\/p>\n<p><strong><a title=\"12 de Diciembre: Fiesta de la Virgen de Guadalupe\" href=\"http:\/\/www.travelbymexico.com\/blog\/10567-12-de-diciembre-fiesta-de-la-virgen-de-guadalupe\" target=\"_blank\">12 de Diciembre: Fiesta de la Virgen de Guadalupe \u00a0<\/a><\/strong><\/p>\n<p><strong><a title=\"Bas\u00edlica de Nuestra Se\u00f1ora de Guadalupe en la ciudad de M\u00e9xico\" href=\"http:\/\/www.travelbymexico.com\/blog\/10570-basilica-de-guadalupe-en-la-ciudad-de-mexico\/%20\" target=\"_blank\">Bas\u00edlica de Guadalupe en la ciudad de M\u00e9xico <\/a><\/strong><\/p>\n","protected":false},"excerpt":{"rendered":"<p>Uno de los acontecimientos m\u00e1s importantes en la evangelizaci\u00f3n del continente americano fue el misterio de la virgen de Guadalupe.<\/p>\n","protected":false},"author":2,"featured_media":17057,"comment_status":"closed","ping_status":"closed","sticky":false,"template":"","format":"standard","meta":[],"categories":[5,20],"tags":[5696,2238,8513,8514,8516,318,654,2233,8515],"_links":{"self":[{"href":"https:\/\/www.travelbymexico.com\/blog\/wp-json\/wp\/v2\/posts\/17056"}],"collection":[{"href":"https:\/\/www.travelbymexico.com\/blog\/wp-json\/wp\/v2\/posts"}],"about":[{"href":"https:\/\/www.travelbymexico.com\/blog\/wp-json\/wp\/v2\/types\/post"}],"author":[{"embeddable":true,"href":"https:\/\/www.travelbymexico.com\/blog\/wp-json\/wp\/v2\/users\/2"}],"replies":[{"embeddable":true,"href":"https:\/\/www.travelbymexico.com\/blog\/wp-json\/wp\/v2\/comments?post=17056"}],"version-history":[{"count":2,"href":"https:\/\/www.travelbymexico.com\/blog\/wp-json\/wp\/v2\/posts\/17056\/revisions"}],"predecessor-version":[{"id":17061,"href":"https:\/\/www.travelbymexico.com\/blog\/wp-json\/wp\/v2\/posts\/17056\/revisions\/17061"}],"wp:featuredmedia":[{"embeddable":true,"href":"https:\/\/www.travelbymexico.com\/blog\/wp-json\/wp\/v2\/media\/17057"}],"wp:attachment":[{"href":"https:\/\/www.travelbymexico.com\/blog\/wp-json\/wp\/v2\/media?parent=17056"}],"wp:term":[{"taxonomy":"category","embeddable":true,"href":"https:\/\/www.travelbymexico.com\/blog\/wp-json\/wp\/v2\/categories?post=17056"},{"taxonomy":"post_tag","embeddable":true,"href":"https:\/\/www.travelbymexico.com\/blog\/wp-json\/wp\/v2\/tags?post=17056"}],"curies":[{"name":"wp","href":"https:\/\/api.w.org\/{rel}","templated":true}]}}