{"id":17046,"date":"2015-01-14T23:05:07","date_gmt":"2015-01-15T05:05:07","guid":{"rendered":"http:\/\/www.travelbymexico.com\/blog\/?p=17046"},"modified":"2015-01-15T03:57:13","modified_gmt":"2015-01-15T09:57:13","slug":"puerto-vallarta-esta-organizando-su-desfile-de-mardi-gras-2015","status":"publish","type":"post","link":"https:\/\/www.travelbymexico.com\/blog\/17046-puerto-vallarta-esta-organizando-su-desfile-de-mardi-gras-2015\/","title":{"rendered":"Puerto Vallarta est\u00e1 organizando su &#8216;Desfile de Mardi Gras 2015&#8217;"},"content":{"rendered":"<h2>Organizada por la Direcci\u00f3n de Turismo de Puerto Vallarta, la segunda edici\u00f3n del &#8216;Desfile de Martes de Carnaval \/ Desfile de Mardi Gras 2015 en Puerto Vallarta buscar\u00e1 superarar el n\u00famero de 20.000 asistentes registrado el a\u00f1o pasado a lo largo del Malec\u00f3n.<\/h2>\n<h2>La inauguraci\u00f3n del desfile correr\u00e1 a cargo de los concursantes de La Voz de Vallarta del ACT II.<\/h2>\n<p>El Martes de Carnaval es una celebraci\u00f3n en la que Puerto Vallarta muestra con alegr\u00eda y orgullo su diversidad reuniendo a gente de todas las edades, <span class=\"st\">creencias <\/span>religiosas y orientaci\u00f3n sexual.<\/p>\n<h3>\u00bfCu\u00e1ndo y d\u00f3nde?<\/h3>\n<p>El desfile de perlas saldr\u00e1 a la calle la noche del <strong>martes 17 de febrero del 2015<\/strong>.<\/p>\n<p><a href=\"http:\/\/www.travelbymexico.com\/blog\/imgBase\/2015\/01\/799.jpg\"><img loading=\"lazy\" class=\"alignleft wp-image-17048 size-medium\" src=\"http:\/\/www.travelbymexico.com\/blog\/imgBase\/2015\/01\/799-320x240.jpg\" alt=\"Recorrido Desfile Mardi Gras 2015 en Puerto Vallarta\" width=\"320\" height=\"240\" srcset=\"https:\/\/www.travelbymexico.com\/blog\/imgBase\/2015\/01\/799-320x240.jpg 320w, https:\/\/www.travelbymexico.com\/blog\/imgBase\/2015\/01\/799.jpg 640w\" sizes=\"(max-width: 320px) 100vw, 320px\" \/><\/a><\/p>\n<p>Patrocinado por la Direcci\u00f3n de Turismo de Puerto Vallarta, el <strong>Desfile de Mardi Gras 2015 en Puerto Vallarta<\/strong> iniciar\u00e1<span style=\"text-decoration: underline;\"><strong> a las 20:00 horas<\/strong><\/span> al sur del <em>Hotel Sheraton<\/em> (frente al E<em>stadio Municipal Agust\u00edn Flores Contreras<\/em>) y recorrer\u00e1 parte del Malec\u00f3n, pasando por la zona Centro hasta llegar a la calle de Olas Altas.<\/p>\n<h3>Premio<\/h3>\n<p>Este a\u00f1o, se est\u00e1 ofreciendo un premio en efectivo de $5,000.00 pesos para la actuaci\u00f3n m\u00e1s creativa, llamativa y m\u00e1gica del desfile 2015 .<\/p>\n<p>Las organizaciones sin fines de lucro est\u00e1n cordialmente invitadas a participar, y cualquier otra compa\u00f1\u00eda que desee integrarse a la celebraci\u00f3n tendr\u00e1 una cuota simb\u00f3lica de $200.00 como admisi\u00f3n.<\/p>\n<h3>Inscripci\u00f3n y mayores informes<\/h3>\n<p><span style=\"text-decoration: underline;\"><strong>Email<\/strong><\/span>: info@mardigraspv.com<\/p>\n<p>Descarga el formulario de inscripci\u00f3n aqu\u00ed: http:\/\/static.squarespace.com\/static\/5329d148e4b0acb3f8f0cabb\/t\/54ab173ae4b0ac4256f0d397\/1420498746166\/Mardi+Gras+2015+Registration.pdf<\/p>\n<p>Registrate en l\u00ednea aqu\u00ed http:\/\/www.jotform.co\/form\/43576185637870<\/p>\n<p><strong><a title=\"Reserva un hotel en la ciudad de Puerto Vallarta\" href=\"http:\/\/www.travelbymexico.com\/puertovallarta\/hoteles\" target=\"_blank\">Consulta nuestra Gu\u00eda de Hoteles en la ciudad de Puerto Vallarta <\/a><\/strong><\/p>\n<p>&nbsp;<\/p>\n","protected":false},"excerpt":{"rendered":"<p>Organizada por la Direcci\u00f3n de Turismo de Puerto Vallarta, la segunda edici\u00f3n del &#8216;Desfile de Martes de Carnaval \/ Desfile<\/p>\n","protected":false},"author":2,"featured_media":17047,"comment_status":"closed","ping_status":"closed","sticky":false,"template":"","format":"standard","meta":[],"categories":[14],"tags":[214,1408,8505,9811,775,8508,8507,8506,6988,1068],"_links":{"self":[{"href":"https:\/\/www.travelbymexico.com\/blog\/wp-json\/wp\/v2\/posts\/17046"}],"collection":[{"href":"https:\/\/www.travelbymexico.com\/blog\/wp-json\/wp\/v2\/posts"}],"about":[{"href":"https:\/\/www.travelbymexico.com\/blog\/wp-json\/wp\/v2\/types\/post"}],"author":[{"embeddable":true,"href":"https:\/\/www.travelbymexico.com\/blog\/wp-json\/wp\/v2\/users\/2"}],"replies":[{"embeddable":true,"href":"https:\/\/www.travelbymexico.com\/blog\/wp-json\/wp\/v2\/comments?post=17046"}],"version-history":[{"count":1,"href":"https:\/\/www.travelbymexico.com\/blog\/wp-json\/wp\/v2\/posts\/17046\/revisions"}],"predecessor-version":[{"id":17049,"href":"https:\/\/www.travelbymexico.com\/blog\/wp-json\/wp\/v2\/posts\/17046\/revisions\/17049"}],"wp:featuredmedia":[{"embeddable":true,"href":"https:\/\/www.travelbymexico.com\/blog\/wp-json\/wp\/v2\/media\/17047"}],"wp:attachment":[{"href":"https:\/\/www.travelbymexico.com\/blog\/wp-json\/wp\/v2\/media?parent=17046"}],"wp:term":[{"taxonomy":"category","embeddable":true,"href":"https:\/\/www.travelbymexico.com\/blog\/wp-json\/wp\/v2\/categories?post=17046"},{"taxonomy":"post_tag","embeddable":true,"href":"https:\/\/www.travelbymexico.com\/blog\/wp-json\/wp\/v2\/tags?post=17046"}],"curies":[{"name":"wp","href":"https:\/\/api.w.org\/{rel}","templated":true}]}}