{"id":16792,"date":"2014-11-04T19:40:14","date_gmt":"2014-11-05T01:40:14","guid":{"rendered":"http:\/\/www.travelbymexico.com\/blog\/?p=16792"},"modified":"2014-11-05T12:24:07","modified_gmt":"2014-11-05T18:24:07","slug":"velada-gastronomica-en-el-iberostar-con-el-mejor-chef-vanguardista-de-andalucia","status":"publish","type":"post","link":"https:\/\/www.travelbymexico.com\/blog\/16792-velada-gastronomica-en-el-iberostar-con-el-mejor-chef-vanguardista-de-andalucia\/","title":{"rendered":"Velada gastron\u00f3mica en el Iberostar con el mejor chef vanguardista de Andaluc\u00eda"},"content":{"rendered":"<h2>\u00bfQu\u00e9 tal una velada gastron\u00f3mica creada por el prestigioso chef Dani Garc\u00eda, el m\u00e1ximo referente de la cocina de vanguardia en Andaluc\u00eda, galardonado con dos *&#8217;Estrellas Michelin&#8217;, en uno de los mejores hoteles de la Riviera Maya?<\/h2>\n<p>La cita es el pr\u00f3ximo <strong>s\u00e1bado 8 de noviembre de 2014<\/strong>, a las 20:30 horas en el\u00a0 <strong>Iberostar Grand Hotel Para\u00edso<\/strong>, un hotel Todo Incluido 5 estrellas localizado en Playa Para\u00edso, a 20 minutos en taxi de <a title=\"Gu\u00eda Tur\u00edstica de Playa del Carmen, Riviera Maya, Quintana Roo, Mexico\" href=\"http:\/\/www.travelbymexico.com\/playadelcarmen\" target=\"_blank\">Playa del Carmen<\/a> en Riviera Maya.<\/p>\n<h3>Acerca de Dani Garc\u00eda<\/h3>\n<p>Dani Garc\u00eda es un cocinero de profundas rai\u0301ces culinarias andaluzas, y una de las figuras ma\u0301s importantes del panorama gastrono\u0301mico actual.<\/p>\n<p><strong><em>Dani Garc\u00eda es el ma\u0301ximo referente de la cocina de vanguardia en Andaluci\u0301a<\/em><\/strong><\/p>\n<p>Nacio\u0301 en Marbella en el a\u00f1o 1975, inicio\u0301 sus estudios a los 18 a\u00f1os en la escuela de hosteleri\u0301a de Ma\u0301laga \u201cLa C\u00f3nsula\u201d. Su bautizo profesional fue en 1996, en el restaurante Marti\u0301n Berasategui de Lasarte, Guipu\u0301zcoa. Tras su formacio\u0301n con el restaurador vasco, formo\u0301 parte de diferentes restaurantes de la provincia de Ma\u0301laga hasta la apertura del Restaurante Calima en 2005.<\/p>\n<p>Hoy d\u00eda, dirige el espectacular Restaurante Dani Garci\u0301a, en el <em>Hotel Puente Romano<\/em> de Marbella, posee Dos Estrellas Michelin, la <em>Gui\u0301a Campsa-Repsol<\/em> le ha concedido tres Premios Sol y tiene el Premio Mejor Cocinero del A\u00f1o, por la Gui\u0301a Gastrono\u0301mica y Turi\u0301stica Gourmetour, entre otros tantos premios.<\/p>\n<p><strong>* Estrellas Michelin<\/strong>: Tener una o m\u00e1s estrellas de la <strong>Gu\u00eda Michelin<\/strong> supone que un restaurante no s\u00f3lo es uno de los mejores de su pa\u00eds, sino que tambi\u00e9n es uno de los mejores en el mundo.<\/p>\n<h3>Men\u00fa<\/h3>\n<p>&#8211; Magdalena que se come entera<br \/>\n&#8211; Gazpacho de cerezas, queso fresco, pistachos y albahaca<br \/>\n&#8211; Yogur de foie con naranjas aromatizadas y virutas de anguila ahumada helada<br \/>\n&#8211; Arroz negro de mariscos a las llamas<br \/>\n&#8211; Raviolis de Rabo de toro con patata cremosa y trufa<br \/>\n&#8211; Yogur de pasi\u00f3n, tocino de cielo y pi\u00f1a osmotizada<\/p>\n<h3>Maridaje<\/h3>\n<p>con cinco vinos espa\u00f1oles<\/p>\n<p>&#8211; Fino T\u00edo Pepe<br \/>\n&#8211; Cava Gramona Argent<br \/>\n&#8211; Blanco Z\u00e1rate do r\u00edas Baixas<br \/>\n&#8211; Tinto Vi\u00f1a Sastre crianza DO Ribera del Duero<br \/>\n&#8211; Moscatel Jorge Ord\u00f3\u00f1ez.<\/p>\n<h3>Precio de la velada gastron\u00f3mica<\/h3>\n<p>$225 USD.<\/p>\n<h3>Informaci\u00f3n y Reservas<\/h3>\n<p>\u00a1Reserve ya! al 01 800 849 1047<\/p>\n<p><strong>Cupo limitado<\/strong>: se requiere reserva previa.<\/p>\n<p>&nbsp;<\/p>\n","protected":false},"excerpt":{"rendered":"<p>\u00bfQu\u00e9 tal una velada gastron\u00f3mica creada por el prestigioso chef Dani Garc\u00eda, el m\u00e1ximo referente de la cocina de vanguardia<\/p>\n","protected":false},"author":2,"featured_media":16793,"comment_status":"closed","ping_status":"closed","sticky":false,"template":"","format":"standard","meta":[],"categories":[36],"tags":[5451,8300,261,8302,294,8301,8303,2880,8304,8299,8305,1077,1101,1274],"_links":{"self":[{"href":"https:\/\/www.travelbymexico.com\/blog\/wp-json\/wp\/v2\/posts\/16792"}],"collection":[{"href":"https:\/\/www.travelbymexico.com\/blog\/wp-json\/wp\/v2\/posts"}],"about":[{"href":"https:\/\/www.travelbymexico.com\/blog\/wp-json\/wp\/v2\/types\/post"}],"author":[{"embeddable":true,"href":"https:\/\/www.travelbymexico.com\/blog\/wp-json\/wp\/v2\/users\/2"}],"replies":[{"embeddable":true,"href":"https:\/\/www.travelbymexico.com\/blog\/wp-json\/wp\/v2\/comments?post=16792"}],"version-history":[{"count":3,"href":"https:\/\/www.travelbymexico.com\/blog\/wp-json\/wp\/v2\/posts\/16792\/revisions"}],"predecessor-version":[{"id":16808,"href":"https:\/\/www.travelbymexico.com\/blog\/wp-json\/wp\/v2\/posts\/16792\/revisions\/16808"}],"wp:featuredmedia":[{"embeddable":true,"href":"https:\/\/www.travelbymexico.com\/blog\/wp-json\/wp\/v2\/media\/16793"}],"wp:attachment":[{"href":"https:\/\/www.travelbymexico.com\/blog\/wp-json\/wp\/v2\/media?parent=16792"}],"wp:term":[{"taxonomy":"category","embeddable":true,"href":"https:\/\/www.travelbymexico.com\/blog\/wp-json\/wp\/v2\/categories?post=16792"},{"taxonomy":"post_tag","embeddable":true,"href":"https:\/\/www.travelbymexico.com\/blog\/wp-json\/wp\/v2\/tags?post=16792"}],"curies":[{"name":"wp","href":"https:\/\/api.w.org\/{rel}","templated":true}]}}