{"id":16765,"date":"2014-10-29T14:59:44","date_gmt":"2014-10-29T20:59:44","guid":{"rendered":"http:\/\/www.travelbymexico.com\/blog\/?p=16765"},"modified":"2014-10-29T15:00:56","modified_gmt":"2014-10-29T21:00:56","slug":"9o-festival-de-vida-y-muerte-2014-en-xcaret-y-playa-del-carmen","status":"publish","type":"post","link":"https:\/\/www.travelbymexico.com\/blog\/16765-9o-festival-de-vida-y-muerte-2014-en-xcaret-y-playa-del-carmen\/","title":{"rendered":"9\u00ba Festival de Vida y Muerte 2014 en Xcaret y Playa del Carmen"},"content":{"rendered":"<h2>Este a\u00f1o, el Festival de Tradiciones de Vida y Muerte en Xcaret tendr\u00e1 como estado invitado de honor a Michoac\u00e1n, tierra de la <a title=\"Migraci\u00f3n de la Mariposa Monarca en M\u00e9xico\" href=\"http:\/\/www.travelbymexico.com\/blog\/14892-migracion-de-la-mariposa-monarca-a-mexico\/\" target=\"_blank\">Mariposa Monarca<\/a> que conserva los rituales originales pur\u00e9pechas de la celebraci\u00f3n de la <strong>Noche de Muertos<\/strong> (Animecha Kejtzitakua), y se engalanar\u00e1 con la participaci\u00f3n del reconocido actor Ignacio L\u00f3pez Tarso, y el tenor Fernando de la Mora.<\/h2>\n<p>La <strong>9\u00aa edici\u00f3n del Festival de Tradiciones de Vida y Muerte<\/strong> se llevar\u00e1 a cabo del 30 de octubre al 2 de noviembre del 2014 en el Parque Xcaret, ofreciendo exhibiciones de arte, artesan\u00edas, danzas, folclore, gastronom\u00eda, ofrendas y altares, teatro regional e infantil, espect\u00e1culos, desfile, conciertos, exposiciones de pintura y fotograf\u00eda.<\/p>\n<p>El 29 de octubre por la tarde, en la Quinta Avenida de Playa del Carmen se realizar\u00e1 el Desfile en honor a las almas chiquitas.<\/p>\n<p>Asimismo, se llevar\u00e1 a cabo el<strong> 8\u00ba Concurso de Fotograf\u00eda alusivo al D\u00eda de Muertos<\/strong><br \/>\n<strong>&#8220;ALTARES Y OFRENDAS&#8221;<\/strong> en el que se le invita al p\u00fablico interesado a divulgar y promocionar\u00a0 nuestras costumbres, tradiciones y patrimonio cultural a trav\u00e9s de tus fotograf\u00edas.\u00a0 (Consulta las <strong>Bases de la Convocatoria,<\/strong> <a title=\"8\u00ba Concurso de Fotograf\u00eda alusivo al D\u00eda de Muertos &quot;ALTARES Y OFRENDAS&quot;\" href=\"http:\/\/www.festivaldevidaymuerte.com\/concurso-fotografia.php\" target=\"_blank\">aqu\u00ed<\/a>.)<\/p>\n<h3>Sedes y fechas del festival<\/h3>\n<p><strong>&#8211; Parque Xcaret<\/strong><\/p>\n<p>Del 30 de octubre al 2 de noviembre de 4:00 a 10:00 p.m. vive el D\u00eda de Muertos en Xcaret.<strong> (<\/strong>Km. 282 Carr. Chetumal &#8211; Pto. Ju\u00e1rez, Playa del Carmen, Q. Roo. C.P. 77710.)<\/p>\n<p>El <strong>parque Xcaret<\/strong>, se encuentra a tan s\u00f3lo 60 km al sur del Aeropuerto Internacional de <a title=\"Gu\u00eda Tur\u00edstica de Canc\u00fan, Quintana Roo, M\u00e9xico\" href=\"http:\/\/www.travelbymexico.com\/cancun\" target=\"_blank\">Canc\u00fan<\/a> (60 minutos), a 6 km de <strong>Playa del Carmen<\/strong> (15 minutos) y a 57 Km al norte de Tulum (50 minutos).<\/p>\n<p><strong>&#8211; <a title=\"Quinta Avenida de Playa del Carmen: rese\u00f1a, fotos y ubicaci\u00f3n\" href=\"http:\/\/www.travelbymexico.com\/playadelcarmen\/atractivos\/?nom=epdc5aavenida\" target=\"_blank\">Quinta Avenida<\/a> de <a title=\"Gu\u00eda tur\u00edstica de Playa del Carmen: rese\u00f1a, hoteles, fotos, videos, mapas, clima, restaurantes\" href=\"http:\/\/www.travelbymexico.com\/playadelcarmen\" target=\"_blank\">Playa del Carmen<\/a><\/strong><\/p>\n<h3>Boletos<\/h3>\n<p>Si visitas el Parque Xcaret del 30 de octubre al 2 de noviembre, tu admisi\u00f3n incluye las actividades del Festival de Tradiciones de Vida y Muerte. Tambi\u00e9n puedes elegir la opci\u00f3n de pase preferente con el que podr\u00e1s asistir exclusivamente a las actividades del Festival a partir de las 4:00 p.m. y que te incluye asiento reservado en los eventos principales.<\/p>\n<p>Podr\u00e1s adquirir tus entradas en las taquillas del Parque Xcaret y los boletos preferentes a trav\u00e9s de la p\u00e1gina www.festivaldevidaymuerte.com.<\/p>\n<p><strong>Preguntas frecuentes<\/strong><\/p>\n<p>En estos enlaces encontrar\u00e1s la respuestas a algunas de las preguntas frecuentes referentes a los costos de admisi\u00f3n al Parque Xcaret, horarios, etc.\u00a0 del Festival de Tradiciones de Vida y Muerte 2014.<br \/>\nhttp:\/\/www.festivaldevidaymuerte.com\/preguntas-frecuentes.php http:\/\/www.festivaldevidaymuerte.com\/xcaret-entrada-festival.php<\/p>\n<h3>Algunos eventos<\/h3>\n<h3>del 9 Festival de Tradiciones de Vida y Muerte<\/h3>\n<p><strong>Zapicheri &#8211; Desfile en honor a las almas chiquitas<\/strong><\/p>\n<p>La cita es el 29 de octubre a las 6:00 p.m. en la 5ta Avenida de Playa del Carmen.<br \/>\nEl desfile iniciar\u00e1 en punto de las 7:00 p. m. saliendo de la Av. 34 Norte. La participaci\u00f3n es gratuita.<\/p>\n<p><strong>TEATRO<\/strong><\/p>\n<p>&#8220;Travesura de la muerte entre los Mayas&#8221; &#8211; Grupo Jotsuu&#8217; K.tihosuco<br \/>\n&#8220;Huiros a la fama&#8221; &#8211; Grupo Colegial los Nachos y Grupo Folcl\u00f3rico de Kantunilkin<br \/>\n&#8220;Adi\u00f3s Carlota&#8221; &#8211; Obra De T\u00edteres Hiperrealistas Gerardo Ballester<br \/>\n&#8220;El velorio de Don Mech&#8221; &#8211; Ra\u00fal Ni\u00f1o<br \/>\n&#8220;Retrato de familia&#8221; &#8211; 20 Varos<br \/>\n&#8220;La leyenda de los guerreros mariposa pur\u00e9pecha&#8221; &#8211; Apolonio Mondrag\u00f3n<\/p>\n<p><strong>M\u00daSICA<\/strong><\/p>\n<p>Concierto de \u00f3pera &#8220;En qu\u00e9 quedamos pelona&#8221; &#8211; <strong>Tenor Fernando de La Mora<\/strong> acompa\u00f1ado del Mariachi de Xcaret.<br \/>\n&#8220;M\u00fasica tradicional&#8221; &#8211; Charanga El Alma De Felipe Carillo Puerto (Charanga Regional)<br \/>\n\u00bfEn d\u00f3nde est\u00e1n las tumbas? &#8211; Pollomingus (Free Funk)<br \/>\nMarimba Xcaret<br \/>\n\u00a1Vals de la muerta! &#8211; Eleven Town&#8217;s (Fusi\u00f3n)<br \/>\nLa tradici\u00f3n nunca muere&#8221; Bola Suriana &#8211; Direcci\u00f3n De Promoci\u00f3n De Fomento Art\u00edstico, Michoac\u00e1n (M\u00fasica folcl\u00f3rica, mexicana Y latinoamericana)<br \/>\n&#8220;<strong>Orquesta Tata Vasco y Pireri<\/strong>: Erandi Cuiriz Fabi\u00e1n de Santa Fe de la laguna&#8221;<br \/>\nDirecci\u00f3n De Diversidad Cultural, Michoac\u00e1n<\/p>\n<p><strong>DANZA<\/strong><\/p>\n<p>&#8220;Altar de mariposas&#8221; &#8211; Ballet Folcl\u00f3rico De Xcaret<br \/>\n&#8220;La muerte en colores&#8221; &#8211; Grupo Or\u00edgenes (Danza Contempor\u00e1nea)<br \/>\n&#8220;<strong>Danza de los viejitos de San Juan<\/strong> nuevo acompa\u00f1ado por la orquesta ver alma (AHUIR\u00c1N)&#8221;\u00a0 Direcci\u00f3n De Diversidad Cultural, Michoac\u00e1n.<\/p>\n<p><a title=\"Reserva tu hotel en Playa del Carmen\" href=\"http:\/\/www.travelbymexico.com\/playadelcarmen\/hoteles\" target=\"_blank\">Reserva un hotel en Playa del Carmen <\/a><\/p>\n","protected":false},"excerpt":{"rendered":"<p>Este a\u00f1o, el Festival de Tradiciones de Vida y Muerte en Xcaret tendr\u00e1 como estado invitado de honor a Michoac\u00e1n,<\/p>\n","protected":false},"author":2,"featured_media":16766,"comment_status":"closed","ping_status":"closed","sticky":false,"template":"","format":"standard","meta":[],"categories":[36,912],"tags":[5970,47,3645,8281,360,8285,1408,8284,509,535,8282,3079,8283,1076,2001,1830],"_links":{"self":[{"href":"https:\/\/www.travelbymexico.com\/blog\/wp-json\/wp\/v2\/posts\/16765"}],"collection":[{"href":"https:\/\/www.travelbymexico.com\/blog\/wp-json\/wp\/v2\/posts"}],"about":[{"href":"https:\/\/www.travelbymexico.com\/blog\/wp-json\/wp\/v2\/types\/post"}],"author":[{"embeddable":true,"href":"https:\/\/www.travelbymexico.com\/blog\/wp-json\/wp\/v2\/users\/2"}],"replies":[{"embeddable":true,"href":"https:\/\/www.travelbymexico.com\/blog\/wp-json\/wp\/v2\/comments?post=16765"}],"version-history":[{"count":3,"href":"https:\/\/www.travelbymexico.com\/blog\/wp-json\/wp\/v2\/posts\/16765\/revisions"}],"predecessor-version":[{"id":16769,"href":"https:\/\/www.travelbymexico.com\/blog\/wp-json\/wp\/v2\/posts\/16765\/revisions\/16769"}],"wp:featuredmedia":[{"embeddable":true,"href":"https:\/\/www.travelbymexico.com\/blog\/wp-json\/wp\/v2\/media\/16766"}],"wp:attachment":[{"href":"https:\/\/www.travelbymexico.com\/blog\/wp-json\/wp\/v2\/media?parent=16765"}],"wp:term":[{"taxonomy":"category","embeddable":true,"href":"https:\/\/www.travelbymexico.com\/blog\/wp-json\/wp\/v2\/categories?post=16765"},{"taxonomy":"post_tag","embeddable":true,"href":"https:\/\/www.travelbymexico.com\/blog\/wp-json\/wp\/v2\/tags?post=16765"}],"curies":[{"name":"wp","href":"https:\/\/api.w.org\/{rel}","templated":true}]}}