{"id":16739,"date":"2014-10-23T07:32:27","date_gmt":"2014-10-23T12:32:27","guid":{"rendered":"http:\/\/www.travelbymexico.com\/blog\/?p=16739"},"modified":"2014-10-23T07:32:27","modified_gmt":"2014-10-23T12:32:27","slug":"arte-y-cultura-en-el-festival-de-las-almas-2014-en-valle-de-bravo","status":"publish","type":"post","link":"https:\/\/www.travelbymexico.com\/blog\/16739-arte-y-cultura-en-el-festival-de-las-almas-2014-en-valle-de-bravo\/","title":{"rendered":"Arte y cultura en el Festival de las Almas 2014 en Valle de Bravo"},"content":{"rendered":"<h2>M\u00fasica &#8211; Teatro &#8211; Conferencias &#8211; Danza &#8211; Literatura &#8211; Pintura &#8211; Cine &#8211; Exposiciones &#8211; Talleres &#8211; Presentaci\u00f3n de libro &#8211; Procesi\u00f3n de las Almas &#8211; y m\u00e1s\u2026 del 24 de octubre al 1 de noviembre de 2014 en diversas ciudades del estado de M\u00e9xico, entre ellas <a title=\"Conoce los atractivos tur\u00edsticos de Valle de Bravo\" href=\"http:\/\/www.travelbymexico.com\/valledebravo\/atractivos\/?nom=evdbcarmel\" target=\"_blank\">Valle de Bravo<\/a>, <a title=\"Ver video promocional de Texcoco, estado de M\u00e9xico\" href=\"http:\/\/www.travelbymexico.com\/blog\/4870-video-de-texcoco\/\" target=\"_blank\">Texcoco<\/a>, Chiautla, Colorines, y Ozumba.<\/h2>\n<p>Punto de encuentro entre las expresiones art\u00edsticas y las tradiciones culturales que propicia una reflexi\u00f3n acerca del devenir de la humanidad, a doce a\u00f1os de su creaci\u00f3n, el Festival de las Almas (tambi\u00e9n conocido como el Festival Internacional Vallesano de Arte y Cultura) se ha consolidado como uno de los eventos m\u00e1s importantes del Estado de M\u00e9xico.<\/p>\n<p>Desde su primera edici\u00f3n el 24 de octubre de 2003en el marco de los 4os Encuentros Europa America Latina, el <strong>Festival de las Almas<\/strong> ha forjado su fama gracias a la calidad de su propuesta art\u00edstica y cultural recibiendo <strong>int\u00e9rpretes y grupos art\u00edsticos nacionales e internacionales de primer nivel<\/strong> como el Ballet Folkl\u00f3rico de M\u00e9xico de Amalia Hern\u00e1ndez, Tania Libertad, Eugenia Le\u00f3n, Francisco C\u00e9spedes, Ram\u00f3n Vargas, Alex Syntek, Camila, Betsy Pekanins, Joaqu\u00edn Sabina, Jessy y Joy, la Asociaci\u00f3n Thomas Jefferson Musical Theatre Company Foundation, la compa\u00f1\u00eda canadiense &#8220;Los 7 dedos de la mano&#8221;, la \u201cCompa\u00f1\u00eda de danza Mangala Bhatt\u201d, entre otros.<\/p>\n<h3>Algunos de los artistas presentes este a\u00f1o en la edici\u00f3n 12 del Festival de las Almas<\/h3>\n<p>Moenia, Ignacio L\u00f3pez Tarso, Manuel &#8220;Loco&#8221; Vald\u00e9s, Benito Taibo, Ely Guerra, Gil Rivera, Polo Rojas y la Gran Orquesta de Acordeones de Rep\u00fablica Checa, Los Ni\u00f1os Cantores de Valle de Chalco, Benito Taibo.<\/p>\n<h3><span style=\"text-decoration: underline;\"><strong>Conciertos, espect\u00e1culos y talleres<\/strong> <\/span><\/h3>\n<h3>Centro Cultural Mexiquense Bicentenario CCMB (Texcoco)<\/h3>\n<p><strong><span style=\"text-decoration: underline;\">En la Sala de Conciertos &#8220;Elisa Carrillo Cabrera&#8221;<\/span><\/strong> (cupo limitado a 1, 200 personas.)<\/p>\n<p><strong>Gil Rivera<\/strong> &#8211; S\u00e1bado 25 de octubre de 2014 a las 19:00 hrs.<\/p>\n<p><strong>Ni\u00f1os cantores de Valle de Chalco y orquesta de cuerdas<\/strong><br \/>\nDomingo 26 de octubre de 2014 a las 18:00 hrs.<\/p>\n<p><strong>Gran orquesta de acordeones de Rep\u00fablica Checa<\/strong><br \/>\nLunes 27 de octubre de 2014 a las 19:00 hrs.<\/p>\n<p><strong>Polo Rojas<\/strong> &#8211; Martes 28 de octubre a las 19:00 hrs.<\/p>\n<p><strong>Aeroplanos &#8211; La vida es un viaje maravilloso<\/strong><br \/>\n<strong>Ignacio L\u00f3pez Tarso<\/strong> y <strong>Manuel &#8220;Loco&#8221; Valdez.<\/strong><br \/>\nM\u00edercoles 29 de octubre a las 17:00 y 19:00 hrs.<\/p>\n<h3>En el Teatro al aire libre y la biblioteca<\/h3>\n<p><strong>Pedro y el lobo &#8211; Saxodia de Quer\u00e9taro <\/strong><br \/>\nDomingo 26 de octubre de 2014 a las 14:00 horas. (Teatro al aire libre)<\/p>\n<p><strong>Ely Guerra<\/strong> &#8211; Jueves 30 de octubre a las 19:00 hrs (Teatro al aire libre<\/p>\n<p><strong>Concierto de piano &#8220;La muerte mel\u00f3dica&#8221;<\/strong><br \/>\nB\u00e1rbara Moreno Menchaca &#8211; Lucila Rita Segura Tor\u00edz.<br \/>\nJueves\u00a0 30 de octubre a las 17:30 hrs. Vest\u00edbulo de la biblioteca.<\/p>\n<p><strong>Moenia<\/strong> &#8211; S\u00e1bado 1 de noviembre a las 19:00 hrs (Teatro al aire libre)<\/p>\n<p><strong>Exposici\u00f3n artesanal<\/strong> &#8220;Catrinas&#8221; de M\u00f3nica Garc\u00eda<br \/>\nInauguraci\u00f3n Viernes 24 de octubre de 2014 a las 11:30 horas.<br \/>\n1er nivel del museo.<\/p>\n<p><strong>Procesi\u00f3n de las Almas \u00a0<\/strong><br \/>\nViernes 24 de octubre de 2014 a las 19:00 horas.<\/p>\n<p><strong>Exposici\u00f3n de Arte Objeto<\/strong><br \/>\nInauguraci\u00f3n Viernes 24 de octubre de 2014 a las 17:00 horas en el Centro Cultural Mexiquense Bicentenario.<\/p>\n<p><strong>Relatos para no dormir y otros para mirar<\/strong><br \/>\nViernes 24 de octubre de 2014 a las 13:00 horas.<br \/>\nVest\u00edbulo de la bibli\u00f3teca.<\/p>\n<p><strong>Presentaci\u00f3n de libro<\/strong>: Desde mi muro, de Benito Taibo.<br \/>\nMi\u00e9rcoles 20 de octubre de 2014 a las 16:00 horas (Auditorio Dr. Miguel Le\u00f3n Portilla).<\/p>\n<h3>Conferencias<\/h3>\n<p><strong>Cuando la literatura se vuelve escena<\/strong><br \/>\nMartes 28 de octubre de 2014 a las 17:00 hrs en el vest\u00edbulo de la biblioteca.<\/p>\n<p><strong>Historia de la tradici\u00f3n de D\u00eda de Muertos en M\u00e9xico<\/strong><br \/>\nViernes 31 de octubre de 2014 a las 17:00 hrs en el vest\u00edbulo de la biblioteca.<\/p>\n<p><strong><span style=\"text-decoration: underline;\"><em>Para mayores informaciones<\/em> <\/span><\/strong><br \/>\nCentro Cultural Mexiquense Bicentenario<br \/>\nKm. 14.3 Carretera Federal M\u00e9xico-Los Reyes, La Paz-Texcoco Est. Manuel Gonz\u00e1lez, Antiguo Rancho Nextlalpan s\/n Coatlinch\u00e1n, Texcoco , Estado de M\u00e9xico.<br \/>\nTel.: 01 800 226 2839.<\/p>\n<h3>Espect\u00e1culo multidisciplinario en Ozumba y Chiautla<\/h3>\n<p><strong>&#8220;La celebraci\u00f3n&#8221; de Frago Dad\u00fan<\/strong><\/p>\n<p>Explanada municipal de Ozumba &#8211; 28 de octubre a las 19:30 hrs.<br \/>\nPante\u00f3n municipal de Chiautla &#8211; 31 octubre a las 19:30 hrs.<\/p>\n<h3>Talleres<\/h3>\n<p>No es necesario material ni inscripci\u00f3n para los talleres.<\/p>\n<p><em>T\u00edteres de sombra <\/em><br \/>\n<em>Calaverita de barro <\/em><br \/>\n<em>Globos de Cantoya <\/em><br \/>\n<em>Maquillaje de fantas\u00eda<\/em><br \/>\n<em>Calaverita de cartoner\u00eda <\/em><br \/>\n<em>Elaboraci\u00f3n de velas <\/em><br \/>\n<em>Papel picado <\/em><br \/>\n<em>Calaveras musicales<\/em><\/p>\n<h3>Sedes del XII Festival de las Almas 2014<\/h3>\n<p><strong>Foro Principal de la Alameda del Bicentenario (Valle de Bravo)<\/strong><\/p>\n<p><strong>Andador del muelle Municipal <\/strong> (Valle de Bravo)<br \/>\n<strong>Auditorio Manuel Hinojosa Giles<\/strong> de la Escuela Primaria Joaqu\u00edn Arcadio Pagaza Nicol\u00e1s Bravo, entre Hidalgo y Coliseo. Col Centro (Valle de Bravo)<\/p>\n<p><strong>Plaza Principal<\/strong> de la Delegaci\u00f3n de <strong>Colorines, <\/strong>domicilio conocido<\/p>\n<p><strong>Casa Abierta<\/strong>, Coliseo N\u00b0 107 , Col. Centro<strong>, <\/strong>(Valle de Bravo)<\/p>\n<p><strong><a title=\"Casa de oraci\u00f3n Carmel Maranath\u00e1 en valle de bravo\" href=\"http:\/\/www.travelbymexico.com\/valledebravo\/atractivos\/?nom=evdbcarmel\" target=\"_blank\">Casa de Oraci\u00f3n Carmel Maranath\u00e1 <\/a><\/strong><br \/>\nA 6 Km. de Valle de Bravo por la carretera a Amanalco de Becerra.<\/p>\n<p><strong>Centro Regional de Cultura Joaqu\u00edn Arcadio Pagaza<\/strong><br \/>\nManuel P Archundia s\/n frente al embarcadero.<\/p>\n<p><strong>Jard\u00edn Principal foro alterno<\/strong><br \/>\nPlaza Independencia entre 5 de febrero y Bocanegra<\/p>\n<p><strong>Museo Joaqu\u00edn Arcadio Pagaza<\/strong><br \/>\nJoaqu\u00edn Pagaza N\u00b0 201, Col. Centro<\/p>\n<p><strong>Templo de Santa Mar\u00eda<\/strong><br \/>\nAmeyal esq. Marina Nacional, S. Ma Ahuacatl\u00e1n<\/p>\n<p><strong>Explanada municipal de Ozumba<\/strong><\/p>\n<p><strong>Pante\u00f3n municipal de Chiautla<\/strong><\/p>\n<p><strong><a title=\"Reserva tu hotel en Valle de Bravo y Av\u00e1ndaro, M\u00e9xico\" href=\"http:\/\/www.travelbymexico.com\/valledebravo\/hoteles\/\" target=\"_blank\">Reserva tu hotel en Valle de Bravo y Av\u00e1ndaro, Estado de M\u00e9xico <\/a><\/strong><\/p>\n<p>&nbsp;<\/p>\n","protected":false},"excerpt":{"rendered":"<p>M\u00fasica &#8211; Teatro &#8211; Conferencias &#8211; Danza &#8211; Literatura &#8211; Pintura &#8211; Cine &#8211; Exposiciones &#8211; Talleres &#8211; Presentaci\u00f3n de<\/p>\n","protected":false},"author":2,"featured_media":16740,"comment_status":"closed","ping_status":"closed","sticky":false,"template":"","format":"standard","meta":[],"categories":[37,912],"tags":[8257,8263,8261,8254,346,360,1516,5925,485,4572,8256,8258,3079,8262,3336,8260,8255,8259,8264,1052,1201,1249],"_links":{"self":[{"href":"https:\/\/www.travelbymexico.com\/blog\/wp-json\/wp\/v2\/posts\/16739"}],"collection":[{"href":"https:\/\/www.travelbymexico.com\/blog\/wp-json\/wp\/v2\/posts"}],"about":[{"href":"https:\/\/www.travelbymexico.com\/blog\/wp-json\/wp\/v2\/types\/post"}],"author":[{"embeddable":true,"href":"https:\/\/www.travelbymexico.com\/blog\/wp-json\/wp\/v2\/users\/2"}],"replies":[{"embeddable":true,"href":"https:\/\/www.travelbymexico.com\/blog\/wp-json\/wp\/v2\/comments?post=16739"}],"version-history":[{"count":1,"href":"https:\/\/www.travelbymexico.com\/blog\/wp-json\/wp\/v2\/posts\/16739\/revisions"}],"predecessor-version":[{"id":16741,"href":"https:\/\/www.travelbymexico.com\/blog\/wp-json\/wp\/v2\/posts\/16739\/revisions\/16741"}],"wp:featuredmedia":[{"embeddable":true,"href":"https:\/\/www.travelbymexico.com\/blog\/wp-json\/wp\/v2\/media\/16740"}],"wp:attachment":[{"href":"https:\/\/www.travelbymexico.com\/blog\/wp-json\/wp\/v2\/media?parent=16739"}],"wp:term":[{"taxonomy":"category","embeddable":true,"href":"https:\/\/www.travelbymexico.com\/blog\/wp-json\/wp\/v2\/categories?post=16739"},{"taxonomy":"post_tag","embeddable":true,"href":"https:\/\/www.travelbymexico.com\/blog\/wp-json\/wp\/v2\/tags?post=16739"}],"curies":[{"name":"wp","href":"https:\/\/api.w.org\/{rel}","templated":true}]}}