{"id":16697,"date":"2014-10-10T18:54:59","date_gmt":"2014-10-10T23:54:59","guid":{"rendered":"http:\/\/www.travelbymexico.com\/blog\/?p=16697"},"modified":"2014-12-05T23:51:35","modified_gmt":"2014-12-06T05:51:35","slug":"ven-a-llenarte-de-color-y-musica-en-el-holi-festival-of-colours-2014","status":"publish","type":"post","link":"https:\/\/www.travelbymexico.com\/blog\/16697-ven-a-llenarte-de-color-y-musica-en-el-holi-festival-of-colours-2014\/","title":{"rendered":"Ven a llenarte de color y m\u00fasica en el Holi Festival Of Colours 2014"},"content":{"rendered":"<h2>El 6 de diciembre se celebrar\u00e1 el segundo &#8220;Holi Festival of Colours 2014&#8221; (Festival de Colores Holi) en un escenario \u00fanico de la Ciudad de M\u00e9xico: el Bosque de Chapultepec! Este a\u00f1o el Holi Fest ser\u00e1 a\u00fan m\u00e1s colorido, habr\u00e1 m\u00e1s puestos y un line up que no se esperan! Los boletos est\u00e1n ya a la venta.<\/h2>\n<p>El festival de primavera, tambi\u00e9n conocido como el de los colores y la fiesta de amor, est\u00e1 inspirado en una fiesta hinduista celebrada en la India, Sri Lanka y Nepal para dar la bienvenida a la primavera tirando polvos de colores por las calles y sobre los participantes.<\/p>\n<h3><em>En la India, el Festival Holi representa \u2018el esp\u00edritu de fraternidad, armon\u00eda y tolerancia\u2019 <\/em><\/h3>\n<p><em>Durante esta celebraci\u00f3n, la gente se pinta y lanza polvos de colores llamados Gulal. Por un d\u00eda, se puede decir que desaparecen las diferencias entre castas.<\/em><\/p>\n<h3>Artistas \/ Line Up<\/h3>\n<p>El Holi Festival de Colores 2014 en M\u00e9xico estar\u00e1 musicalizado por renombrados <strong>DJs mexicanos y extranjeros<\/strong>.<\/p>\n<p><del>Hasta el momento <strong>todav\u00eda se desconocen<\/strong> quienes ser\u00e1n los artistas invitados del Holi Festival of Colours 2014. Por lo que te recomendamos estar al pendiente de nuestros pr\u00f3ximos posts.<\/del><\/p>\n<p><strong>&#8211; Don Diablo<\/strong><br \/>\n<strong>&#8211; Lemon Mint<\/strong><br \/>\n<strong>&#8211; Classixx<\/strong><br \/>\n<strong>&#8211; DSharp<\/strong><br \/>\n<strong>&#8211; Jessica Audiffred<\/strong><br \/>\n<strong>&#8211; Marco Almanza<\/strong><br \/>\n&#8211; Host: <strong>Solar Plexus<\/strong><\/p>\n<h3>\u00bfCu\u00e1ndo y d\u00f3nde?<\/h3>\n<p>Festival Holi de Colores 2o14 en la ciudad de M\u00e9xico<\/p>\n<p>La cita es el <strong>s\u00e1bado 6 de diciembre<\/strong> de 2014 en el\u00a0<strong>Deportivo Lomas Altas<\/strong>\u00a0 Av. Constituyentes 851, Bosque de Chapultepec III, M\u00e9xico D.F.<\/p>\n<h3>Costos de los boletos<\/h3>\n<p><strong>Boleto General<\/strong>: Incluye 1 Entrada Personal: $ 530 pesos.<br \/>\n<strong>Paquete Holi<\/strong>: Incluye 1 Entrada y 3 bolsas polvos de color: $ 600 pesos.<br \/>\n<strong>Paquete Fan<\/strong>: Incluye 1 Entrada + 3 bolsas de polvos de color + 1 Playera Oficial: $ 700 pesos.<\/p>\n<p><span style=\"text-decoration: underline;\"><em><strong>Importante<\/strong><\/em><\/span>: Cada boleto que compras en linea o en puntos de venta oficiales <em>Mecanico Jeans &#8211; Karma Bagels &#8211; Audiofilia &#8211; Electr\u00f3nicaMx<\/em> tiene un c\u00f3digo \u00fanico que dar\u00e1 acceso a 1 sola persona, el c\u00f3digo de barras ser\u00e1 escaneado al acceso del evento, si alguien intenta usar el mismo c\u00f3digo no tendr\u00e1 acceso.<\/p>\n<p><em>Los organizadores del Holi Festival of Colours 2014 recomiendan dentro de su p\u00e1gina web oficial que cuides tu boleto y no compres reventa ni en puntos de venta no oficiales.<\/em><\/p>\n<h3>Puntos de venta de los boletos en la ciudad de M\u00e9xico<\/h3>\n<p><strong>Karma Bagels<\/strong> &#8211; Direcci\u00f3n: Nuevo de Le\u00f3n No.102 esquina Michoac\u00e1n. Horario: Lunes a Momingo de 11:00am a 11:00pm.<\/p>\n<p><strong>Mec\u00e1nico Jeans | Roma<\/strong> &#8211; Direcci\u00f3n: Colima No.33 Col. Roma. Horario: Lunes a S\u00e1bado de 12:00pm a 8:00pm, Domingo de 12:oopm a 6:00pm<\/p>\n<p><strong>Mec\u00e1nico Jeans | Centro<\/strong> &#8211; Direcci\u00f3n: 5 de Febrero No.130 Col. Centro. Horario: Lunes a Viernes de 11:00am a 7:00pm<\/p>\n<p><strong>Bazar de la Computaci\u00f3n<\/strong> &#8211; Direcci\u00f3n: Eje Central L\u00e1zaro C\u00e1rdenas No.9 (En el Centro, frente a la Torre Latino) LOCAL 39 Primer Piso (Tienda de Aud\u00edfonos). Horario: 11:00am a 8:00pm Todos los dias<\/p>\n<p><strong>Bazar Pericoapa<\/strong> &#8211; Direci\u00f3n: Av. Canal de Miramontes No.3155 col. Vergel Coapa LOCAL I-66 (Tienda de Aud\u00edfonos). Horario: 11:00am a 8:00pm Todos los dias<\/p>\n<p><strong>Bazar de Lomas Verdes<\/strong> &#8211; Direcci\u00f3n: Av. Lomas Verdes No.19 Naucalpan Edo. Mex (Tienda de Aud\u00edfonos en el Ultimo pasillo, a mitad del bazar en la zona rosa). Horario: 11:00am a 8:00pm Martes a Domingo<\/p>\n<p><strong>Plaza San Jorge<\/strong> &#8211; Direcci\u00f3n: Plaza San Jorge 1er Piso Local 8 Viaducto Rio Piedad No.83 Esq. con 5 de Febrero Colonia Algar\u00edn, Delegaci\u00f3n Cuauhtemoc. Horario: Lun-Vie\u00a0 de 11:00am a 7:00pm, S\u00e1bado 100:00am a 6:00pm.<\/p>\n<h3>Preguntas frecuentes y consejos<\/h3>\n<p><strong>\u00bfCu\u00e1l es la edad m\u00ednima para asistir al festival?<\/strong><\/p>\n<p>La edad m\u00ednima para acceder es de 18 a\u00f1os. Los menores de edad no tendr\u00e1n acceso, aunque vayan acompa\u00f1ados por adultos.<\/p>\n<p><strong>Consejo para cuidar tus ojos de los polvos de colores<br \/>\n<\/strong><\/p>\n<p>Ponte unas gafas de buceo, sobre todo si usas lentes de contacto.<\/p>\n<p><strong>\u00bfPuedo traer mi propio polvo de colores?<\/strong><\/p>\n<p>Con el objetivo de cuidar el medio ambiente y proteger la salud de los participantes solo se aceptar\u00e1n polvo de colores certificado que podr\u00e1s comprar en el mismo evento.<\/p>\n<p><strong>\u00bfSon peligrosos para la salud estos polvos?<\/strong><\/p>\n<p>No, son inofensivos para la piel y a su vez ecol\u00f3gicos.<\/p>\n<p><strong>\u00bfQu\u00e9 pasa si llueve el d\u00eda del festival?<\/strong><\/p>\n<p>Se pospondr\u00eda al d\u00eda siguiente, siempre y cuando la previsi\u00f3n meteorol\u00f3gica fuera favorable. Los organizadores tendr\u00e1n informados a los participantes por medio de su p\u00e1gina en Facebook.<\/p>\n<p><strong>\u00bfQu\u00e9 ropa ponerse?<\/strong><\/p>\n<p>Puedes vestirte como quieras, aunque para que resalten los colores es prefirible que lleves ropa blanca.<\/p>\n<p><strong>\u00bfLos colores de la ropa desaparer\u00e1n al lavarla?<\/strong><\/p>\n<p>A pesar de que en la mayor\u00eda de los casos los colores de la ropa se van f\u00e1cilmente, hay que tomar en cuenta lo delicados que son los tejidos de colores claros. Por lo que en alg\u00fan caso aislado, la ropa podr\u00eda acabar con peque\u00f1as manchas.<\/p>\n","protected":false},"excerpt":{"rendered":"<p>El 6 de diciembre se celebrar\u00e1 el segundo &#8220;Holi Festival of Colours 2014&#8221; (Festival de Colores Holi) en un escenario<\/p>\n","protected":false},"author":2,"featured_media":16698,"comment_status":"closed","ping_status":"closed","sticky":false,"template":"","format":"standard","meta":[],"categories":[37,912],"tags":[1964,318,360,8227,2192,6486,6499,6498,8228,6485,6496,2099,6494,1052],"_links":{"self":[{"href":"https:\/\/www.travelbymexico.com\/blog\/wp-json\/wp\/v2\/posts\/16697"}],"collection":[{"href":"https:\/\/www.travelbymexico.com\/blog\/wp-json\/wp\/v2\/posts"}],"about":[{"href":"https:\/\/www.travelbymexico.com\/blog\/wp-json\/wp\/v2\/types\/post"}],"author":[{"embeddable":true,"href":"https:\/\/www.travelbymexico.com\/blog\/wp-json\/wp\/v2\/users\/2"}],"replies":[{"embeddable":true,"href":"https:\/\/www.travelbymexico.com\/blog\/wp-json\/wp\/v2\/comments?post=16697"}],"version-history":[{"count":4,"href":"https:\/\/www.travelbymexico.com\/blog\/wp-json\/wp\/v2\/posts\/16697\/revisions"}],"predecessor-version":[{"id":16940,"href":"https:\/\/www.travelbymexico.com\/blog\/wp-json\/wp\/v2\/posts\/16697\/revisions\/16940"}],"wp:featuredmedia":[{"embeddable":true,"href":"https:\/\/www.travelbymexico.com\/blog\/wp-json\/wp\/v2\/media\/16698"}],"wp:attachment":[{"href":"https:\/\/www.travelbymexico.com\/blog\/wp-json\/wp\/v2\/media?parent=16697"}],"wp:term":[{"taxonomy":"category","embeddable":true,"href":"https:\/\/www.travelbymexico.com\/blog\/wp-json\/wp\/v2\/categories?post=16697"},{"taxonomy":"post_tag","embeddable":true,"href":"https:\/\/www.travelbymexico.com\/blog\/wp-json\/wp\/v2\/tags?post=16697"}],"curies":[{"name":"wp","href":"https:\/\/api.w.org\/{rel}","templated":true}]}}