{"id":16691,"date":"2014-10-08T04:10:45","date_gmt":"2014-10-08T09:10:45","guid":{"rendered":"http:\/\/www.travelbymexico.com\/blog\/?p=16691"},"modified":"2014-10-08T04:16:44","modified_gmt":"2014-10-08T09:16:44","slug":"brasil-invitado-de-honor-de-la-feria-internacional-del-libro-en-el-zocalo-2014","status":"publish","type":"post","link":"https:\/\/www.travelbymexico.com\/blog\/16691-brasil-invitado-de-honor-de-la-feria-internacional-del-libro-en-el-zocalo-2014\/","title":{"rendered":"Brasil: invitado de honor de la Feria Internacional del Libro en el Z\u00f3calo 2014"},"content":{"rendered":"<h2>Este a\u00f1o, la Feria Internacional del Libro en el Z\u00f3calo de la ciudad de M\u00e9xico (FILCDMX 2014) dedica su decimocuarta edici\u00f3n a las letras brasile\u00f1as.<\/h2>\n<p>Del <strong>viernes 10 al domingo 19 de octubre de 2014<\/strong>, la Plaza de la Constituci\u00f3n o Z\u00f3calo, se transformar\u00e1 en el foro cultural m\u00e1s grande de la Ciudad de M\u00e9xico.<\/p>\n<p>Dentro de una superficie total de 7,920 metros cuadrados,\u00a0 los visitantes de la FILCDMX 2014 podr\u00e1n conocer lo mejor de las letras y la cultura internacional y nacional a trav\u00e9s de<br \/>\n<strong>292 expositores<\/strong> y la oferta de <strong>m\u00e1s de 350 sellos editoriales<\/strong>.<\/p>\n<p>Actividades y eventos<\/p>\n<p>Adem\u00e1s, la XXIV FIL de la Ciudad de M\u00e9xico ofrecer\u00e1 espect\u00e1culos, conciertos, ciclos de cine, una <strong>venta nocturna<\/strong>, y dise\u00f1o un programa de <strong>actividades totalmente gratuitas<\/strong> para atender a todo p\u00fablico.<\/p>\n<p>La Feria recordar\u00e1 a diez escritores internacionales nacidos en 1914, entre ellos, a <a title=\"Poes\u00eda y reflexiones de Paz, Huerta y Revueltas visten a la ciudad de M\u00e9xico\" href=\"http:\/\/www.travelbymexico.com\/blog\/16151-poesia-y-reflexiones-de-paz-huerta-y-revueltas-visten-a-la-ciudad-de-mexico\" target=\"_blank\">Octavio Paz, Efra\u00edn Huerta y Jos\u00e9 Revueltas<\/a>.<\/p>\n<h3>Poes\u00eda en la FILCDMX 2014<\/h3>\n<p>El <strong>Festival Internacional de Poes\u00eda de la Ciudad de M\u00e9xico<\/strong> vuelve al Z\u00f3calo con la participaci\u00f3n de poetas del mundo entero.<\/p>\n<h3>Letras de Brasil<\/h3>\n<p>La autenticidad y el coraje plasmados en los relatos de grandes escritores brasile\u00f1os como <em>Jos\u00e9 Lins do R\u00eago<\/em>, <em>Euclides da Cunha<\/em>, <em>Machado de Assis<\/em>, <em>Carlos Drummond de Andrade<\/em>, <em>Graciliano Ramos<\/em>, <em>Clarice Lispector<\/em>, <em>Jorge Amado<\/em>, <em>Jo\u00e3o Guimar\u00e3es Rosa<\/em>, o <em>Rachel de Queiroz<\/em>, han conquistado lectores en el mundo entero.<\/p>\n<p>El regionalismo literario brasile\u00f1o con sus relatos cortos de gran fuerza narrativa que describen los grandes y graves problemas de su pa\u00eds y grandes ciudades, muy parecidos a los de otras megal\u00f3polis del mundo, abrieron la brecha para las generaciones de escritores que hoy en d\u00eda, se difunden gracias al inter\u00e9s y esfuerzo de editoriales peque\u00f1as e independientes, as\u00ed como de algunas universidades y del gobierno de Brasil que promueve la traducci\u00f3n de las letras brasile\u00f1as.<br \/>\nregionalismo literario brasile\u00f1o<\/p>\n<p><strong>Escritores brasile\u00f1os invitados de la FILCDMX 2014<\/strong><\/p>\n<p>Participar\u00e1n escritores de varias zonas geogr\u00e1ficas y distintas corrientes literarias, como el <em><strong>Movimiento de Literatura Marginal<\/strong><\/em>. Entre ellos, Binho, Allan da Rosa, Ricardo Domeneck, Ang\u00e9lica Fr\u00e9itas, Paula Parisot, Michel Yakini, Vagner Souza, Ferr\u00e9z, Maria Alzira Brum, Santiago Nazarian, Assionara Souza.<\/p>\n<h3>Actividades y eventos art\u00edsticos en los foros de la FILCDMX 2014<\/h3>\n<p>http:\/\/www.feriadellibro.cultura.df.gob.mx\/index.php\/programacion<\/p>\n<h3>Stands \u2013 Editoriales participantes<\/h3>\n<p>http:\/\/www.feriadellibro.cultura.df.gob.mx\/index.php\/editoriales<\/p>\n<h3>Informaci\u00f3n visitantes<\/h3>\n<p><strong>XXIV Feria Internacional del Libro en el Z\u00f3calo de la ciudad de M\u00e9xico <\/strong><\/p>\n<p>Del viernes 10 al domingo 19 de octubre de 2014.<br \/>\nEn la Plaza de la Constituci\u00f3n s\/n, Centro Hist\u00f3rico, ciudad de M\u00e9xico, D.F.<\/p>\n<p>De las 10:00 a 21:00 horas, salvo el viernes 17 de octubre, que ser\u00e1 de las 10:00 a las 23:00 horas.<\/p>\n<p><span style=\"text-decoration: underline;\">Todas las actividades ser\u00e1n gratuitas.<\/span><\/p>\n<p><strong>Servicios de la FILCDMX 2014<\/strong><\/p>\n<p>Vigilancia, sanitarios, equipo contra incendios, cafeter\u00edas y m\u00f3dulos de informaci\u00f3n.<\/p>\n<p><strong><a title=\"Poes\u00eda y reflexiones de Paz, Huerta y Revueltas visten a la ciudad de M\u00e9xico\" href=\"http:\/\/www.travelbymexico.com\/blog\/16151-poesia-y-reflexiones-de-paz-huerta-y-revueltas-visten-a-la-ciudad-de-mexico\" target=\"_blank\">Poes\u00eda y reflexiones de Paz, Huerta y Revueltas visten a la ciudad de M\u00e9xico<\/a> <\/strong><\/p>\n<p><a title=\"Reserva un hotel en la ciudad de M\u00e9xico\" href=\"http:\/\/www.travelbymexico.com\/ciudaddemexico\/hoteles\" target=\"_blank\"><strong>Reserva tu hotel en la ciudad de M\u00e9xico<\/strong><\/a><\/p>\n","protected":false},"excerpt":{"rendered":"<p>Este a\u00f1o, la Feria Internacional del Libro en el Z\u00f3calo de la ciudad de M\u00e9xico (FILCDMX 2014) dedica su decimocuarta<\/p>\n","protected":false},"author":2,"featured_media":16692,"comment_status":"closed","ping_status":"closed","sticky":false,"template":"","format":"standard","meta":[],"categories":[9,912],"tags":[8224,4161,8222,8223,4408,3713,8226,1021,8225,2537,4566,1296,1297],"_links":{"self":[{"href":"https:\/\/www.travelbymexico.com\/blog\/wp-json\/wp\/v2\/posts\/16691"}],"collection":[{"href":"https:\/\/www.travelbymexico.com\/blog\/wp-json\/wp\/v2\/posts"}],"about":[{"href":"https:\/\/www.travelbymexico.com\/blog\/wp-json\/wp\/v2\/types\/post"}],"author":[{"embeddable":true,"href":"https:\/\/www.travelbymexico.com\/blog\/wp-json\/wp\/v2\/users\/2"}],"replies":[{"embeddable":true,"href":"https:\/\/www.travelbymexico.com\/blog\/wp-json\/wp\/v2\/comments?post=16691"}],"version-history":[{"count":4,"href":"https:\/\/www.travelbymexico.com\/blog\/wp-json\/wp\/v2\/posts\/16691\/revisions"}],"predecessor-version":[{"id":16696,"href":"https:\/\/www.travelbymexico.com\/blog\/wp-json\/wp\/v2\/posts\/16691\/revisions\/16696"}],"wp:featuredmedia":[{"embeddable":true,"href":"https:\/\/www.travelbymexico.com\/blog\/wp-json\/wp\/v2\/media\/16692"}],"wp:attachment":[{"href":"https:\/\/www.travelbymexico.com\/blog\/wp-json\/wp\/v2\/media?parent=16691"}],"wp:term":[{"taxonomy":"category","embeddable":true,"href":"https:\/\/www.travelbymexico.com\/blog\/wp-json\/wp\/v2\/categories?post=16691"},{"taxonomy":"post_tag","embeddable":true,"href":"https:\/\/www.travelbymexico.com\/blog\/wp-json\/wp\/v2\/tags?post=16691"}],"curies":[{"name":"wp","href":"https:\/\/api.w.org\/{rel}","templated":true}]}}