{"id":16628,"date":"2014-09-24T19:34:28","date_gmt":"2014-09-25T00:34:28","guid":{"rendered":"http:\/\/www.travelbymexico.com\/blog\/?p=16628"},"modified":"2014-09-24T19:34:28","modified_gmt":"2014-09-25T00:34:28","slug":"el-gobierno-de-mexico-recupero-el-codice-chimalpahin","status":"publish","type":"post","link":"https:\/\/www.travelbymexico.com\/blog\/16628-el-gobierno-de-mexico-recupero-el-codice-chimalpahin\/","title":{"rendered":"El gobierno de M\u00e9xico recuper\u00f3 el C\u00f3dice Chimalpahin"},"content":{"rendered":"<h2>El pasado 17 de septiembre, el secretario de Educaci\u00f3n P\u00fablica, Emilio Chuayffet Chemor, en representaci\u00f3n del Presidente de la Rep\u00fablica, Enrique Pe\u00f1a Nieto, entreg\u00f3 al pueblo de M\u00e9xico el C\u00f3dice Chimalpahin, documento fundacional de la naci\u00f3n repatriado por el Estado mexicano en el marco de un hecho hist\u00f3rico: el 75 aniversario del Instituto Nacional de Antropolog\u00eda e Historia (INAH) y los 50 a\u00f1os del Museo Nacional de Antropolog\u00eda (MNA).<\/h2>\n<h3>\u00bfQu\u00e9 es el C\u00f3dice Chimalpahin?<\/h3>\n<p>El &#8216;<strong>C\u00f3dice Chimalpahin<\/strong>&#8216; es una obra integrada por tres manuscritos elaborados en el siglo XVII por dos de los historiadores de ascendencia ind\u00edgena m\u00e1s representativos de la \u00e9poca virreinal:\u00a0<strong>Domingo Chimalpahin Quauhtlehuanitzin<\/strong> y <strong>Fernando de Alva Ixtlilx\u00f3chitl<\/strong>.<\/p>\n<p>&nbsp;<\/p>\n<p>El <strong>C\u00f3dice Chimalpahin<\/strong> y las <strong>Obras Hist\u00f3ricas de Fernando de Alva Ixtlilx\u00f3chitl<\/strong>\u00a0<strong>*<\/strong>fueron adquiridos por el INAH a la Sociedad B\u00edblica de Londres, que los pose\u00eda desde el siglo XIX y dan cuenta del inicio de la historiograf\u00eda mexicana: fuente fundamental sobre la vida cotidiana, sociedad y pol\u00edtica mexica, as\u00ed como de la Nueva Espa\u00f1a del siglo XVI.<\/p>\n<p><strong>*<\/strong>El 21 de mayo de 2014, los manuscritos iban a ser subastados en Londres por la casa Christie&#8217;s. El 20 de mayo del mismo a\u00f1o, el INAH logr\u00f3 concretar una compra privada y as\u00ed se evit\u00f3 que salieran a subasta y se reintegraran al patrimonio cultural de la naci\u00f3n mexicana.<\/p>\n<h3>\u00bfC\u00f3mo se hab\u00eda extraviado el C\u00f3dice Chimalpahin?<\/h3>\n<p>La historia del extrav\u00edo del documento tuvo lugar en la segunda mitad del siglo XVII, cuando el sacerdote jesuita, cient\u00edfico, historiador y literato <a title=\"Archivo Hist\u00f3rico del Distrito Federal Carlos de Sig\u00fcenza y G\u00f3ngora\" href=\"http:\/\/www.travelbymexico.com\/blog\/11199-archivo-historico-del-distrito-federal-carlos-de-siguenza-y-gongora\" target=\"_blank\"><strong>Carlos de Sig\u00fcenza y G\u00f3ngora<\/strong><\/a> (1645-1700) reuni\u00f3 en tres vol\u00famenes todo el c\u00f3dice en su biblioteca, que luego pas\u00f3 a formar parte del <strong>Colegio de San Ildefonso<\/strong> de la ciudad de M\u00e9xico.<br \/>\nAh\u00ed, en 1827, el bibliotecario del colegio, <strong>Jos\u00e9 Mar\u00eda Luis Mora<\/strong>, acord\u00f3 con el ingl\u00e9s <strong>James Thomsen<\/strong>, representante de la <strong>Sociedad B\u00edblica de Londres<\/strong>, intercambiar el C\u00f3dice por una partida de Biblias protestantes, no con el prop\u00f3sito de usarlas para evangelizar sino como libros de alfabetizaci\u00f3n.<\/p>\n<p>Thomsen regres\u00f3 a Londres con el c\u00f3dice, y Mora, con los a\u00f1os, se convertir\u00eda en un iniciador del pensamiento liberal en M\u00e9xico.<\/p>\n<h3>\u00bfD\u00f3nde va a estar resguardado el &#8216;C\u00f3dice Chimalpahin&#8217;?<\/h3>\n<p>Entregado a la directora general del INAH, Teresa Franco el pasado 17 de septiembre por el secretario de Educaci\u00f3n P\u00fablica, Emilio Chuayffet Chemor, en representaci\u00f3n del Presidente de la Rep\u00fablica, Enrique Pe\u00f1a Nieto, el &#8216;C\u00f3dice Chimalpahin&#8217; ser\u00e1 custodiado y resguardado en la b\u00f3veda de seguridad de la Biblioteca Nacional de Antropolog\u00eda e Historia.<\/p>\n<h3>Art\u00edculo relacionado<\/h3>\n<p><strong><a title=\"El INAH recibe un facs\u00edmil del C\u00f3dice Borgia \" href=\"http:\/\/www.travelbymexico.com\/blog\/9658-el-inah-recibe-un-facsimil-del-codice-borgia\" target=\"_blank\">El INAH recibe un facs\u00edmil del C\u00f3dice Borgia <\/a><\/strong><\/p>\n<p>&nbsp;<\/p>\n","protected":false},"excerpt":{"rendered":"<p>El pasado 17 de septiembre, el secretario de Educaci\u00f3n P\u00fablica, Emilio Chuayffet Chemor, en representaci\u00f3n del Presidente de la Rep\u00fablica,<\/p>\n","protected":false},"author":2,"featured_media":16629,"comment_status":"closed","ping_status":"closed","sticky":false,"template":"","format":"standard","meta":[],"categories":[9,912],"tags":[2454,8163,1888,8154,1718,8158,8156,8157,2007,656,8160,8161,832,8155,8159,8162,6330],"_links":{"self":[{"href":"https:\/\/www.travelbymexico.com\/blog\/wp-json\/wp\/v2\/posts\/16628"}],"collection":[{"href":"https:\/\/www.travelbymexico.com\/blog\/wp-json\/wp\/v2\/posts"}],"about":[{"href":"https:\/\/www.travelbymexico.com\/blog\/wp-json\/wp\/v2\/types\/post"}],"author":[{"embeddable":true,"href":"https:\/\/www.travelbymexico.com\/blog\/wp-json\/wp\/v2\/users\/2"}],"replies":[{"embeddable":true,"href":"https:\/\/www.travelbymexico.com\/blog\/wp-json\/wp\/v2\/comments?post=16628"}],"version-history":[{"count":1,"href":"https:\/\/www.travelbymexico.com\/blog\/wp-json\/wp\/v2\/posts\/16628\/revisions"}],"predecessor-version":[{"id":16630,"href":"https:\/\/www.travelbymexico.com\/blog\/wp-json\/wp\/v2\/posts\/16628\/revisions\/16630"}],"wp:featuredmedia":[{"embeddable":true,"href":"https:\/\/www.travelbymexico.com\/blog\/wp-json\/wp\/v2\/media\/16629"}],"wp:attachment":[{"href":"https:\/\/www.travelbymexico.com\/blog\/wp-json\/wp\/v2\/media?parent=16628"}],"wp:term":[{"taxonomy":"category","embeddable":true,"href":"https:\/\/www.travelbymexico.com\/blog\/wp-json\/wp\/v2\/categories?post=16628"},{"taxonomy":"post_tag","embeddable":true,"href":"https:\/\/www.travelbymexico.com\/blog\/wp-json\/wp\/v2\/tags?post=16628"}],"curies":[{"name":"wp","href":"https:\/\/api.w.org\/{rel}","templated":true}]}}