{"id":16435,"date":"2014-08-19T18:28:12","date_gmt":"2014-08-19T23:28:12","guid":{"rendered":"http:\/\/www.travelbymexico.com\/blog\/?p=16435"},"modified":"2014-08-19T18:45:01","modified_gmt":"2014-08-19T23:45:01","slug":"4o-espectaculo-aereo-del-ejercito-y-fuerza-aerea-mexicanos","status":"publish","type":"post","link":"https:\/\/www.travelbymexico.com\/blog\/16435-4o-espectaculo-aereo-del-ejercito-y-fuerza-aerea-mexicanos\/","title":{"rendered":"4\u00ba Espect\u00e1culo A\u00e9reo del Ej\u00e9rcito y Fuerza A\u00e9rea Mexicanos"},"content":{"rendered":"<h2>Para esta cuarta edici\u00f3n del Espect\u00e1culo A\u00e9reo del Ej\u00e9rcito y Fuerza A\u00e9rea Mexicanos, la Secretar\u00eda de la Defensa Nacional (Sedena) prev\u00e9 la asistencia de 250 mil personas.<\/h2>\n<p>Creado con el objetivo que la poblaci\u00f3n conozca las misiones que realizan las Fuerzas Armadas de M\u00e9xico, el Espect\u00e1culo A\u00e9reo &#8220;<em>Fuerzas Armadas\u2026Pasi\u00f3n por servir a M\u00e9xico<\/em>&#8221; presentar\u00e1 su cuarta edici\u00f3n el pr\u00f3ximo <strong>s\u00e1bado 23 de agosto de 2014<\/strong> en la <strong>Base A\u00e9rea Militar No.1 Santa Luc\u00eda<\/strong>, misma que alberga el &#8220;Museo Militar de Aviaci\u00f3n&#8221;.<\/p>\n<h3>4\u00ba Espect\u00e1culo A\u00e9reo \u201d Fuerzas Armadas\u2026Pasi\u00f3n por servir a M\u00e9xico\u201d.<\/h3>\n<p>El espect\u00e1culo a\u00e9reo de la FAM tendr\u00e1 una duraci\u00f3n aproximada de <strong>dos horas<\/strong>, dependiendo de las condiciones clim\u00e1ticas.<\/p>\n<p>&#8211; <strong>Formaciones en vuelo<\/strong>;<br \/>\n&#8211; <strong>Acrobacias de aeronaves<\/strong>: la flor de lis, flechas encontradas y espejo, entre otras;<br \/>\n&#8211; Presentaci\u00f3n del &#8220;<strong>Grupo Acrob\u00e1tico del Colegio del Aire<\/strong>&#8220;con aviones PC-7<br \/>\n&#8211; Lanzamiento de paracaidistas: Brigada de Fusileros Paraca\u00eddistas;<br \/>\n&#8211; Fuerzas especiales del Ej\u00e9rcito Mexicano ofrecer\u00e1n <strong>demostraciones<\/strong> como la <strong>infiltraci\u00f3n<\/strong>&#8211;<strong>exfiltraci\u00f3n a\u00e9rea<\/strong> (b\u00fasqueda y rescate);<\/p>\n<h3>Programa de actividades paralelas al espect\u00e1culo a\u00e9reo<\/h3>\n<p>Adem\u00e1s de deleitarte con el espect\u00e1culo a\u00e9reo de la FAM podr\u00e1s disfrutar de:<\/p>\n<p>&#8211; Un recorrido\u00a0 por el <strong>Museo Militar de Aviaci\u00f3n<\/strong>.<br \/>\n&#8211;\u00a0<strong>Exhibici\u00f3n est\u00e1tica<\/strong> de aeronaves de combate y veh\u00edculos blindados que conforman la fuerza a\u00e9rea mexicana como el <strong>F-5<\/strong>, aviones de reconocimiento como el <strong>Pilatus PC-7<\/strong>, helic\u00f3pteros destacando los rusos MI-17 de transporte de personal, T-6 Texan II, entre otros.<br \/>\n&#8211; Interpretaciones musicales.<br \/>\n&#8211; Exposici\u00f3n de adiestramiento canino.<br \/>\n&#8211; Fotograf\u00edas con el Sargento Bravo.<br \/>\n&#8211; Paso de la mini pista del Infante (para ni\u00f1os).<br \/>\n&#8211; Torres de escalada y tirolesa.<\/p>\n<h3>\u00bfCu\u00e1ndo y d\u00f3nde?<\/h3>\n<p><strong>S\u00e1bado 23 de agosto de 2014, a partir de las 11:00 horas.<\/strong><\/p>\n<p><strong>Evento gratuito.<\/strong><\/p>\n<p>La entrada a la base de Santa Luc\u00eda se realizar\u00e1 desde las 5:00 horas de la ma\u00f1ana (<em>acceso con *<strong>boleto numerado<\/strong><\/em>) para que los asistentes puedan ingresar tambi\u00e9n al Museo Militar de Aviaci\u00f3n.<em>\u00a0<\/em><\/p>\n<p><strong>Base A\u00e9rea Militar No.1 Santa Luc\u00eda<\/strong> (ubicada cerca del municipio de Tec\u00e1mac, al sureste del municipio de Zumpango, en el Estado de M\u00e9xico).<\/p>\n<p><strong>*Gana boletos numerados<\/strong><\/p>\n<p>Para ganar tus boletos numerados para asistir al 4\u00ba Espect\u00e1culo A\u00e9reo, deber\u00e1s mandar un correo explicando por qu\u00e9 quieres asistir a este espect\u00e1culo al siguiente correo: sedenaweb@gmail.com<\/p>\n<p>Para mayores informes consulta el<strong> sitio web <\/strong>de la<strong> Secretar\u00eda de Defensa Nacional<\/strong> <a title=\"Sitio web de la Secretar\u00eda de la Defensa Nacional \" href=\"www.sedena.gob.mx\" target=\"_blank\">www.sedena.gob.mx<\/a><\/p>\n<p><a href=\"http:\/\/www.travelbymexico.com\/blog\/imgBase\/2014\/08\/664.jpg\"><img loading=\"lazy\" class=\"alignleft wp-image-16437 size-thumbnail\" src=\"http:\/\/www.travelbymexico.com\/blog\/imgBase\/2014\/08\/664-150x150.jpg\" alt=\"\u00bfC\u00f3mo llegar a la Base de Santa Luc\u00eda? \" width=\"150\" height=\"150\" srcset=\"https:\/\/www.travelbymexico.com\/blog\/imgBase\/2014\/08\/664-150x150.jpg 150w, https:\/\/www.travelbymexico.com\/blog\/imgBase\/2014\/08\/664-75x75.jpg 75w\" sizes=\"(max-width: 150px) 100vw, 150px\" \/><\/a><\/p>\n<h3>\u00bfC\u00f3mo llegar en coche?<\/h3>\n<p>Carreteras, rutas, costos y distancias,<strong> <a title=\"\u00bfC\u00f3mo llegar en coche? Carreteras, rutas, costos y distancias, c\u00e1lcula tu viaje aqu\u00ed.\" href=\"http:\/\/www.travelbymexico.com\/blog\/carreterasyrutas\" target=\"_blank\">c\u00e1lcula tu viaje aqu\u00ed<\/a>.<\/strong><\/p>\n<h3>Art\u00edculo relacionado<\/h3>\n<p><strong><a title=\"3er Espect\u00e1culo A\u00e9reo del Ej\u00e9rcito y Fuerza A\u00e9rea Mexicanos\" href=\"http:\/\/www.travelbymexico.com\/blog\/14538-3er-espectaculo-aereo-del-ejercito-y-fuerza-aerea-mexicanos\" target=\"_blank\">3er Espect\u00e1culo A\u00e9reo del Ej\u00e9rcito y Fuerza A\u00e9rea Mexicanos <\/a><\/strong><\/p>\n<p>&nbsp;<\/p>\n","protected":false},"excerpt":{"rendered":"<p>Para esta cuarta edici\u00f3n del Espect\u00e1culo A\u00e9reo del Ej\u00e9rcito y Fuerza A\u00e9rea Mexicanos, la Secretar\u00eda de la Defensa Nacional (Sedena)<\/p>\n","protected":false},"author":2,"featured_media":16436,"comment_status":"closed","ping_status":"closed","sticky":false,"template":"","format":"standard","meta":[],"categories":[36,912],"tags":[2153,2116,5567,8017,3324,4064,473,8019,6056,2156,2737,8018,5570,5566,1053,5568,5615,2017,5569,1206,8020],"_links":{"self":[{"href":"https:\/\/www.travelbymexico.com\/blog\/wp-json\/wp\/v2\/posts\/16435"}],"collection":[{"href":"https:\/\/www.travelbymexico.com\/blog\/wp-json\/wp\/v2\/posts"}],"about":[{"href":"https:\/\/www.travelbymexico.com\/blog\/wp-json\/wp\/v2\/types\/post"}],"author":[{"embeddable":true,"href":"https:\/\/www.travelbymexico.com\/blog\/wp-json\/wp\/v2\/users\/2"}],"replies":[{"embeddable":true,"href":"https:\/\/www.travelbymexico.com\/blog\/wp-json\/wp\/v2\/comments?post=16435"}],"version-history":[{"count":3,"href":"https:\/\/www.travelbymexico.com\/blog\/wp-json\/wp\/v2\/posts\/16435\/revisions"}],"predecessor-version":[{"id":16441,"href":"https:\/\/www.travelbymexico.com\/blog\/wp-json\/wp\/v2\/posts\/16435\/revisions\/16441"}],"wp:featuredmedia":[{"embeddable":true,"href":"https:\/\/www.travelbymexico.com\/blog\/wp-json\/wp\/v2\/media\/16436"}],"wp:attachment":[{"href":"https:\/\/www.travelbymexico.com\/blog\/wp-json\/wp\/v2\/media?parent=16435"}],"wp:term":[{"taxonomy":"category","embeddable":true,"href":"https:\/\/www.travelbymexico.com\/blog\/wp-json\/wp\/v2\/categories?post=16435"},{"taxonomy":"post_tag","embeddable":true,"href":"https:\/\/www.travelbymexico.com\/blog\/wp-json\/wp\/v2\/tags?post=16435"}],"curies":[{"name":"wp","href":"https:\/\/api.w.org\/{rel}","templated":true}]}}