{"id":16408,"date":"2014-08-11T22:23:17","date_gmt":"2014-08-12T03:23:17","guid":{"rendered":"http:\/\/www.travelbymexico.com\/blog\/?p=16408"},"modified":"2014-08-13T11:10:46","modified_gmt":"2014-08-13T16:10:46","slug":"1er-festival-de-sabores-y-artesanias-del-mundo-2014-en-coyoacan","status":"publish","type":"post","link":"https:\/\/www.travelbymexico.com\/blog\/16408-1er-festival-de-sabores-y-artesanias-del-mundo-2014-en-coyoacan\/","title":{"rendered":"1er Festival de Sabores y Artesan\u00edas del Mundo 2014 en Coyoac\u00e1n"},"content":{"rendered":"<h2>Una muestra de intercambio artesanal, cultural y gastron\u00f3mico de 20 pa\u00edses llega a Coyoac\u00e1n.<\/h2>\n<h2>La entrada al evento ser\u00e1 gratuita.<\/h2>\n<p>El pr\u00f3ximo fin de semana, el <strong>Museo Nacional de Culturas Populares<\/strong> (situado en el Barrio de Coyoac\u00e1n en la ciudad de M\u00e9xico) te invita a asistir a la primera edici\u00f3n de una muestra de intercambio artesanal, cultural y gastron\u00f3mico: el &#8216;1er Festival de Sabores y Artesan\u00edas del Mundo&#8217;.<\/p>\n<h3>Algunos de los 20 pa\u00edses expositores<\/h3>\n<p>&#8211; M\u00e9xico, Argentina, Bolivia, Chile, Colombia, Ecuador, Honduras, Venezuela,<br \/>\n&#8211; Alemania, Francia, Espa\u00f1a<br \/>\n&#8211; Arabia, Israel, Marruecos, Nepal, Rusia.<\/p>\n<h3>Cartelera art\u00edstica<\/h3>\n<p>&#8211; <strong>Celso Duarte <\/strong>(m\u00fasico paraguayo, toca el arpa paraguaya y el arpa jarocha mexicana).<strong><br \/>\n<\/strong><\/p>\n<p>&#8211; <strong>Yunuen Castillo<\/strong> (Core\u00f3grafa Bailarina Maestra en Yunuen Fusi\u00f3n Tribal Bellydance, maestra en Yoni Shakti pole dance session y maestra y core\u00f3grafa en casa de artes y circo contempor\u00e1neo).<\/p>\n<p>&#8211; <strong>Patsy Dalal<\/strong> (Danza \u00c1rabe).<br \/>\n&#8211; <strong>No violento<\/strong> (m\u00fasica fusi\u00f3n Jazz, Drum &amp; Bass y Ritmos Latinos).<br \/>\n&#8211; <strong>Kris Dinatale<\/strong> (cantante y guitarrista).<br \/>\n&#8211; <strong>Dueto FM<\/strong>, Maril\u00fa Zanella (cantante) y Fernando Salazar (guitarra).<br \/>\n&#8211; <strong>Grupo Axolotl<\/strong> (m\u00fasica con fuertes ra\u00edces prehisp\u00e1nicas +\u00a0 fusiones de jazz).<br \/>\n&#8211;<strong>Zulaikhahs<\/strong> (Grupo de danza \u00e1rabe).<\/p>\n<h3>Pasarela de moda<\/h3>\n<p>&#8216;Idi Models&#8217; presentar\u00e1 a los visitantes de la feria una pasarela de moda con las \u00faltimas tendencias\u00a0 de diferentes pa\u00edses del mundo.<\/p>\n<h3>Horario<\/h3>\n<p><span style=\"text-decoration: underline;\"><strong>S\u00e1bado 16 y domingo 17 de agosto de 2014<\/strong> <\/span><\/p>\n<p>De 11:00 a.m. a 8:00 p.m. en el <a title=\"Museo Nacional de Culturas Populares de M\u00e9xico, en Coyoac\u00e1n\" href=\"http:\/\/www.travelbymexico.com\/blog\/15537-museo-nacional-de-culturas-populares-de-mexico-en-coyoacan\" target=\"_blank\">Museo Nacional de Culturas Populares, Coyoac\u00e1n<\/a>.<\/p>\n<p><span style=\"text-decoration: underline;\">Direcci\u00f3n<\/span>: <em>Patio Central Avenida Hidalgo No.289 , Esquina con Allende, Col. Del Carmen, C.P. 4100, Deleg. Coyoac\u00e1n. M\u00e9xico, Distrito Federal.<\/em><br \/>\nInformes: (55) 4155 0920 ext. 7913<\/p>\n<h3>Art\u00edculos relacionados<\/h3>\n<p><strong><a title=\"Este fin, el centro de Coyoac\u00e1n se vestir\u00e1 de luces y sonidos\" href=\"http:\/\/www.travelbymexico.com\/blog\/16395-este-fin-el-centro-de-coyoacan-se-vestira-de-luces-y-sonidos\" target=\"_blank\">Este fin, el centro de Coyoac\u00e1n se vestir\u00e1 de luces y sonidos <\/a><\/strong><\/p>\n<p><strong><a title=\"Barrio de Coyoac\u00e1n: breve rese\u00f1a, fotos y mapa de ubicaci\u00f3n\" href=\"http:\/\/www.travelbymexico.com\/ciudaddemexico\/atractivos\/?nom=kdfecoyoacan \" target=\"_blank\">Barrio de Coyoac\u00e1n<\/a><\/strong><\/p>\n","protected":false},"excerpt":{"rendered":"<p>Una muestra de intercambio artesanal, cultural y gastron\u00f3mico de 20 pa\u00edses llega a Coyoac\u00e1n. La entrada al evento ser\u00e1 gratuita.<\/p>\n","protected":false},"author":2,"featured_media":16409,"comment_status":"closed","ping_status":"closed","sticky":false,"template":"","format":"standard","meta":[],"categories":[37,912],"tags":[6306,7980,318,2317,7982,5232,4249,7981,7983],"_links":{"self":[{"href":"https:\/\/www.travelbymexico.com\/blog\/wp-json\/wp\/v2\/posts\/16408"}],"collection":[{"href":"https:\/\/www.travelbymexico.com\/blog\/wp-json\/wp\/v2\/posts"}],"about":[{"href":"https:\/\/www.travelbymexico.com\/blog\/wp-json\/wp\/v2\/types\/post"}],"author":[{"embeddable":true,"href":"https:\/\/www.travelbymexico.com\/blog\/wp-json\/wp\/v2\/users\/2"}],"replies":[{"embeddable":true,"href":"https:\/\/www.travelbymexico.com\/blog\/wp-json\/wp\/v2\/comments?post=16408"}],"version-history":[{"count":4,"href":"https:\/\/www.travelbymexico.com\/blog\/wp-json\/wp\/v2\/posts\/16408\/revisions"}],"predecessor-version":[{"id":16421,"href":"https:\/\/www.travelbymexico.com\/blog\/wp-json\/wp\/v2\/posts\/16408\/revisions\/16421"}],"wp:featuredmedia":[{"embeddable":true,"href":"https:\/\/www.travelbymexico.com\/blog\/wp-json\/wp\/v2\/media\/16409"}],"wp:attachment":[{"href":"https:\/\/www.travelbymexico.com\/blog\/wp-json\/wp\/v2\/media?parent=16408"}],"wp:term":[{"taxonomy":"category","embeddable":true,"href":"https:\/\/www.travelbymexico.com\/blog\/wp-json\/wp\/v2\/categories?post=16408"},{"taxonomy":"post_tag","embeddable":true,"href":"https:\/\/www.travelbymexico.com\/blog\/wp-json\/wp\/v2\/tags?post=16408"}],"curies":[{"name":"wp","href":"https:\/\/api.w.org\/{rel}","templated":true}]}}