{"id":16395,"date":"2014-08-05T19:23:48","date_gmt":"2014-08-06T00:23:48","guid":{"rendered":"http:\/\/www.travelbymexico.com\/blog\/?p=16395"},"modified":"2014-08-05T19:23:48","modified_gmt":"2014-08-06T00:23:48","slug":"este-fin-el-centro-de-coyoacan-se-vestira-de-luces-y-sonidos","status":"publish","type":"post","link":"https:\/\/www.travelbymexico.com\/blog\/16395-este-fin-el-centro-de-coyoacan-se-vestira-de-luces-y-sonidos\/","title":{"rendered":"Este fin, el centro de Coyoac\u00e1n se vestir\u00e1 de luces y sonidos"},"content":{"rendered":"<h2>Este fin de semana, ven a Coyoac\u00e1n a disfrutar de un espect\u00e1culo de luces y sonido &#8216;Video Mapping&#8217; en el que se proyectar\u00e1n eventos relacionados con la historia de M\u00e9xico.<\/h2>\n<p>Organizado por el Consejo Nacional para la Cultura y las Artes (CONACULTA) este espect\u00e1culo se realiza a trav\u00e9s del &#8216;<em><strong>mapping<\/strong><\/em>&#8216; o &#8216;<em><strong>video mapping<\/strong><\/em>&#8216; tecnolog\u00eda de arte digital de primer nivel que consiste en proyectar sobre objetos tridimensionales, construcciones arquitect\u00f3nicas, obras de ingenier\u00eda, y casi cualquier superficie &#8211; y a trav\u00e9s de innumerables juegos de rayos l\u00e1ser, luces, prismas- fotograf\u00edas, im\u00e1genes o v\u00eddeos.<\/p>\n<h3>Tres noches de &#8216;Mapping&#8217; en el centro de Coyoac\u00e1n<\/h3>\n<p>Durante este evento que se llevar\u00e1 a cabo <strong>tres noches seguidas<\/strong> se proyectar\u00e1n elementos de la historia y cultura de nuestro pa\u00eds sobre la fachada del <strong>Antiguo Palacio del Ayuntamiento<\/strong>, edificio situado en el <strong>Jard\u00edn del Centenario<\/strong> en el coraz\u00f3n de <a title=\"Barrio de Coyoac\u00e1n, M\u00e9xico: rese\u00f1a, fotos y mapa de ubicaci\u00f3n\" href=\"http:\/\/www.travelbymexico.com\/ciudaddemexico\/atractivos\/?nom=kdfecoyoacan\" target=\"_blank\">Coyoac\u00e1n<\/a> convirti\u00e9ndolo en una pantalla de v\u00eddeo din\u00e1mica, con un acompa\u00f1amiento sonoro.<\/p>\n<h3>Cinco proyecciones por noche<\/h3>\n<p>Viernes 8, S\u00e1bado 9 y Domingo 10 de agosto de 2014<\/p>\n<p>Primera proyecci\u00f3n 20:00 horas.<br \/>\nSegunda proyecci\u00f3n 20:30 horas.<br \/>\nTercera Proyecci\u00f3n 21:00 horas.<br \/>\nCuarta proyecci\u00f3n 21:30 horas.<br \/>\nQuinta proyecci\u00f3n 22:00 horas.<\/p>\n<h3>Art\u00edculos relacionados<\/h3>\n<p><strong><a title=\"Festival Internacional de Las Luces, M\u00e9xico 2013, Centro Hist\u00f3rico\" href=\"http:\/\/www.travelbymexico.com\/blog\/15119-festival-internacional-de-las-luces-mexico-2013-centro-historico\" target=\"_blank\">Festival Internacional de las Luces, M\u00e9xico 2013 Centro Hist\u00f3rico<\/a><\/strong><\/p>\n<p><strong><a title=\"Fiestas de Luz en San Luis Potos\u00ed\" href=\"http:\/\/www.travelbymexico.com\/sanluispotosi\/atractivos\/?nom=kslpfiestasdeluz \" target=\"_blank\">Fiestas de Luz en San Lu\u00eds Potos\u00ed<\/a><\/strong><\/p>\n<p>&nbsp;<\/p>\n","protected":false},"excerpt":{"rendered":"<p>Este fin de semana, ven a Coyoac\u00e1n a disfrutar de un espect\u00e1culo de luces y sonido &#8216;Video Mapping&#8217; en el<\/p>\n","protected":false},"author":2,"featured_media":16396,"comment_status":"closed","ping_status":"closed","sticky":false,"template":"","format":"standard","meta":[],"categories":[36,912],"tags":[7964,7965,357,2317,465,1690,5954,4393],"_links":{"self":[{"href":"https:\/\/www.travelbymexico.com\/blog\/wp-json\/wp\/v2\/posts\/16395"}],"collection":[{"href":"https:\/\/www.travelbymexico.com\/blog\/wp-json\/wp\/v2\/posts"}],"about":[{"href":"https:\/\/www.travelbymexico.com\/blog\/wp-json\/wp\/v2\/types\/post"}],"author":[{"embeddable":true,"href":"https:\/\/www.travelbymexico.com\/blog\/wp-json\/wp\/v2\/users\/2"}],"replies":[{"embeddable":true,"href":"https:\/\/www.travelbymexico.com\/blog\/wp-json\/wp\/v2\/comments?post=16395"}],"version-history":[{"count":1,"href":"https:\/\/www.travelbymexico.com\/blog\/wp-json\/wp\/v2\/posts\/16395\/revisions"}],"predecessor-version":[{"id":16397,"href":"https:\/\/www.travelbymexico.com\/blog\/wp-json\/wp\/v2\/posts\/16395\/revisions\/16397"}],"wp:featuredmedia":[{"embeddable":true,"href":"https:\/\/www.travelbymexico.com\/blog\/wp-json\/wp\/v2\/media\/16396"}],"wp:attachment":[{"href":"https:\/\/www.travelbymexico.com\/blog\/wp-json\/wp\/v2\/media?parent=16395"}],"wp:term":[{"taxonomy":"category","embeddable":true,"href":"https:\/\/www.travelbymexico.com\/blog\/wp-json\/wp\/v2\/categories?post=16395"},{"taxonomy":"post_tag","embeddable":true,"href":"https:\/\/www.travelbymexico.com\/blog\/wp-json\/wp\/v2\/tags?post=16395"}],"curies":[{"name":"wp","href":"https:\/\/api.w.org\/{rel}","templated":true}]}}