{"id":16344,"date":"2014-07-16T01:50:36","date_gmt":"2014-07-16T06:50:36","guid":{"rendered":"http:\/\/www.travelbymexico.com\/blog\/?p=16344"},"modified":"2014-07-16T03:11:30","modified_gmt":"2014-07-16T08:11:30","slug":"cursos-y-talleres-de-verano-2014-en-la-ciudad-de-mexico","status":"publish","type":"post","link":"https:\/\/www.travelbymexico.com\/blog\/16344-cursos-y-talleres-de-verano-2014-en-la-ciudad-de-mexico\/","title":{"rendered":"Cursos y talleres de verano 2014 en la ciudad de M\u00e9xico"},"content":{"rendered":"<h2>\u00bfNo sabes qu\u00e9 hacer este verano? La Secretar\u00eda de Cultura de la ciudad de M\u00e9xico te invita a consultar los cursos y talleres (algunos gratuitos) que varios\u00a0 recintos culturales de la capital ponen a tu disposici\u00f3n y la de tus hijos.<br \/>\n\u00a1Inscr\u00edbete, no pierdas esta oportunidad! y aprende desde actuaci\u00f3n, m\u00fasica y literatura hasta c\u00f3mo encuadernar, crear alebrijes, o producir impresoras 3d de bajo costo.<\/h2>\n<h3>\u00a1Explorando las Artes!<\/h3>\n<p>Impartido por Fon\u00e1mbules Producciones AC<\/p>\n<p>Curso de verano para ni\u00f1os de 6 a 12 a\u00f1os.<br \/>\nDel 21 de julio al 15 de agosto del 2014. De lunes a viernes de 10:00 a 12:00 horas.<\/p>\n<p>Inscripciones y programa aqu\u00ed http:\/\/www.cultura.df.gob.mx\/index.php\/cursos-talleres\/details\/12330-verano<\/p>\n<p><em>Una jornada de talleres creativos de diversas manifestaciones art\u00edsticas, l\u00fadicas y experimentales, cuyo tema este a\u00f1o ser\u00e1n Los T\u00edteres.<\/em><\/p>\n<p>Centro Cultural Jos\u00e9 Mart\u00ed, Dr. Mora 1, colonia Centro.<\/p>\n<h3>Taller de guitarra<\/h3>\n<p><span style=\"text-decoration: underline;\">Impartido por Francisco J. Carmona Alfaro<\/span><\/p>\n<p>Todos los martes desde el 15 de julio al 23 de septiembre de 2014<br \/>\nde 17:00 a 19:00 horas.<br \/>\nCosto por trimestre: $372.00 pesos.<br \/>\nRequisitos de inscripci\u00f3n aqu\u00ed http:\/\/www.cultura.df.gob.mx\/index.php\/cursos-talleres\/details\/12223-guitarra<br \/>\nCentro Cultural Jos\u00e9 Mart\u00ed, Dr. Mora 1, colonia Centro.<\/p>\n<h3>Ludotalleres<\/h3>\n<p>Jueves y s\u00e1bados de julio de 2014. 17:00 horas. Entrada libre<\/p>\n<p><span style=\"text-decoration: underline;\">F\u00e1brica de Artes y Oficios de Oriente (FARO)<\/span> Calzada Ignacio Zaragoza s\/n., colonia Fuentes de Zaragoza. Delegaci\u00f3n Iztapalapa.<\/p>\n<h3>Taller: Periodismo &amp; Rock<\/h3>\n<p>Impartido por Patricia Pe\u00f1aloza<\/p>\n<p>Del martes 01 de julio, 2014 al martes 23 de septiembre de 2014.<br \/>\nTodos los martes hasta el 23 de septiembre de 2014, de 19:00 a 21:00 horas.<br \/>\nCosto por trimestre: $372.00 pesos.<br \/>\nRequisitos de inscripci\u00f3n aqu\u00ed http:\/\/www.cultura.df.gob.mx\/index.php\/cursos-talleres\/details\/12224-periodismoderock<\/p>\n<p>Curso en el que te aproximar\u00e1s de manera pr\u00e1ctica, din\u00e1mica y l\u00fadica, a la comprensi\u00f3n del fen\u00f3meno social del rock. Este taller basa su temario en los principios t\u00e9cnicos y te\u00f3ricos del periodismo y la comunicaci\u00f3n medi\u00e1tica, as\u00ed como en la responsabilidad que ello implica.<\/p>\n<p><span style=\"text-decoration: underline;\">Centro Cultural Jos\u00e9 Mart\u00ed<\/span>, Dr. Mora 1, Col. Centro.<\/p>\n<h3>Creaci\u00f3n literaria<\/h3>\n<p>Taller trimestral. Todos los viernes del 18 de julio al 19 de septiembre de 2014, de 17:00 a 19:00 horas.<br \/>\nCosto por trimestre: $372.00 pesos. Requisitos de inscripci\u00f3n http:\/\/www.cultura.df.gob.mx\/index.php\/cursos-talleres\/details\/12225-creacionliteraria<\/p>\n<p><span style=\"text-decoration: underline;\">Centro Cultural Jos\u00e9 Mart\u00ed<\/span>, Dr. Mora 1, Col. Centro.<\/p>\n<h3>Taller de Creatividad en el exilio<\/h3>\n<p>S\u00e1bado 5, 12, 19 y 26; Domingo 6, 20 y 27 de Julio 12:30 horas. Servicio gratuito con boleto de entrada.<\/p>\n<p>Taller pl\u00e1stico y vivencial que reflexiona sobre los distintos tipos de exilio y crean, con materiales de re\u00faso, accesorios y ropa alusivas al exilio Espa\u00f1ol en M\u00e9xico.<\/p>\n<p><span style=\"text-decoration: underline;\">Museo de la Ciudad de M\u00e9xico<\/span>, Pino Su\u00e1rez 30, colonia Centro.<\/p>\n<h3>Narraci\u00f3n Oral y Lectura en voz alta<\/h3>\n<p>Todos los s\u00e1bados desde el 19 de julio al 20 de septiembre de 2014, de 9:00 a 11:00 horas.<br \/>\nTaller trimestral. Costo por trimestre: $372.00 pesos. Inscripci\u00f3n aqu\u00ed http:\/\/www.cultura.df.gob.mx\/index.php\/cursos-talleres\/details\/12226-narracionoral<br \/>\n<span style=\"text-decoration: underline;\">Centro Cultural Jos\u00e9 Mart\u00ed,<\/span> Dr. Mora 1, Col. Centro.<\/p>\n<h3>Taller de vitrales<\/h3>\n<p>Todos los s\u00e1bados del 19 de julio al 20 de septiembre de 2014, de 9:00 a 12:00 hrs.<br \/>\nCosto por trimestre: $372.00 pesos.<br \/>\nRequisitos de inscripci\u00f3n aqu\u00ed http:\/\/www.cultura.df.gob.mx\/index.php\/cursos-talleres\/details\/12228-Vitrales<br \/>\n<span style=\"text-decoration: underline;\">Centro Cultural Jos\u00e9 Mart\u00ed,<\/span> Dr. Mora 1, Col. Centro.<\/p>\n<h3>Talleres de Alebrijes<\/h3>\n<p>Todos los s\u00e1bados del 19 de julio al 20 de septiembre de 2014, de 12:00 a 15:00 hrs.<br \/>\nCosto por trimestre: $372.00 pesos.<br \/>\nRequisitos de inscripci\u00f3n aqu\u00ed http:\/\/www.cultura.df.gob.mx\/index.php\/cursos-talleres\/details\/12229-Alebrijes<br \/>\n<span style=\"text-decoration: underline;\">Centro Cultural Jos\u00e9 Mart\u00ed<\/span>, Dr. Mora 1, Col. Centro.<\/p>\n<h3>Taller de Encuadernaci\u00f3n<\/h3>\n<p>Impartido por Martha Reyes Pichardo<br \/>\nTodos los s\u00e1bados del 19 de julio al 20 de septiembre de 2014, de 15:00 a 18:00 hrs.<br \/>\nTaller trimestral. Costo por trimestre: $372.00 pesos.<br \/>\nRequisitos de inscripci\u00f3n aqu\u00ed http:\/\/www.cultura.df.gob.mx\/index.php\/cursos-talleres\/details\/12230-eEncuadernacion<br \/>\nCentro Cultural Jos\u00e9 Mart\u00ed, Dr. Mora 1, Col. Centro.<\/p>\n<h3>Talleres de Arm\u00f3nica Diat\u00f3nica (nivel 1 de 4)<\/h3>\n<p>Impartido por Victorio Montes Silva<br \/>\nTodos los s\u00e1bados del 19 de julio al 20 de septiembre de 2014, de 19:00 a 21:00 hrs.<br \/>\nTaller trimestral. Costo por trimestre: $372.00 pesos.<br \/>\nRequisitos de inscripci\u00f3n aqu\u00ed http:\/\/www.cultura.df.gob.mx\/index.php\/cursos-talleres\/details\/12227-armonica<br \/>\nCentro Cultural Jos\u00e9 Mart\u00ed, Dr. Mora 1, Col. Centro.<\/p>\n<h3>Talleres para familias &#8220;Imaginaci\u00f3n al vuelo&#8221;<\/h3>\n<p>Para ni\u00f1os de 7 a 12 a\u00f1os. Cupo limitado a 25 ni\u00f1os y ni\u00f1as.<\/p>\n<p>Domingo 6, 13,20 y 27 de julio. a las 12:00 horas.<\/p>\n<p>Actividad sin costo extra al boleto de entrada al museo. $26.00 entrada general, $13.00 estudiantes, maestros y 3era edad.<\/p>\n<p>Se requiere previa inscripci\u00f3n, informes 5566 1902 y 5546 2115 de lunes a viernes de 10:00 a 17:00 horas<br \/>\n<span style=\"text-decoration: underline;\"><a title=\"Museo Nacional a la Revoluci\u00f3n Mexicana, ciudad de M\u00e9xico\" href=\"http:\/\/www.travelbymexico.com\/blog\/6035-monumento-a-la-revolucion-mexicana-ciudad-de-mexico\" target=\"_blank\">Museo Nacional de la Revoluci\u00f3n<\/a>,<\/span> Plaza de la Rep\u00fablica s\/n., colonia Tabacalera. (S\u00f3tano del Monumento a la Revoluci\u00f3n.)<\/p>\n<h3>Curso de Verano gratuito para ni\u00f1os de 6 a 13 a\u00f1os.<\/h3>\n<p>Del lunes 21 de julio al viernes 15 de agosto de 2014.<br \/>\nDe lunes a viernes de 9:00 a 13:00 horas<br \/>\n<em>De manera l\u00fadica y did\u00e1ctica, los ni\u00f1os descubrir\u00e1nlas herramientas b\u00e1sicas de diferentes disciplinas art\u00edsticas\u00a0 como teatro, danza, artes pl\u00e1sticas, literatura, m\u00fasica, cine y artes alternativas.<\/em><\/p>\n<p>Informaci\u00f3n e inscripci\u00f3n aqu\u00ed http:\/\/www.cultura.df.gob.mx\/index.php\/cursos-talleres\/details\/12328-verano<br \/>\n<span style=\"text-decoration: underline;\">Centro Cultural Xavier Villaurrutia<\/span>, Glorieta del Metro Insurgentes local 11 y 12.<\/p>\n<h3>Curso de Verano &#8216;Repaso de mis Operaciones Matem\u00e1ticas&#8217;<\/h3>\n<p>Gratuito para ni\u00f1os de 8 a 12 a\u00f1os) \u00a1Cupo Limitado a 25 alumnos!<br \/>\nDe Lunes a viernes desde el 21 de julio hasta el 31 de agosto de 2014, de 9:00 a 10:00 horas.<br \/>\n<span style=\"text-decoration: underline;\">Centro Cultural Jos\u00e9 Mart\u00ed<\/span>, Dr. Mora 1, Col. Centro.<\/p>\n<h3>Curso de verano &#8216;El verano en el Pante\u00f3n de San Fernando&#8217;<\/h3>\n<p>Desde el 22 hasta el 26 de julio. 12:00 horas. Entrada libre<\/p>\n<p>Curso basado en artes pl\u00e1sticas, cuya tem\u00e1tica ser\u00e1 el contenido hist\u00f3rico del <span style=\"text-decoration: underline;\">Museo Pante\u00f3n de San Fernando<\/span>. (Plaza de San Fernando 17, colonia Guerrero.)<\/p>\n<h3>Taller Recyclatech 2014<\/h3>\n<p><strong>Aut\u00f3matas de juguete, apropiaci\u00f3n tecnol\u00f3gica a trav\u00e9s del arte<\/strong><br \/>\nPara ni\u00f1os de entre 11 y 16 a\u00f1os.<br \/>\nDel martes 22 de julio, 2014 al s\u00e1bado 09 de agosto, 2014<br \/>\nDe martes a s\u00e1bado, de 15:00 a 18:00 hrs.<\/p>\n<p><em>Se desarrollar\u00e1n instrumentos musicales electr\u00f3nicos, personajes animados, efectos audiovisuales, y peque\u00f1os robots aut\u00f3nomos, a trav\u00e9s de herramientas de programaci\u00f3n y electr\u00f3nica de c\u00f3digo abierto, para apropiarse de la tecnolog\u00eda y potencializar su creatividad.<\/em><\/p>\n<p><span style=\"text-decoration: underline;\">F\u00e1brica de Artes y Oficios de Oriente (FARO)<\/span> Avenida Ignacio Zaragoza s\/n., colonia Fuentes de Zaragoza.<\/p>\n<h3>Curso de verano de &#8216;Paso por el Arte&#8217;<\/h3>\n<p>Para ni\u00f1os de 8 a 14 a\u00f1os. Martes 22 de julio de 2014, 20:00 horas. Entrada libre<\/p>\n<p>Actividades l\u00fadicas y educativas para potenciar la imaginaci\u00f3n, enfocadas a vincular las diferentes expresiones art\u00edsticas y a su vez familiarizar al p\u00fablico con el acervo y las exposiciones temporales del Museo de la Ciudad de M\u00e9xico.<\/p>\n<p><span style=\"text-decoration: underline;\">Museo de la Ciudad de M\u00e9xico<\/span>, Pino Su\u00e1rez 30, colonia Centro.<\/p>\n<h3>*Alas y ra\u00edces presenta: Sue\u00f1o de una noche de verano<\/h3>\n<p>s\u00e1bado 26 de julio, 2014 a las 10:00 hrs.<br \/>\n<em>Un festival lleno de talleres, narraciones orales y mucha diversi\u00f3n. Ven a jugar con tu imaginaci\u00f3n, invita a toda tu familia.<\/em><\/p>\n<p>*Alas y Ra\u00edces: programa cultural del Conaculta destinado a los ni\u00f1os.<\/p>\n<p><span style=\"text-decoration: underline;\">Faro Milpa Alta<\/span>, Avenida Dr. Gast\u00f3n Melo 40, San Antonio Tec\u00f3mitl.<\/p>\n<h3>P\u00e1ramos de olvido<\/h3>\n<p><strong>Taller de Danza Contempor\u00e1nea del Faro de Oriente.<\/strong><br \/>\nS\u00e1bado 26 de julio de 2014, 13:00 horas. Entrada libre<\/p>\n<p><em>Obra coreogr\u00e1fica de Danza Contempor\u00e1nea que aborda de la migraci\u00f3n de hombres y mujeres siendo ellas las protagonistas de esta historia, en donde no solo aparecen las madres hermanas e hijas que buscan un mejor futuro para sus familias y emprenden este arriesgado trayecto en el que son doblemente violentadas, sometidas, exigidas y evaluadas. Tambi\u00e9n aparecen las madres, hermanas e hijas de todos aquellos seres humanos que han desaparecido en su intento por cruzar la frontera.<\/em><\/p>\n<p><span style=\"text-decoration: underline;\">Faro de Oriente<\/span>, Calz. Ignacio Zaragoza s\/n, Del.Delegaci\u00f3n Iztapalapa, D.F.<\/p>\n<h3>Noche de Museos \/ Leyendas en Sombras<\/h3>\n<p>Mi\u00e9rcoles 30 de julio, 20:00 horas. Entrada libre<\/p>\n<p><strong>Taller de teatro de sombras<\/strong> en d\u00f3nde los participantes elaboran sus marionetas y recrean las leyendas de la Ciudad de M\u00e9xico.<\/p>\n<p><span style=\"text-decoration: underline;\">Museo de la Ciudad de M\u00e9xico<\/span>, Pino Su\u00e1rez 30, colonia Centro.<\/p>\n<h3>Enlaces de inter\u00e9s<\/h3>\n<p>Para mayores informes acerca de los cursos y talleres de la Secretar\u00eda de Cultura de la ciudad de M\u00e9xico, consulta <a title=\"Cursos y talleres de verano 2014 en la ciudad de M\u00e9xico\" href=\"http:\/\/www.cultura.df.gob.mx\/index.php\/cursos-talleres?limitstart=0\" target=\"_blank\">http:\/\/www.cultura.df.gob.mx\/index.php\/cursos-talleres?limitstart=0<\/a><\/p>\n","protected":false},"excerpt":{"rendered":"<p>\u00bfNo sabes qu\u00e9 hacer este verano? La Secretar\u00eda de Cultura de la ciudad de M\u00e9xico te invita a consultar los<\/p>\n","protected":false},"author":2,"featured_media":16346,"comment_status":"closed","ping_status":"closed","sticky":false,"template":"","format":"standard","meta":[],"categories":[912],"tags":[7903,70,7902,5181,7901,318,5194,4703,5004,5421,5184,5188,2446,5530,1094,2537,1157,6594,7900],"_links":{"self":[{"href":"https:\/\/www.travelbymexico.com\/blog\/wp-json\/wp\/v2\/posts\/16344"}],"collection":[{"href":"https:\/\/www.travelbymexico.com\/blog\/wp-json\/wp\/v2\/posts"}],"about":[{"href":"https:\/\/www.travelbymexico.com\/blog\/wp-json\/wp\/v2\/types\/post"}],"author":[{"embeddable":true,"href":"https:\/\/www.travelbymexico.com\/blog\/wp-json\/wp\/v2\/users\/2"}],"replies":[{"embeddable":true,"href":"https:\/\/www.travelbymexico.com\/blog\/wp-json\/wp\/v2\/comments?post=16344"}],"version-history":[{"count":5,"href":"https:\/\/www.travelbymexico.com\/blog\/wp-json\/wp\/v2\/posts\/16344\/revisions"}],"predecessor-version":[{"id":16350,"href":"https:\/\/www.travelbymexico.com\/blog\/wp-json\/wp\/v2\/posts\/16344\/revisions\/16350"}],"wp:featuredmedia":[{"embeddable":true,"href":"https:\/\/www.travelbymexico.com\/blog\/wp-json\/wp\/v2\/media\/16346"}],"wp:attachment":[{"href":"https:\/\/www.travelbymexico.com\/blog\/wp-json\/wp\/v2\/media?parent=16344"}],"wp:term":[{"taxonomy":"category","embeddable":true,"href":"https:\/\/www.travelbymexico.com\/blog\/wp-json\/wp\/v2\/categories?post=16344"},{"taxonomy":"post_tag","embeddable":true,"href":"https:\/\/www.travelbymexico.com\/blog\/wp-json\/wp\/v2\/tags?post=16344"}],"curies":[{"name":"wp","href":"https:\/\/api.w.org\/{rel}","templated":true}]}}