{"id":16256,"date":"2014-06-22T20:24:50","date_gmt":"2014-06-23T01:24:50","guid":{"rendered":"http:\/\/www.travelbymexico.com\/blog\/?p=16256"},"modified":"2014-06-23T02:32:26","modified_gmt":"2014-06-23T07:32:26","slug":"2-mil-500-militares-participaran-en-la-escenificacion-historica-de-la-toma-de-zacatecas","status":"publish","type":"post","link":"https:\/\/www.travelbymexico.com\/blog\/16256-2-mil-500-militares-participaran-en-la-escenificacion-historica-de-la-toma-de-zacatecas\/","title":{"rendered":"2 mil 500 militares participar\u00e1n en la Escenificaci\u00f3n Hist\u00f3rica de la Toma de Zacatecas"},"content":{"rendered":"<h2>Desfile c\u00edvico militar; magna Escenificaci\u00f3n Hist\u00f3rica de la Batalla de Zacatecas con 2 mil 500 efectivos militares; Inauguraci\u00f3n de una exposici\u00f3n en el Museo de Guadalupe, y concierto del tenor Fernando de La Mora, son unos de los eventos que se llevar\u00e1n a cabo este lunes 23 de junio de 2014 en la ciudad de <a title=\"Reserva tu hotel en la ciudad de Zacatecas\" href=\"http:\/\/www.travelbymexico.com\/zacatecas\/hoteles\" target=\"_blank\">Zacatecas<\/a> en el marco del Centenario de la \u202aToma\u202c \u202ade\u202c \u202aZacatecas\u202c.<\/h2>\n<h2>El presidente Enrique Pe\u00f1a Nieto confirm\u00f3 su presencia por lo que se tiene organizado un despliegue de seguridad.<\/h2>\n<p>Como parte de las actividades que se realizan para conmemorar el <strong>Centenario de la \u202aToma\u202c \u202ade\u202c \u202aZacatecas<\/strong>\u202c, ma\u00f1ana lunes 23 de junio de 2014 se llevar\u00e1n a cabo varios los siguientes eventos en la ciudad de zacatecas:<\/p>\n<h3>Centenario Toma de Zacatecas- Eventos del 23 de junio 2014<\/h3>\n<p><strong>Desfile c\u00edvico militar y el espect\u00e1culo a\u00e9reo<\/strong>: de 8:30 a 9:15 de la ma\u00f1ana en la <span style=\"text-decoration: underline;\">Plaza Bicentenario, Cerro de la Bufa<\/span>, (Bulevar L\u00f3pez Portillo).<\/p>\n<p><strong>Escenificaci\u00f3n hist\u00f3rica de la Toma de Zacatecas: <\/strong>a las *12:00 horas en el Parque Ecol\u00f3gico <span style=\"text-decoration: underline;\">Centenario.<\/span> (en las inmediaciones de la Presa de Infante.)<\/p>\n<p>&#8211; En la escenificaci\u00f3n hist\u00f3rica de la Batalla de Zacatecas participar\u00e1n<strong> 2 mil 500 efectivos militares. <\/strong><\/p>\n<p>&#8211; Ser\u00e1n utilizadas <strong>2 mil 400 armas de la \u00e9poca revolucionaria<\/strong> as\u00ed como 24 ca\u00f1ones que fueron modificados para que tengan el aspecto de los que se usaron en la Batalla de Zacatecas.<\/p>\n<p>*<em><span style=\"text-decoration: underline;\"><strong>Recomendaci\u00f3n<\/strong><\/span><\/em>: A los interesados en asistir a la escenificaci\u00f3n de este espect\u00e1culo conmemorativo se les sugiere que anticipen su llegada, debido a que ser\u00e1 muy restringido y dif\u00edcil el acceso derivado de la visita del Presidente Pe\u00f1a Nieto.<\/p>\n<h3>Agenda Presidencial en el Cerro de la Bufa<\/h3>\n<p>Antes de asistir a las 12:00 horas a la <strong>Escenificaci\u00f3n Hist\u00f3rica<\/strong> de la Toma de Zacatecas, el <strong>Presidente Enrique Pe\u00f1a Nieto<\/strong> realizar\u00e1 a las 11:30 horas la <strong>inauguraci\u00f3n del Gasoducto Centenario<\/strong> de la Toma de Zacatecas.<\/p>\n<p><span style=\"text-decoration: underline;\">Otros eventos contemplados en la Agenda Presidencial<\/span>:<\/p>\n<p>&#8211; Cancelaci\u00f3n del timbre postal alusivo a la Toma de Zacatecas.<br \/>\n&#8211; Develaci\u00f3n del mural &#8220;Cambio de Vida&#8221;, del artista Ismael Guardado.<br \/>\n&#8211; Entrega de la presea a la investigaci\u00f3n hist\u00f3rica.<br \/>\n&#8211; Reapertura del Museo Toma de Zacatecas.<br \/>\n&#8211; Develaci\u00f3n de un monumento aleg\u00f3rico a la Batalla de Zacatecas.<\/p>\n<p><strong>Inauguraci\u00f3n de una exposici\u00f3n en el Museo de Guadalupe<br \/>\n<\/strong><\/p>\n<p>A las 18:00 horas en el Museo de Guadalupe<\/p>\n<p>Inauguraci\u00f3n de la exposici\u00f3n &#8220;<strong>Batalla de Zacatecas, versos y acordes de la Revoluci\u00f3n Mexicana<\/strong>&#8220;, producci\u00f3n del Museo de Guadalupe, INAH, Museo Casa Carranza, Sistema Nacional de Fototeca, SEDENA, MUNAL, Museo del Estanquillo, Museo Franz Mayer.<br \/>\nLugar: Sala de exposiciones temporales del Museo de Guadalupe.<\/p>\n<h3>Concierto del tenor Fernando de la Mora<\/h3>\n<p>A las 8:30\u00a0 de la noche, en la <a title=\"Plaza de Armas y Palacio de Gobierno de la ciudad de Zacatecas\" href=\"http:\/\/www.travelbymexico.com\/zacatecas\/atractivos\/?nom=kzacarmas\" target=\"_blank\"><strong>Plaza de Armas<\/strong><\/a>, el tenor <strong>Fernando de la Mora<\/strong> ofrecer\u00e1 un\u00a0 concierto alusivo al Centenario de la Toma de Zacatecas.<\/p>\n<h3>Eventos pasados<\/h3>\n<p><strong>Ascenso Masivo al cerro de La Bufa<\/strong><\/p>\n<p>S\u00e1bado 21 de junio 2014, ciclistas y atletas, tanto profesionales como amateurs, celebraron el Centenario de la Toma de Zacatecas con un evento deportivo sin precedente: el\u00a0 Ascenso Masivo al cerro de La Bufa.<br \/>\nLa carrera, organizada por Inbike Zacatecas y Corre en Zacatecas, se dividio en dos partes: ascenso y descenso. La distancia aproximada fue de 5 kil\u00f3metros.<\/p>\n<p><strong>Inauguran nueva iluminaci\u00f3n del Cerro de la Bufa<\/strong><\/p>\n<p>Acompa\u00f1ado por el alcalde <em>Carlos Pe\u00f1a Badillo<\/em> y cientos de familias zacatecanas, el gobernador <strong><em>Miguel Alonso Reyes<\/em> <\/strong>encendi\u00f3 a control remoto desde la Plaza Bicentenario <a title=\"Inauguran la nueva iluminaci\u00f3n del Cerro de la Bufa \" href=\"http:\/\/www.travelbymexico.com\/blog\/16248-inauguran-la-nueva-iluminacion-del-cerro-de-la-bufa\" target=\"_blank\">la nueva iluminaci\u00f3n<\/a> del emblem\u00e1tico <a title=\"Cerro de La Bufa en la ciudad de Zacatecas\" href=\"http:\/\/www.travelbymexico.com\/zacatecas\/atractivos\/?nom=kzacbufa\" target=\"_blank\">Cerro de la Bufa<\/a><\/p>\n<p><strong>Coloquio Zacatecas, Los d\u00edas de las armas<\/strong><\/p>\n<p>del 19 al 20 de junio de 2014 en el <a title=\"Ex-Convento de San Agust\u00edn en la ciudad de Zacatecas\" href=\"http:\/\/www.travelbymexico.com\/zacatecas\/atractivos\/?nom=kzacagustin\" target=\"_blank\">Ex Templo de San Agust\u00edn<\/a>.<\/p>\n<p>En este Coloquio cuyo objetivo fue analizar el impacto de dicha batalla en el \u00e1mbito nacional, en los aspectos individuales y colectivos, el rol que jug\u00f3 la geograf\u00eda de la capital zacatecana, as\u00ed como el contexto regional y nacional en que se libr\u00f3 y, por supuesto, las secuelas que dej\u00f3, participaron investigadores de la Universidad Nacional Aut\u00f3noma de M\u00e9xico (UNAM), El Colegio de M\u00e9xico, el Instituto Tecnol\u00f3gico Aut\u00f3nomo de M\u00e9xico (ITAM) y la Universidad Aut\u00f3noma de Zacatecas, entre otras instituciones.<\/p>\n<p><strong>Cabalgata del Centenario<\/strong><\/p>\n<p>Con una participaci\u00f3n hist\u00f3rica de <strong>m\u00e1s de 3 mil 500 cabalgantes<\/strong>, el Gobernador Miguel Alonso Reyes encabez\u00f3 la Cabalgata Revolucionaria que se realiz\u00f3 el 14 de junio 2014 en el marco de la conmemoraci\u00f3n del Centenario de la Toma de Zacatecas.<\/p>\n<p>Rememorando la ruta trazada por la <strong>Divisi\u00f3n del Norte<\/strong>, en su tramo Calera-Morelos-Zacatecas, 3,500 jinetes de los estados de Chihuahua, Durango, Coahuila, San Luis Potos\u00ed y Zacatecas participaron en la Cabalgata del Centenario.<\/p>\n<p>Inauguraci\u00f3n del Arco Triunfal de la Toma de Zacatecas,<\/p>\n<p>La inauguraci\u00f3n de la r\u00e9plica del Arco Triunfal de la Toma de Zacatecas colocado en 1890, tuvo lugar en la Avenida Hidalgo del centro hist\u00f3rico de la ciudad de Zacatecas el pasado domingo 15 de junio y estuvo acompa\u00f1ada por un gran Desfile de entrada de Tropas Militares con elementos del Ejercito Mexicano.<\/p>\n<h3>Lugares de inter\u00e9s en\u00a0 el Cerro de la Bufa<\/h3>\n<p><strong>Las estatuas ecuestres de la <a title=\"Plaza de la Revoluci\u00f3n Mexicana en el Cerro de la Bufa\" href=\"http:\/\/www.travelbymexico.com\/zacatecas\/atractivos\/index.php?nom=kzacplazarev\" target=\"_blank\">Plaza de la Revoluci\u00f3n Mexicana<\/a>, la <a title=\"Capilla del Patrocinio en el Cerro de la Bufa, Zacatecas\" href=\"http:\/\/www.travelbymexico.com\/zacatecas\/atractivos\/index.php?nom=kzacpatroci\" target=\"_blank\">Capilla del Patrocinio<\/a>, el <a title=\"Museo Toma de Zacatecas en el Cerro de la Bufa\" href=\"http:\/\/www.travelbymexico.com\/zacatecas\/atractivos\/index.php?nom=kzacmustoma\" target=\"_blank\">Museo Toma de Zacatecas<\/a>, el <a title=\"Observatorio Meteorol\u00f3gico del Cerro de la Bufa, Zacatecas\" href=\"http:\/\/www.travelbymexico.com\/zacatecas\/atractivos\/index.php?nom=kzacobserv\" target=\"_blank\">Observatorio Meteorol\u00f3gico<\/a>, el <a title=\"Mausoleo de los Hombres Ilustres en el Cerro de la Bufa, ciudad de Zacatecas\" href=\"http:\/\/www.travelbymexico.com\/zacatecas\/atractivos\/index.php?nom=kzacmausoleo\" target=\"_blank\">Mausoleo de los Hombres Ilustres<\/a>, y el <a title=\"El Telef\u00e9rico de Zacatecas: rese\u00f1a, fotos y mapa de ubicaci\u00f3n\" href=\"http:\/\/www.travelbymexico.com\/zacatecas\/atractivos\/?nom=kzactelefer\" target=\"_blank\">Telef\u00e9rico de Zacatecas<\/a><\/strong><\/p>\n<p><strong><a title=\"Reserva tu hotel en la ciudad de Zacatecas\" href=\"http:\/\/www.travelbymexico.com\/zacatecas\/hoteles\" target=\"_blank\">Reserva un hotel en la ciudad de Zacatecas<\/a><\/strong><\/p>\n<p>&nbsp;<\/p>\n","protected":false},"excerpt":{"rendered":"<p>Desfile c\u00edvico militar; magna Escenificaci\u00f3n Hist\u00f3rica de la Batalla de Zacatecas con 2 mil 500 efectivos militares; Inauguraci\u00f3n de una<\/p>\n","protected":false},"author":2,"featured_media":16257,"comment_status":"closed","ping_status":"closed","sticky":false,"template":"","format":"standard","meta":[],"categories":[36,912],"tags":[2155,7796,5009,7797,265,331,3685,4140,7798,7799,4064,535,7795,7800,1053,1444],"_links":{"self":[{"href":"https:\/\/www.travelbymexico.com\/blog\/wp-json\/wp\/v2\/posts\/16256"}],"collection":[{"href":"https:\/\/www.travelbymexico.com\/blog\/wp-json\/wp\/v2\/posts"}],"about":[{"href":"https:\/\/www.travelbymexico.com\/blog\/wp-json\/wp\/v2\/types\/post"}],"author":[{"embeddable":true,"href":"https:\/\/www.travelbymexico.com\/blog\/wp-json\/wp\/v2\/users\/2"}],"replies":[{"embeddable":true,"href":"https:\/\/www.travelbymexico.com\/blog\/wp-json\/wp\/v2\/comments?post=16256"}],"version-history":[{"count":5,"href":"https:\/\/www.travelbymexico.com\/blog\/wp-json\/wp\/v2\/posts\/16256\/revisions"}],"predecessor-version":[{"id":16262,"href":"https:\/\/www.travelbymexico.com\/blog\/wp-json\/wp\/v2\/posts\/16256\/revisions\/16262"}],"wp:featuredmedia":[{"embeddable":true,"href":"https:\/\/www.travelbymexico.com\/blog\/wp-json\/wp\/v2\/media\/16257"}],"wp:attachment":[{"href":"https:\/\/www.travelbymexico.com\/blog\/wp-json\/wp\/v2\/media?parent=16256"}],"wp:term":[{"taxonomy":"category","embeddable":true,"href":"https:\/\/www.travelbymexico.com\/blog\/wp-json\/wp\/v2\/categories?post=16256"},{"taxonomy":"post_tag","embeddable":true,"href":"https:\/\/www.travelbymexico.com\/blog\/wp-json\/wp\/v2\/tags?post=16256"}],"curies":[{"name":"wp","href":"https:\/\/api.w.org\/{rel}","templated":true}]}}