{"id":16241,"date":"2014-06-19T03:49:53","date_gmt":"2014-06-19T08:49:53","guid":{"rendered":"http:\/\/www.travelbymexico.com\/blog\/?p=16241"},"modified":"2014-06-19T03:52:11","modified_gmt":"2014-06-19T08:52:11","slug":"sedes-y-conciertos-de-la-fiesta-de-la-musica-2014-en-mexico-y-pachuca","status":"publish","type":"post","link":"https:\/\/www.travelbymexico.com\/blog\/16241-sedes-y-conciertos-de-la-fiesta-de-la-musica-2014-en-mexico-y-pachuca\/","title":{"rendered":"Sedes y conciertos de la Fiesta de la M\u00fasica 2014 en M\u00e9xico y Pachuca"},"content":{"rendered":"<h2>Por cuarto a\u00f1o consecutivo M\u00e9xico celebrar\u00e1 La Fiesta de la M\u00fasica (La F\u00eate de la Musique), magno evento popular y gratuito dirigido a todo p\u00fablico que convoca cada a\u00f1o a m\u00fasicos aficionados o profesionales de diversos g\u00e9neros musicales que deseen tocar en lugares al aire libre como calles, plazas, parques; as\u00ed como en museos, centros culturales, etc.<\/h2>\n<p>Organizado en coordinaci\u00f3n con la <strong>Alianza Francesa<\/strong>,\u00a0la &#8216;<strong>Fiesta de la M\u00fasica<\/strong>&#8216; (F\u00eate de la Musique) se origin\u00f3 en 1981 en Francia con el objetivo de popularizar la pr\u00e1ctica musical y familiarizar a la audiencia con las expresiones musicales; asimismo brinda la oportunidad de dar a conocer nuevos talentos y mezclar los g\u00e9neros musicales.<\/p>\n<p><span style=\"text-decoration: underline;\"><em> La Fiesta de la M\u00fasica es celebrada cada 21 de junio en m\u00e1s de 1000 ciudades en los cinco continentes<\/em><\/span><em>.<br \/>\n<\/em><\/p>\n<h3>\u00bfCu\u00e1ndo y d\u00f3nde?<\/h3>\n<p>La cita es el pr\u00f3ximo <span style=\"text-decoration: underline;\">s\u00e1bado 21 de junio de 2014\u00a0 de las 10:00 a las 02:00 horas<\/span><\/p>\n<p>&#8211; <strong>40 escenarios<\/strong> distribuidos en la <a title=\"Reserva un hotel en la ciudad de M\u00e9xico\" href=\"http:\/\/www.travelbymexico.com\/ciudaddemexico\/hoteles\" target=\"_blank\">Ciudad de M\u00e9xico<\/a> y <a title=\"Reserva un hotel en la ciudad de Pachuca, Estado de Hidalgo\" href=\"http:\/\/www.travelbymexico.com\/pachuca\/hoteles\" target=\"_blank\">Pachuca<\/a>.<\/p>\n<p><strong>&#8211; <\/strong>m\u00e1s de<strong> 600 m\u00fasicos <\/strong>tocar\u00e1n<strong> en vivo;\u00a0 <\/strong><\/p>\n<p><strong>&#8211; m\u00e1s de 130 conciertos gratuitos<\/strong> durante todo el d\u00eda de diversos generos musicales, entre ellos: cl\u00e1sica, l\u00edrica, jazz, rock, pop, rap, tradicional, mariachi, bolero, transe, fusi\u00f3n, etc.<\/p>\n<h3>Sedes, horarios y artistas de la #FdM2014<\/h3>\n<h3>Eventos en Pachuca<\/h3>\n<p><span style=\"text-decoration: underline;\"><strong>s\u00e1bado 21 y domingo 22 de junio 2014<\/strong> <\/span><\/p>\n<p>Se presentar\u00e1n en concierto alrededor de 21 grupos en el <em>Centro Cultural Universitario \u0093La Garza\u0094<\/em> y el <em>Pabell\u00f3n Universitario<\/em> de la Universidad Aut\u00f3noma del Estado de Hidalgo (UAEH) Av. San Judas Tadeo, Ciudad de Pachuca, Hidalgo.<\/p>\n<h3>Eventos en la ciudad de M\u00e9xico<\/h3>\n<p><span style=\"text-decoration: underline;\"><strong>Viernes 20 de junio de 2014<\/strong> <\/span><\/p>\n<p><strong>Sala Estudio Coral Mesina<\/strong> (<em>Yautepec 104, Colonia Condesa<\/em>)<br \/>\n17:00 hrs. Tr\u00edo de percusiones Barra Libre.<\/p>\n<p><span style=\"text-decoration: underline;\"><strong>S\u00e1bado 21 de junio de 2014<\/strong> <\/span><\/p>\n<p><strong>Alianza Francesa Centro San \u00c1ngel<\/strong> (<em>Plaza San Luis Potos\u00ed 26, San \u00c1ngel<\/em>)<br \/>\n11:00 Social Pyramid<br \/>\n12:00 Runa Wayna<br \/>\n13:00 Necrolog\u00eda del amor<br \/>\n14:00 Cuervo Viejo<br \/>\n15:00 Casino de Par\u00eds<br \/>\n16:00 Contraste<br \/>\n17:00 Nuvoy\u00e1<br \/>\n18:00 Not Made in China<br \/>\n19:00 Deejital &#8211; Natural Wise.<\/p>\n<p><strong>Alianza Francesa Centro Polanco<\/strong> (<em>S\u00f3crates 156, Polanco<\/em>)<br \/>\n11:30 La Guajolota (Batucada, Polanco)<br \/>\n12:00 Andr\u00e9s y Alexis (violonistas)<br \/>\n13:00 Alfonso Lirikowsky<br \/>\n14:00 Charly Massa<br \/>\n15:00 Cincalli<br \/>\n16:00 Nobleza Vagabunda<br \/>\n17:00 Alex et Jomi<br \/>\n18:00 Zoot Manouche<br \/>\n19:00 Marcela Ort\u00edz<br \/>\n20:00 Tlahuizkalpantekutli<br \/>\n21:00 Noizi Boys<br \/>\n22:00 Sagunta<br \/>\n23:00 Esencia Musical<br \/>\n00:00 Ametro<br \/>\n01:00 Beat Effect<\/p>\n<p><strong>Alameda del Su<\/strong>r<br \/>\n13:00 Eddie y los Grasosos Volar sin Alas<br \/>\n16:00 Los Chilangos de la Habana<br \/>\n19:00 Punta Diamante<br \/>\n20:00 Zoren Lorenson.<\/p>\n<p><strong>Casa de Cultura Alfonso Reyes<\/strong><br \/>\n<em>Roa B\u00e1rcenas y Ram\u00f3n Fabi\u00e9 251, Col. Vista Alegre<\/em><br \/>\n12:00 Rodrigo Acevedo<\/p>\n<p><strong>Casa de Cultura Jaime Sabinas<\/strong><br \/>\n<em>Avenida Revoluci\u00f3n 1747, Alvaro Obreg\u00f3n, San Angel<\/em><\/p>\n<p>14:00 Los Mala Cabeza<br \/>\n15:00 Disel<br \/>\n16:00 Br\u00fajula<br \/>\n17:00 In abstrackto.<\/p>\n<p><!--nextpage--><\/p>\n<p><strong>Casa Tamaulipas<\/strong> (<em>INBA, Ernesto Pugibet No 73 Col. Centro, Del. Cuauht\u00e9moc<\/em>)<br \/>\n13:30 Miguel Alc\u00e1zar (guitarra)<\/p>\n<p><strong>Centro Cultural del M\u00e9xico Contempor\u00e1neo<\/strong> (Leandro Valle 20, Centro Hist\u00f3rico)<br \/>\n12:00 Poder del Barrio<br \/>\n13:00 Nike Laos Band<br \/>\n14:00 Cronomad<br \/>\n15:00 Filofonic<br \/>\n16:00 Khan Karma<br \/>\n17:00 The hits-hats<br \/>\n19:00 Al Alba Flamenco<\/p>\n<p><strong>Centro Cultural San \u00c1ngel<\/strong> (<em>Revoluci\u00f3n SN., \u00c1lvaro Obreg\u00f3n<\/em>)<br \/>\n14:00 Coro de la Facultad de Filosof\u00eda y Letras de la UNAM<br \/>\n15:00 Payande<br \/>\n16:00 La hora de la hora<br \/>\n17:00 Sax\u2026son<\/p>\n<p><strong>Centro de las Artes Santa \u00darsula<\/strong> (Av Santa Ursula esquina San Ricardo 191, Coyoac\u00e1n)<br \/>\n14:00 Drop Destiny<br \/>\n15:00 Cabaretito Sonoro<br \/>\n16:00 Encomendados<br \/>\n17:00 La Minor\u00eda<br \/>\n18:00 Drugster Monster<br \/>\n19:00 Greengo<br \/>\n20:00 Kunta Baiera<br \/>\n21:00 Los socios dementes<br \/>\n22:00 La casa de todos<\/p>\n<p><strong>Centro Cultural Universitario Tlatelolco<\/strong> (Ricardo Flores Magon 1, Tlatelolco, Del.Cuauht\u00e9moc)<br \/>\n11:30 Orquesta Infantil de Percusiones Magdalena<br \/>\n16:00 Los locos del pueblo<br \/>\n18:00 Shamrock Celtics<\/p>\n<p><strong>Club Scala Internacional<\/strong> (Cuauth\u00e9moc 267, Sta. Maria Tepepan, Xochimilco)<br \/>\n14:00 El\u00e1stico<br \/>\n15:00 Ciucacalli<br \/>\n16:00 Coro ITAM<br \/>\n17:00 Demian<br \/>\n18:00 Ensamble Vocal K&#8217;ay h\u00e1<br \/>\n19:00 The Triskels<br \/>\n20:00 Xochihua<\/p>\n<p><strong>Faro Milpa Alta<\/strong> &#8216;F\u00e1brica de Artes y Oficios de Milpa Alta&#8217;<br \/>\n<em>Doctor Gaston Melo 40, San Antonio Tecomitl, Milpa Alta<\/em><br \/>\n13:00 Pepe Frank<\/p>\n<p><strong>Faro Oriente<\/strong> &#8216;F\u00e1brica de Artes y Oficios de Oriente&#8217; Calzada Ignacio Zaragoza s\/n, entre las calles de Pino, Cedros y Francisco C\u00e9sar Morales, Col. Fuentes de Zaragoza, Delg. Iztapalapa<br \/>\n15:00 Los Teen Tops, Morsa y The Crystal Ship Band<\/p>\n<p><a title=\"Art\u00edculos relacionados con La Fonoteca Nacional de M\u00e9xico\" href=\"http:\/\/www.travelbymexico.com\/blog\/tag\/fonoteca-nacional\" target=\"_blank\"><strong>Fonoteca Nacional<\/strong><\/a> (Francisco Sosa 383, Coyoac\u00e1n)<br \/>\n13:00 Ensamble Tierra Mestiza<br \/>\n14:00 Los Nietos del R\u00edo Zempoala<\/p>\n<p><strong>Foro Cultural Coyoacanense<\/strong> (Ignacio Allende 36, Del Carmen, Coyoac\u00e1n)<br \/>\n13:00 Post Folks<br \/>\n14:00 Est\u00e1tica<br \/>\n15:00 El monstruo son los otros<br \/>\n16:00 Disco Revolver<br \/>\n17:00 Coral Divertimento M\u00e9xico<br \/>\n18:00 Kamino<br \/>\n19:00 Los cosechadores del altiplano<br \/>\n20:00 Dharma Jazz<br \/>\n21:00 Jugo Concentrado<\/p>\n<p><strong>Fundaci\u00f3n Sebasti\u00e1n<\/strong> (<em>Av Patriotismo 304, San Pedro de Los Pinos)<\/em><br \/>\n12:00 B\u00e1rbara Moreno Menchaca<br \/>\n13:00 Ricardo Estrada<br \/>\n14:00 La onda zen<br \/>\n15:00 Shamanika<br \/>\n16:00 Felix<br \/>\n17:00 Trozos de carne<br \/>\n18:00 Estrella, Mauricio, Eduardo, Naum Jazz Quartet<br \/>\n19:00 Uateki<br \/>\n20:00 Cuore<br \/>\n21:00 Mat\u00edas Carbajal<\/p>\n<p><!--nextpage--><\/p>\n<p><strong>Museo de Arte Popular<\/strong> (Revillagigedo 11, Col. Centro Hist\u00f3rico)<br \/>\n12:00 Ideolog\u00eda vigente<br \/>\n13:00 Ensamble Sayab<br \/>\n14:00 Vougy<br \/>\n15:00 Orkideas susurrantezzz<\/p>\n<p><strong>Museo de Arte de la SHCP<\/strong> Antiguo Palacio del Arzobispado<br \/>\n<em>Moneda 4,\u00a0Col. Centro Hist\u00f3rico<\/em><br \/>\n12:00 A campo traviesa<br \/>\n13:00 Lahun Musici<br \/>\n14:00 Oscar Aguilar.<\/p>\n<p><strong>Museo de las Ciencias Universum <\/strong><br \/>\nCircuito Cultural de Ciudad Universidad Coyoacan s\/n, Coyoac\u00e1n<br \/>\n11:00 Amanda Tovalin<br \/>\n16:00 Raga ensamble percusi\u00f3n<\/p>\n<p><strong>Museo Jos\u00e9 Luis Cuevas<\/strong> (Academia 13, Col. Centro Hist\u00f3rico)<br \/>\n11:00 Ensamble Ecos de M\u00e9xico<br \/>\n13:00 Mexican Free Jazz<\/p>\n<p><strong>Museo Mural Diego Rivera<\/strong> (Balderas y Colon S\/N, Centro, Del. Cuauht\u00e9moc)<br \/>\n15:00 Fabian Campuzano (tuba) Julieta M\u00e1rquez (viol\u00edn)<\/p>\n<p><a title=\"Exposiciones actuales y pasadas en el Museo Nacional de Arte de M\u00e9xico\" href=\"http:\/\/www.travelbymexico.com\/blog\/tag\/munal\/\" target=\"_blank\"><strong>Museo Nacional de Arte<\/strong><\/a> (Tacuba 8, Centro Hist\u00f3rico)<br \/>\n12:00 Zulyamir Lopezr\u00edos (soprano) Santiago Pil\u00f1eir\u00faa (piano)<\/p>\n<p><strong>Museo Nacional de la Estampa<\/strong> (Av. Hidalgo 39, Col. Centro Hist\u00f3rico)<br \/>\n13:00 Maya Flores<br \/>\n14:00 Novedad Latina<br \/>\n15:00 The F.A.P. Time Tr\u00edo<br \/>\n16:00 Fuego en Babylon<\/p>\n<p><strong>Museo Nacional San Carlos<\/strong> (Puente de Alvarado 50, Tabacalera, Del. Cuauht\u00e9moc)<br \/>\n13:00 Ensamble vocal libera<br \/>\n14:00 Sublime ensamble<br \/>\n15:00 Felipe Fonseca<\/p>\n<p><a title=\"Museo Soumaya Plaza Carso: rese\u00f1a, fotos, mapa de ubicaci\u00f3n\" href=\"http:\/\/www.travelbymexico.com\/ciudaddemexico\/atractivos\/?nom=1302026557\" target=\"_blank\"><strong>Museo Soumaya Plaza Carso<\/strong><\/a><br \/>\nMiguel de Cervantes Saavedra 303, Granada, Del. Miguel Hidalgo<br \/>\n13:00 Ireri A. del Moral S\u00e1nchez<br \/>\n14:30 Coro de la Orquesta T\u00edpica Ciudad de M\u00e9xico<br \/>\n19:30 Coro Aquiles Morales<\/p>\n<p><strong>Parque Ca\u00f1itas<\/strong> (Delegaci\u00f3n Miguel Hidalgo)<br \/>\n13:00 Lincon<br \/>\n14:00 Daltonics<br \/>\n15:00 Outlaw Rebelcash<br \/>\n16:00 Chicken Bones<br \/>\n17:00 Chevere Suave<br \/>\n18:00 San Jos\u00e9<br \/>\n19:00 Namois<\/p>\n<p><strong>Parque Lira<\/strong> (<em>Delegaci\u00f3n Miguel Hidalgo<\/em>)<br \/>\n13:00 Canto al silencio<br \/>\n14:00 Funker<br \/>\n15:00 Kause and Effect<br \/>\n16:00 Vorta<br \/>\n17:00 El abogangster<br \/>\n18:00 El kato club<br \/>\n19:00 San Luis<br \/>\n20:00 The Bebots<\/p>\n<p><strong>Plaza Loreto<\/strong> (<em>Altamirano 46, Tizapan San Angel, Del. \u00c1lvaro Obreg\u00f3n<\/em>)<br \/>\n12:30 Los infantes<br \/>\n14:00 Coro de la Facultad de Ciencias de la UNAM<br \/>\n19:00 Soul Project<\/p>\n<p>Sala Manuel M. Ponce &#8211; <strong>Palacio de Bellas Artes<\/strong><br \/>\nAvenida Hidalgo 1, Centro Hist\u00f3rico<br \/>\n18:00 Balbi Cotter (viol\u00edn) Carlos Alberto Pecero (piano)<\/p>\n<p><strong>Teatro \u00c1ngela Peralta<\/strong> (Arist\u00f3teles, Col.Polanco)<br \/>\n13:00 Frijol Beat<br \/>\n14:00 Set Musick<br \/>\n15:00 Los hijos de Chunga<br \/>\n16:00 Ni\u00f1os H\u00e9roes, Factor\u00eda 360\u00ba<br \/>\n18:00 Orion Belt<br \/>\n19:99 Disco raevolver, Factor\u00eda 360\u00ba<\/p>\n<h3>Enlaces de inter\u00e9s:<\/h3>\n<p><strong><a title=\"L\u00edneas del Metro de M\u00e9xico\" href=\"http:\/\/mr.travelbymexico.com\/tag\/metro\" target=\"_blank\">L\u00edneas del Metro de la Ciudad de M\u00e9xico <\/a><\/strong><\/p>\n<p><strong><a title=\"Mapa interactivo de la ciudad de M\u00e9xico\" href=\"http:\/\/www.travelbymexico.com\/ciudaddemexico\/mapa\" target=\"_blank\">Mapa de la Ciudad de M\u00e9xico<\/a> <\/strong><\/p>\n<p><strong><a title=\"Reserva tu hotel en la ciudad de M\u00e9xico\" href=\"http:\/\/www.travelbymexico.com\/ciudaddemexico\/hoteles\" target=\"_blank\">Reserva tu hotel en la Ciudad de M\u00e9xico <\/a><\/strong><\/p>\n<p><strong><a title=\"Reserva un hotel en la ciudad de Pachuca, Estado de Hidalgo\" href=\"http:\/\/www.travelbymexico.com\/pachuca\/hoteles\" target=\"_blank\">Reserva tu hotel en la Ciudad de Pachuca<\/a><\/strong><\/p>\n<p>&nbsp;<\/p>\n","protected":false},"excerpt":{"rendered":"<p>Por cuarto a\u00f1o consecutivo M\u00e9xico celebrar\u00e1 La Fiesta de la M\u00fasica (La F\u00eate de la Musique), magno evento popular y<\/p>\n","protected":false},"author":2,"featured_media":16243,"comment_status":"closed","ping_status":"closed","sticky":false,"template":"","format":"standard","meta":[],"categories":[36,912],"tags":[7784,1519,1658,318,2885,471,3712,5004,7783,1514,1513,2180,588,1523,2199,5005,5006,890,5025,4057,1463,931,2983,1052,1117,7785,7786],"_links":{"self":[{"href":"https:\/\/www.travelbymexico.com\/blog\/wp-json\/wp\/v2\/posts\/16241"}],"collection":[{"href":"https:\/\/www.travelbymexico.com\/blog\/wp-json\/wp\/v2\/posts"}],"about":[{"href":"https:\/\/www.travelbymexico.com\/blog\/wp-json\/wp\/v2\/types\/post"}],"author":[{"embeddable":true,"href":"https:\/\/www.travelbymexico.com\/blog\/wp-json\/wp\/v2\/users\/2"}],"replies":[{"embeddable":true,"href":"https:\/\/www.travelbymexico.com\/blog\/wp-json\/wp\/v2\/comments?post=16241"}],"version-history":[{"count":5,"href":"https:\/\/www.travelbymexico.com\/blog\/wp-json\/wp\/v2\/posts\/16241\/revisions"}],"predecessor-version":[{"id":16247,"href":"https:\/\/www.travelbymexico.com\/blog\/wp-json\/wp\/v2\/posts\/16241\/revisions\/16247"}],"wp:featuredmedia":[{"embeddable":true,"href":"https:\/\/www.travelbymexico.com\/blog\/wp-json\/wp\/v2\/media\/16243"}],"wp:attachment":[{"href":"https:\/\/www.travelbymexico.com\/blog\/wp-json\/wp\/v2\/media?parent=16241"}],"wp:term":[{"taxonomy":"category","embeddable":true,"href":"https:\/\/www.travelbymexico.com\/blog\/wp-json\/wp\/v2\/categories?post=16241"},{"taxonomy":"post_tag","embeddable":true,"href":"https:\/\/www.travelbymexico.com\/blog\/wp-json\/wp\/v2\/tags?post=16241"}],"curies":[{"name":"wp","href":"https:\/\/api.w.org\/{rel}","templated":true}]}}