{"id":16126,"date":"2014-05-25T19:29:08","date_gmt":"2014-05-26T00:29:08","guid":{"rendered":"http:\/\/www.travelbymexico.com\/blog\/?p=16126"},"modified":"2014-05-28T00:29:53","modified_gmt":"2014-05-28T05:29:53","slug":"calendario-de-eventos-de-las-xxvii-jornadas-alarconianas-en-taxco","status":"publish","type":"post","link":"https:\/\/www.travelbymexico.com\/blog\/16126-calendario-de-eventos-de-las-xxvii-jornadas-alarconianas-en-taxco\/","title":{"rendered":"Calendario de Eventos de las XXVII Jornadas Alarconianas en Taxco"},"content":{"rendered":"<h2>Del 23 de mayo al 1 de junio del 2014, la ciudad de <a title=\"Gu\u00eda Tur\u00edstica de la Ciudad de Taxco: Rese\u00f1a, Hoteles, mapas, fotos, clima, atractivos tur\u00edsticos, etc.\" href=\"http:\/\/www.travelbymexico.com\/taxco\" target=\"_blank\">Taxco<\/a>, en el estado de Guerrero, se convertir\u00e1 en la &#8220;Ciudad del Teatro en lengua espa\u00f1ola.&#8221;<\/h2>\n<p>Durante diez d\u00edas, algunas de las calles, callejones, plazuelas y templos \u2013 como el <a title=\"Templo de Santa Prisca y San Sebasti\u00e1n en el coraz\u00f3n de Taxco de Alarc\u00f3n, Guerrero, M\u00e9xico\" href=\"http:\/\/www.travelbymexico.com\/taxco\/reportajes\/?nom=ktaxstapriscarep\" target=\"_blank\">templo de Santa Prisca y San Sebasti\u00e1n<\/a> -de la ciudad de Taxco, as\u00ed como las espectaculares <a title=\"el primer actor Ignacio L\u00f3pez Tarso revivi\u00f3 a \u2018Macario\u2019 en las Grutas de Cacahuamilpa\" href=\"http:\/\/www.travelbymexico.com\/blog\/16123-el-primer-actor-ignacio-lopez-tarso-revivio-a-macario-en-las-grutas-de-cacahuamilpa\" target=\"_blank\">Grutas de Cacahuamilpa<\/a>, ser\u00e1n las sedes de las diversas expresiones art\u00edsticas y actividades como <strong>teatro<\/strong>, <strong>danza<\/strong>, <strong>m\u00fasica<\/strong>, <strong>literatura<\/strong>, <strong>exposiciones<\/strong>, <strong>talleres<\/strong> y <strong>conferencias<\/strong>, de la 27ava. edici\u00f3n de las <strong>Jornadas Alarconianas<\/strong>, el festival cultural por excelencia de la ciudad de Taxco que culminar\u00e1 este a\u00f1o con un concierto de la <strong>Orquesta Filarm\u00f3nica de Acapulco<\/strong> en el Z\u00f3calo de la ciudad.<\/p>\n<h3>Calendario de Eventos &#8211; Jornadas Alarconianas 2014<\/h3>\n<p>A continuaci\u00f3n, los invitamos a descubrir la programaci\u00f3n completa del festival cultural m\u00e1s importante de la ciudad de Taxco:<\/p>\n<h3>Domingo\u00a0 25 de Mayo de 2014<\/h3>\n<p>Seminario: <strong>Teatro en los tiempos violentos<\/strong>.<br \/>\nEl Feminicidio, la Migraci\u00f3n y el Narcotr\u00e1fico en la Dramaturgia.<br \/>\n10:00 a 14:00 horas &#8211; Fernando de Ita (SNCA)<br \/>\nCasa humboldt Museo de Arte Virreinal.<\/p>\n<p><strong>Taller de Introducci\u00f3n al Teatro del Siglo de Oro Espa\u00f1ol<\/strong><br \/>\n12:00 a 14:00 horas &#8211; Mtro. Jorge \u00c1valos (Snca).<br \/>\nAuditorio del Centro Cultural Casa Borda.<\/p>\n<p>16:00 horas. <strong>Pregoneros<\/strong><br \/>\nChitic (Taxco, Guerrero)\u2028Direcci\u00f3n de Yolohtli V\u00e1zquez. Calles y Plazas.<\/p>\n<p>18:00 horas &#8211; <strong>Lectura de Textos de Guadalupe Amor<\/strong><br \/>\nBellas Artes a todas partes &#8220;Leo\u2026Luego existo.&#8221;<br \/>\nCon Arlette Pacheco. Auditorio del Centro Cultural Casa Borda<\/p>\n<p>18:00 horas &#8211; <strong>Cuentos Manchados para Contar y Cantar<\/strong><br \/>\nDe la mancha teatro (Chilpancingo, Guerrero)<br \/>\nDirecci\u00f3n de Irving Marcelo Hinojosa<br \/>\nCorral Infantil &#8211;\u00a0 Ex Hacienda del Chorrillo<\/p>\n<p>19:15 horas.<strong> Retrato de Ella Dormida<\/strong> de Luis Enrique Guti\u00e9rrez Monasterio (LEGOM)- Xalapa hace Teatro (Xalapa, Veracruz)<br \/>\nDirecci\u00f3n de Laura Castro. Corral Contempor\u00e1neo.<br \/>\nTeatro Juan Ruiz de Alarc\u00f3n del Hotel Posada Misi\u00f3n.<\/p>\n<p><strong>La Vengadora de Mujeres<\/strong> de Lope de Vega<br \/>\n20:30 horas. De la nada Teatro (Ciudad de M\u00e9xico)<br \/>\nDirecci\u00f3n Carla Soto &#8211; Corral Plateresco.<\/p>\n<h3>Lunes 26 de Mayo de 2014<\/h3>\n<p><strong>Taller: Escenograf\u00eda Expandida<\/strong><br \/>\n10:00 a 14:00 horas. La escenograf\u00eda como interdisciplina.<br \/>\nAlain Kerriou Montiel (SNCA).<br \/>\nCasa Humboldt Museo de Arte Virreinal.<\/p>\n<p><strong>Taller de Introducci\u00f3n al Teatro del Siglo de Oro Espa\u00f1ol<\/strong><br \/>\n12:00 a 14:00 horas. Mtro. Jorge \u00c1valos (Snca).<br \/>\nAuditorio del Centro Cultural Casa Borda.<\/p>\n<p>18:00 horas.<strong> Pato, Muerte y Tulip\u00e1n.<\/strong><br \/>\nDramaturgia y direcci\u00f3n de Hayde\u00e9 Boetto<br \/>\nProyecto Perla (Ciudad de M\u00e9xico). Corral Infantil.<br \/>\nEx \u2013 Hacienda del Chorrillo.<\/p>\n<p><strong>Rojo: Game Start \u2013 Game Over<\/strong><br \/>\n19:15 horas &#8211; Creaci\u00f3n Colectiva<br \/>\nGrupo Mattrioska (Acapulco, Guerrero)<br \/>\nDirecci\u00f3n de Alet Rojas Contreras<br \/>\nCorral Contempor\u00e1neo. Teatro Juan Ruiz de Alarc\u00f3n del Hotel Posada Misi\u00f3n.<\/p>\n<p><strong>Gon Gil de las Calzas Verdes de Tirso de Molina<\/strong><br \/>\n20:30 horas &#8211; Teatro Lunar (Estado de M\u00e9xico)<br \/>\nDirecci\u00f3n de Israel R\u00edos. Corral Plateresco (Z\u00f3calo).<\/p>\n<h3>Martes 27 de Mayo\u00a0de 2014<\/h3>\n<p><strong>Taller: Escenograf\u00eda Expandida<\/strong><br \/>\n10:00 a 14:00 horas. La escenograf\u00eda como interdisciplina.<br \/>\nAlain Kerriou Montiel (SNCA)<br \/>\nCasa Humboldt Museo de Arte Virreinal.<\/p>\n<p><strong>Taller de Introducci\u00f3n al Teatro del Siglo de Oro Espa\u00f1ol<\/strong><br \/>\n12:00 a 14:00 horas &#8211; Mtro. Jorge \u00c1valos (Snca)<br \/>\nAuditorio del Centro Cultural Casa Borda.<\/p>\n<p><strong>El Sue\u00f1o de la Bella Durmiente <\/strong>de Amaranta Leyva<br \/>\n18:00 horas. Marionetas de la esquina (Ciudad de M\u00e9xico).<br \/>\nDirecci\u00f3n de Lourdes P\u00e9rez Gay. Corral Infantil.<br \/>\nEx Hacienda del Chorrillo.<\/p>\n<p>19:15 horas.<strong> Los Hombres de Mi Vida<\/strong><br \/>\nXelba &amp; Flowers (Ciudad de M\u00e9xico). Direcci\u00f3n de Adriana Larrange y Flor LimaCorral Contempor\u00e1neo. Teatro Juan Ruiz de Alarc\u00f3n del Hotel Posada Misi\u00f3n.<\/p>\n<p><strong>Tal\u00eda Novohispana de Entremeses y Mojigangas<\/strong><br \/>\n20:30 horas. F\u00e9nix Novohispano (Ciudad de M\u00e9xico)<br \/>\nDirecci\u00f3n de Damiela P\u00e9rez Acosta. Corral Plateresco (Z\u00f3calo).<\/p>\n<h3>Mi\u00e9rcoles 28 de Mayo de 2014<\/h3>\n<p><strong>Taller: Escenograf\u00eda Expandida.<\/strong><br \/>\n10:00 a 14:00 horas. La escenograf\u00eda como interdisciplina.<br \/>\nAlain Kerriou Montiel (SNCA). Casa Humboldt Museo de Arte Virreinal.<\/p>\n<p><strong>Muerte S\u00fabita,<\/strong> de Sabina Berman<br \/>\n19:15 horas. Rimart Producciones (Ciudad de M\u00e9xico).<br \/>\nDirecci\u00f3n de A\u00edda Andrade. Corral contempor\u00e1neo.<br \/>\nTeatro Juan Ruiz de Alarc\u00f3n del Hotel Posada Misi\u00f3n.<\/p>\n<p>20:30 horas.<strong> Finea en el Papaloapan.<\/strong><br \/>\nVersi\u00f3n Libre de Camila Villegas sobre La Dama Boba de Lope de Vega<br \/>\nEl Arce Colectivo Esc\u00e9nico (Ciudad de M\u00e9xico) Direcci\u00f3n de Ignacio Esc\u00e1rcega.<br \/>\nCorral Plateresco (Z\u00f3calo).<\/p>\n<h3>Jueves 29 de Mayo de 2014<\/h3>\n<p><strong>Taller: Escenograf\u00eda Expandida<\/strong><br \/>\n10:00 a 14:00 horas. La escenograf\u00eda como interdisciplina.<br \/>\nAlain Kerriou Montiel (SNCA).<br \/>\nCasa Humboldt Museo de Arte Virreinal<\/p>\n<p><strong>Conferencia Magistral<\/strong>: Pol\u00edtica Espa\u00f1ola en la Dramaturgia de Juan Ruiz de Alarc\u00f3n<br \/>\n12:00 horas. Dra. Ysla Campbell (Universidad Aut\u00f3noma de Ciudad Ju\u00e1rez).<br \/>\nAuditorio del Cultural Casa Borda.<\/p>\n<p>16:00 horas. <strong>Pregoneros<\/strong><br \/>\nChitic (Taxco, Guerrero). Direcci\u00f3n de Yolohtli V\u00e1zquez.<br \/>\nCalles y Plazas de Taxco.<\/p>\n<p>18:00 horas. <strong>Nubarr\u00f3n<\/strong><br \/>\nDramaturgia y direcci\u00f3n de Sandra Reyes y \u00c1ngel Ledezma.<br \/>\nA Escena Teatro (Puebla, Puebla). Corral Infantil. Ex Hacienda del Chorrillo.<\/p>\n<p>19:15 horas.<strong> Caos Recreaci\u00f3n Funesta<\/strong><br \/>\nDramaturgia y direcci\u00f3n de Layo Oviedo.<br \/>\nXinaxtli \/ CEPE UNAM (Taxco, Guerrero). Corral Contempor\u00e1neo.<br \/>\nTeatro Juan Ruiz de Alarc\u00f3n del Hotel Posada Misi\u00f3n.<\/p>\n<p>20:00 horas. <strong>Almacenados<\/strong> de David Desola<br \/>\nDirecci\u00f3n de Fernando Bonill. Con H\u00e9ctor Bonilla y Sergio Bonilla.<br \/>\nCorral Plateresco (Z\u00f3calo)<\/p>\n<h3>Viernes 30 de Mayo de 2014<\/h3>\n<p>10:00 a 14:00 horas.<strong> Taller: Escenograf\u00eda Expandida \u2028&#8221;<\/strong>La escenograf\u00eda como interdisciplina&#8221;, \u2028Alain Kerriou Montiel (SNCA)\u2028. Casa Humboldt Museo de Arte Virreinal<\/p>\n<p><strong>Conferencia Magistral<\/strong>: La verdad\u2026 es Sospechosa en el Teatro de Alarc\u00f3n.\u2028Un Acercamiento desde la Magia, la Moral y la Metateatralidad.\u202812:00 horas\u2028Mtro. Jes\u00fas Perulles (UNAM)\u2028Auditorio del Centro Cultural Casa Borda<\/p>\n<p>16:00 horas. <strong>Esc\u00e1ndalo Circomedia<\/strong><br \/>\nAnim@rteatro (Taxco, Guerrero). Direcci\u00f3n de Layo Oviedo. Calles y Plazas.<\/p>\n<p>18:00 horas &#8211; <strong>Staccato<\/strong>.<br \/>\nCoro de la UNAM. Direcci\u00f3n de Marco Antonio Ugalde\u2028. Corral Plateresco (Z\u00f3calo)<\/p>\n<p>18:00 horas. <strong>En Busca de Makook<\/strong>\u2028\u2028. La Gaviota Teatro (Quer\u00e9taro, Quer\u00e9taro) \u2028Direcci\u00f3n de Jorge Smythe\u2028 Corral Infantil\u2028. Ex Hacienda del Chorrillo<\/p>\n<p>19:15 horas. <strong>El Bosque se est\u00e1 Incendiando<\/strong>. Dramaturgia y direcci\u00f3n de Alejandro Rica\u00f1o\u2028. Compa\u00f1ia Titular del CCU-BUAP (Puebla, Puebla)\u2028 Corral Contempor\u00e1neo\u2028.\u00a0\u00a0\u00a0 Teatro Juan Ruiz de Alarc\u00f3n del Hotel Posada Misi\u00f3n<\/p>\n<p>20:30 horas. <strong>La Noche de San Juan de Lope de Vega<\/strong>\u2028. \u2028Direcci\u00f3n de Ricardo Z\u00e1rraga. \u2028Corral Plateresco (Z\u00f3calo)<\/p>\n<h3>S\u00e1bado\u00a0 31 de Mayo de 2014<\/h3>\n<p>10:00 a 18:00 horas. Exposiciones en las Salas de Casa Borda.<br \/>\n<strong>La casa de Bernarda Alba<\/strong>.<br \/>\n<strong>El cielo en la Tierra<\/strong> \u2013 Dolores Dahlhaus.<br \/>\n<strong>Resonancias M\u00faltiples<\/strong> \u2013 Arnaldo Cohen.<br \/>\n<strong>5 D\u00e9cadas de Teatro<\/strong> &#8211;\u00a0 Alejandro Luna.<\/p>\n<p>12:00 horas. <strong>Conferencia Magistral<\/strong>: El Barroco Hisp\u00e1nico a trav\u00e9s de la Obra de Juan Ruiz de Alarc\u00f3n. Mtro. Joaqu\u00edn Rodr\u00edguez Beltr\u00e1n (Universidad de Guadalajara). Auditorio del Centro Cultural Casa Borda.<\/p>\n<p>16:00 horas. <strong>Pregoneros<\/strong>.<br \/>\nChitic (Taxco, Guerrero).<br \/>\nDirecci\u00f3n de Yolohtli V\u00e1zquez. Calles y Plazas.<\/p>\n<p>18:00 horas &#8211; <strong>El Origen de la Vida<\/strong>.<br \/>\nCompa\u00f1\u00eda El Tecolote (Arcelia, Guerrero)<br \/>\nDirecci\u00f3n Josafat Nava. Plaza Borda.<\/p>\n<p>18:00 horas. <strong>En un Lugar de La Mancha<\/strong>. Aventuras de Don Quijote.<br \/>\nCompa\u00f1\u00eda El Tecolote (Arcelia, Guerrero)<br \/>\nDirecci\u00f3n Josafat Nava. Plaza Borda.<\/p>\n<p>19:15 horas. <strong>Sin Lluvia en Noviembre<\/strong>.<br \/>\nDramaturgia y direcci\u00f3n de Francisco Silva.<br \/>\nGorgona Teatro (Toluca, Estado de M\u00e9xico)<br \/>\nCorral Contempor\u00e1neo\u2028Teatro Juan Ruiz de Alarc\u00f3n del Hotel Posada Misi\u00f3n.<\/p>\n<p>20:30 horas. <strong>Clausura de las XXVII Jornadas Alarconianas<\/strong>.<br \/>\n<span style=\"text-decoration: underline;\"><strong>Orquesta Filarm\u00f3nica de Acapulco.<\/strong><\/span><br \/>\nSolistas Invitados: Brenda Garc\u00eda, Yovanni Catal\u00e1n.<br \/>\nCorral Plateresco (Z\u00f3calo).<\/p>\n<h3>Art\u00edculos relacionados \/ Enlaces de inter\u00e9s<\/h3>\n<p><strong><a title=\"El primer actor Ignacio L\u00f3pez Tarso revivi\u00f3 a Macario en las Grutas de Cacahuamilpa\" href=\"http:\/\/www.travelbymexico.com\/blog\/16123-el-primer-actor-ignacio-lopez-tarso-revivio-a-macario-en-las-grutas-de-cacahuamilpa\" target=\"_blank\">El primer actor Ignacio L\u00f3pez Tarso revivi\u00f3 a Macario en las Grutas de Cacahuamilpa <\/a><\/strong><\/p>\n<p><strong><a title=\"Reserva un hotel en Taxco, Guerrero, M\u00e9xico\" href=\"http:\/\/www.travelbymexico.com\/taxco\/hoteles\" target=\"_blank\">Reserva tu hotel en la ciudad de Taxco de Alarc\u00f3n<\/a><\/strong>, Estado de Guerrero, M\u00e9xico<\/p>\n<p>&nbsp;<\/p>\n","protected":false},"excerpt":{"rendered":"<p>Del 23 de mayo al 1 de junio del 2014, la ciudad de Taxco, en el estado de Guerrero, se<\/p>\n","protected":false},"author":2,"featured_media":16127,"comment_status":"closed","ping_status":"closed","sticky":false,"template":"","format":"standard","meta":[],"categories":[37,912],"tags":[1441,4633,400,509,7669,7672,7670,7280,763,7673,896,7306,5124,1053,7671,1157,1162,4173,1163,7674],"_links":{"self":[{"href":"https:\/\/www.travelbymexico.com\/blog\/wp-json\/wp\/v2\/posts\/16126"}],"collection":[{"href":"https:\/\/www.travelbymexico.com\/blog\/wp-json\/wp\/v2\/posts"}],"about":[{"href":"https:\/\/www.travelbymexico.com\/blog\/wp-json\/wp\/v2\/types\/post"}],"author":[{"embeddable":true,"href":"https:\/\/www.travelbymexico.com\/blog\/wp-json\/wp\/v2\/users\/2"}],"replies":[{"embeddable":true,"href":"https:\/\/www.travelbymexico.com\/blog\/wp-json\/wp\/v2\/comments?post=16126"}],"version-history":[{"count":3,"href":"https:\/\/www.travelbymexico.com\/blog\/wp-json\/wp\/v2\/posts\/16126\/revisions"}],"predecessor-version":[{"id":16134,"href":"https:\/\/www.travelbymexico.com\/blog\/wp-json\/wp\/v2\/posts\/16126\/revisions\/16134"}],"wp:featuredmedia":[{"embeddable":true,"href":"https:\/\/www.travelbymexico.com\/blog\/wp-json\/wp\/v2\/media\/16127"}],"wp:attachment":[{"href":"https:\/\/www.travelbymexico.com\/blog\/wp-json\/wp\/v2\/media?parent=16126"}],"wp:term":[{"taxonomy":"category","embeddable":true,"href":"https:\/\/www.travelbymexico.com\/blog\/wp-json\/wp\/v2\/categories?post=16126"},{"taxonomy":"post_tag","embeddable":true,"href":"https:\/\/www.travelbymexico.com\/blog\/wp-json\/wp\/v2\/tags?post=16126"}],"curies":[{"name":"wp","href":"https:\/\/api.w.org\/{rel}","templated":true}]}}