{"id":16108,"date":"2014-05-21T19:40:46","date_gmt":"2014-05-22T00:40:46","guid":{"rendered":"http:\/\/www.travelbymexico.com\/blog\/?p=16108"},"modified":"2014-05-21T19:40:46","modified_gmt":"2014-05-22T00:40:46","slug":"exhiben-microhistorias-de-la-botanica-del-centro-historico-de-mexico","status":"publish","type":"post","link":"https:\/\/www.travelbymexico.com\/blog\/16108-exhiben-microhistorias-de-la-botanica-del-centro-historico-de-mexico\/","title":{"rendered":"Exhiben Microhistorias de la bot\u00e1nica del Centro Hist\u00f3rico de M\u00e9xico"},"content":{"rendered":"<h2>La exposici\u00f3n &#8220;Microhistorias de la bot\u00e1nica del Centro Hist\u00f3rico de M\u00e9xico &#8211; Campos expandidos del Arte&#8221;, disponible hasta el 8 de junio de 2014 en la Galer\u00eda de Hacienda y Cr\u00e9dito P\u00fablico, Ciudad de M\u00e9xico, ofrece un recorrido que nos permite observar los microorganismos que se aparecen en el vaiv\u00e9n cotidiano de las personas que transitan por el primer cuadro del Centro Hist\u00f3rico de la Cd. de M\u00e9xico, y que pocas los percibimos por las premuras del vivir citadino.<\/h2>\n<p>M\u00e1s de 30 piezas de collage, fotograf\u00eda, dibujo, pintura con materiales alternativos, instalaciones, as\u00ed como diversos objetos y ensambles realizados a partir del reuso de objetos utilitarios, materiales decorativos, artesan\u00edas hechas a mano y\u00a0 artesan\u00edas de imitaci\u00f3n fabricadas industrialmente, obras de la artista pl\u00e1stica <strong>Mariana Pereyra<\/strong> quien comparte su mirada y reflexiones sobre un fen\u00f3meno que observ\u00f3 a la lupa y en el que los objetos hechos a mano se confunden con los industrializados y lo fabricado en M\u00e9xico se mimetiza con artesan\u00eda mexicana de procedencia China.<\/p>\n<p><strong>Divida en tres apartados: <\/strong><span style=\"text-decoration: underline;\">serie &#8216;Herbario&#8217;<\/span>, <span style=\"text-decoration: underline;\">serie &#8216;retratos de flora&#8217;<\/span>, <span style=\"text-decoration: underline;\">serie &#8216;reinterpretando la flora&#8217;<\/span>, la muestra ofrece un recorrido que nos permite observar los microorganismos que se aparecen en el vaiv\u00e9n cotidiano de las personas que transitan por el primer cuadro del Centro Hist\u00f3rico de la Cd. de M\u00e9xico, y que pocas los percibimos por las premuras del vivir citadino.<\/p>\n<h3>Direcci\u00f3n y horario<\/h3>\n<p>Galer\u00eda de Hacienda y Cr\u00e9dito P\u00fablico, Ciudad de M\u00e9xico del 27 de marzo al 8 de junio de 2014.<\/p>\n<p><em>Guatemala No. 8, Col. Centro. M\u00e9xico D.F.<\/em><br \/>\nAbierto todos los d\u00edas de 10:00 a.m. a 5:00 p.m.<\/p>\n<h3>Recorrido guiado por la artista en la Noche de Museos<\/h3>\n<p>El mi\u00e9rcoles 28 de mayo de 2014, de 19:00 a 20:00 hrs, la artista Mariana Pereyra ofrecer\u00e1 a los visitantes un recorrido comentado por sus obras.<\/p>\n<h3>Acerca de la artista, Mariana Pereyra<\/h3>\n<p>Mariana Pereyra (M\u00e9xico D.F. en 1972.) Estudi\u00f3 la Maestr\u00eda en Pintura y la Licenciatura en Artes Visuales en la Escuela Nacional de Artes Pl\u00e1sticas ENAP.<\/p>\n<p>Ha recibido en dos ocasiones la Beca J\u00f3venes Creadores del FONCA, en la modalidad de pintura (2005-2006 y 2002-2003). Ha expuesto de manera individual en el Museo de Arte Popular MAP,\u00a0 Museo Universitario del Chopo,\u00a0 Museo de la Ciudad de Quer\u00e9taro, Museo MACAY M\u00e9rida, Centro Cultural Los Arcos Aguascalientes, Galer\u00eda Oscar Roman, entre otros recintos.<\/p>\n<p>Asimismo, ha recibido reconocimientos en diversos concursos nacionales e internacionales,y ha impartido cursos y talleres en varias universidades.<\/p>\n","protected":false},"excerpt":{"rendered":"<p>La exposici\u00f3n &#8220;Microhistorias de la bot\u00e1nica del Centro Hist\u00f3rico de M\u00e9xico &#8211; Campos expandidos del Arte&#8221;, disponible hasta el 8<\/p>\n","protected":false},"author":2,"featured_media":16109,"comment_status":"closed","ping_status":"closed","sticky":false,"template":"","format":"standard","meta":[],"categories":[9],"tags":[5722,105,7653,281,318,509,7654,7655,7652],"_links":{"self":[{"href":"https:\/\/www.travelbymexico.com\/blog\/wp-json\/wp\/v2\/posts\/16108"}],"collection":[{"href":"https:\/\/www.travelbymexico.com\/blog\/wp-json\/wp\/v2\/posts"}],"about":[{"href":"https:\/\/www.travelbymexico.com\/blog\/wp-json\/wp\/v2\/types\/post"}],"author":[{"embeddable":true,"href":"https:\/\/www.travelbymexico.com\/blog\/wp-json\/wp\/v2\/users\/2"}],"replies":[{"embeddable":true,"href":"https:\/\/www.travelbymexico.com\/blog\/wp-json\/wp\/v2\/comments?post=16108"}],"version-history":[{"count":1,"href":"https:\/\/www.travelbymexico.com\/blog\/wp-json\/wp\/v2\/posts\/16108\/revisions"}],"predecessor-version":[{"id":16110,"href":"https:\/\/www.travelbymexico.com\/blog\/wp-json\/wp\/v2\/posts\/16108\/revisions\/16110"}],"wp:featuredmedia":[{"embeddable":true,"href":"https:\/\/www.travelbymexico.com\/blog\/wp-json\/wp\/v2\/media\/16109"}],"wp:attachment":[{"href":"https:\/\/www.travelbymexico.com\/blog\/wp-json\/wp\/v2\/media?parent=16108"}],"wp:term":[{"taxonomy":"category","embeddable":true,"href":"https:\/\/www.travelbymexico.com\/blog\/wp-json\/wp\/v2\/categories?post=16108"},{"taxonomy":"post_tag","embeddable":true,"href":"https:\/\/www.travelbymexico.com\/blog\/wp-json\/wp\/v2\/tags?post=16108"}],"curies":[{"name":"wp","href":"https:\/\/api.w.org\/{rel}","templated":true}]}}