{"id":16087,"date":"2014-05-17T23:14:47","date_gmt":"2014-05-18T04:14:47","guid":{"rendered":"http:\/\/www.travelbymexico.com\/blog\/?p=16087"},"modified":"2014-05-18T04:34:49","modified_gmt":"2014-05-18T09:34:49","slug":"programa-de-eventos-y-sedes-feria-de-las-culturas-amigas-2014-en-el-d-f","status":"publish","type":"post","link":"https:\/\/www.travelbymexico.com\/blog\/16087-programa-de-eventos-y-sedes-feria-de-las-culturas-amigas-2014-en-el-d-f\/","title":{"rendered":"Programa de eventos y sedes &#8211; Feria de las Culturas Amigas 2014 en el D.F."},"content":{"rendered":"<h2>Un acercamiento al arte y a la cultura del mundo sin salir de la Ciudad de M\u00e9xico. Del 17 de mayo al 1 de junio 2014 en la Plaza de la Constituci\u00f3n y varios recintos culturales de la ciudad de M\u00e9xico.<\/h2>\n<h2>Ventas de artesan\u00edas y productos regionales de 87 pa\u00eds, y m\u00e1s de 200 actividades: m\u00fasica, danza, teatro, cine, conferencias, presentaciones de libros y recitales, y talleres.<\/h2>\n<p>Gran fiesta multicultural que re\u00fane a representantes de <strong>87 pa\u00edses<\/strong> en el Z\u00f3calo de la Ciudad de M\u00e9xico, la <a title=\"Feria de las Culturas Amigas 2014\" href=\"http:\/\/www.travelbymexico.com\/blog\/15896-feria-de-las-culturas-amigas-2014-por-primera-vez-en-el-zocalo-capitalino\" target=\"_blank\">Feria de las Culturas Amigas 2014<\/a> inici\u00f3 hoy con un colorido desfile al que participaron m\u00e1s de mil personas que,\u00a0 ataviadas con trajes t\u00edpicos, bailaron al ritmo de m\u00fasica tradicional.<\/p>\n<p>Un acercamiento al arte y a la cultura del mundo sin salir de la Ciudad de M\u00e9xico es lo que ofrece la Feria de las Culturas Amigas 2014 en la que participan 87\u00a0 representaciones diplom\u00e1ticas y la Uni\u00f3n Europea como organismo internacional.<\/p>\n<h3>Horario<\/h3>\n<p>Lunes a jueves de 17:00 a 20:00 hrs., y fines de semana de 16:00 a 22:00 hrs.<\/p>\n<h3>Sedes y Calendario de Eventos &#8211; Feria de las Culturas Amigas 2014<\/h3>\n<p><strong>Museo Nacional de las Culturas<\/strong>. Moneda No. 13, Centro Hist\u00f3rico.<br \/>\nMartes a domingo de 13:00 a 17:00 hrs. Cupo: 50 personas.<\/p>\n<p><strong>Antiguo Colegio de San Ildefonso<\/strong>. Justo Sierra 16, Centro Hist\u00f3rico.<br \/>\nMartes a domingo. Cupo: 150 personas.<\/p>\n<p><strong>Museo de arte de la SHCP<\/strong>. Antiguo Palacio del Arzobispado<br \/>\nMoneda No. 4, Centro Hist\u00f3rico. Martes a domingo de 17:00 a 20:00 hrs. Cupo: 350 personas.<\/p>\n<p><strong>Palacio de la Autonom\u00eda<\/strong>. Lic. Primo de Verdad No. 2, Centro Hist\u00f3rico.<br \/>\nLunes a domingo de 10:00 a 14:00 hrs. Cupo: 120 personas.<\/p>\n<p><strong>Casa de la primera imprenta de Am\u00e9rica<\/strong><br \/>\nLic. Primo de verdad No. 10, Centro Hist\u00f3rico.<br \/>\nLunes a viernes de 10:00 a 18:00 hrs. Cupo: 80 personas.<\/p>\n<p><strong>Fondo Hist\u00f3rico de la SHCP<\/strong> (Antonio Ortiz Mena)<br \/>\nPrimo de Verdad No. 2, Centro Hist\u00f3rico.<br \/>\nMartes a domingo de 17:00 a 14:00 hrs. Cupo: 120 personas.<\/p>\n<p><strong>Plaza Tlaxcoaque<\/strong>. 20 de noviembre s\/n, Centro Hist\u00f3rico.<br \/>\nS\u00e1bado 24 de mayo, 15:00 hrs.<\/p>\n<p><strong>Plaza de la Sant\u00edsima<\/strong><br \/>\nEntre Emiliano Zapata y Guatemala, Centro Hist\u00f3rico.<br \/>\nS\u00e1bado 24 de mayo, 18:00 hrs.<\/p>\n<h3>S\u00e1bado 17 de mayo 2014<\/h3>\n<p><span style=\"text-decoration: underline;\"><strong>FORO ART\u00cdSTICO<\/strong><\/span><br \/>\n10:30 hrs. Ceremonia y desfile de inauguraci\u00f3n<br \/>\n16:00 hrs. Monotipia. Performance, M\u00fasica y Danza \/ M\u00e9xico<br \/>\n17:00 hrs. Katari. M\u00fasica y Danza \/ Chile.<br \/>\n18:00 hrs. Grupo ayoun es-Sound. Danza \/ Libano.<br \/>\n19:00 hrs. Felipe Urban y su danzonera. M\u00fasica \/ M\u00e9xico.<br \/>\n20:00 hrs. Los locos del Ritmo de Rafael Acosta. M\u00fasica \/ M\u00e9xico.<br \/>\n20:00 hrs. Violeta Ortega y Puerto Candela. M\u00fasica \/ M\u00e9xico.<\/p>\n<p><strong>Museo Nacional de las Culturas<\/strong> (Sala Intermedia)<br \/>\n14:00 hrs. Ciclo de Cine de la India.<br \/>\n16:00 hrs. Ciclo de Cine de la India.<br \/>\nEn el Museo Nacional de las Culturas (Sala Polivalente):<br \/>\n14:30 hrs. Talleres de folklore coreano, &#8220;Pintura tradicional coreana de abanicos&#8221;.<br \/>\n16:00 hrs. Talleres de folklore coreano &#8220;Elaboraci\u00f3n de porta lapiceros de Hanji&#8221;.<\/p>\n<p><strong>Museo de Arte de la SHCP<\/strong>. Antiguo Palacio del Arzobispado<br \/>\n12:00 hrs. Recital de m\u00fasica popular libanesa por el Coro Maronita de M\u00e9xico, direcci\u00f3n de R.P. Yacoub Badaoui \/ M\u00fasica \/ Libano.<\/p>\n<p><strong>Fondo Hist\u00f3rico de la SHCP<\/strong> &#8220;Antonio Ort\u00edz Mena&#8221;<br \/>\n13:00 hrs. Lectura biling\u00fce en voz alta. Recital \/ Brasil.<br \/>\n14:00 hrs. Taijiquan de China por el Mtro. Francisco. Conferencia \/ China.<\/p>\n<p><strong>Antiguo Colegio de San Ildefonso<\/strong><br \/>\n11:00 hrs. Juan Villoro. Conferencia Magistral.<br \/>\n12:00 hrs. Documental &#8220;Libaneses en el cine mexicano&#8221;.<\/p>\n<p><!--nextpage--><\/p>\n<h3>Domingo 18 de mayo 2014<\/h3>\n<p><strong>Foro Art\u00edstico<\/strong> (Z\u00f3calo-Plaza de la Constituci\u00f3n)<br \/>\n07:00 Hrs. Yoga por la Secretar\u00eda de Salud del GDF.<br \/>\n12:00 Hrs. Grupo Egeo \/ M\u00fasica y danza en ensamble el Mtro. Mavridis al bouzouki \/ Grecia.<br \/>\n13:00 Hrs. Viva Flamenco \/ Danza \/ Espa\u00f1a.<br \/>\n14:00 Hrs. S\u00e4kkij\u00e4rven Polka Madre \/ M\u00fasica \/ Finlandia.<br \/>\n15:00 Hrs. Fogo Ensamble \/ M\u00fasica \/ Portugal.<br \/>\n16:00 Hrs. Shamrock Celtics \/ M\u00fasica \/ Irlanda.<br \/>\n17:00 Hrs. Sureda Band \/ M\u00fasica \/ B\u00e9lgica.<br \/>\n18:00 Hrs. DJ Chris Bekker \/ M\u00fasica \/ Alemania.<br \/>\n18:30 Hrs. Lluvia de Palos \/ M\u00fasica \/ M\u00e9xico.<br \/>\n<span style=\"text-decoration: underline;\"><em><strong>Homenaje a Nelson Mandela<\/strong><\/em><\/span>. 19:00 Hrs. 100 Tambores por Mandela \/ M\u00e9xico.<\/p>\n<p><strong>Museo Nacional de las Culturas<\/strong> (Sala Intermedia)<br \/>\n13:00 Hrs. Little Big Soldier \/ Cine Dir. Ding Sheng, 96 min \/ China.<br \/>\n15:00 Hrs. Mei Lanfang (Siempre Cautivo) \/ Cine Dir. Chen Kaige, 2010 \/ China.<br \/>\nMuseo Nacional de las Culturas (Sala Polivalente)<br \/>\n12:00 Hrs. La Caligraf\u00eda china y el nido chino \/ Taller \/ China.<br \/>\n14:00 Hrs. Origami \/ Taller\u00a0 \/ Jap\u00f3n.<br \/>\n16:00 Hrs. Recital Poetas Mexicanos de Ascendencia Libanesa \/ Recital por Antonio Trabulse \/ L\u00edbano.<\/p>\n<p><strong>Museo de Arte de la S.H.C.P.<\/strong> Antiguo Palacio del Arzobispado<br \/>\n15:00 Hrs. &#8220;La vida de Buda&#8221; \/ Conferencia por Lorenzo Sitges \/ Laos.<br \/>\n17:00 Hrs. El Turismo en Grecia \/ Conferencia por la Excma. Sra. Polyxeni Stefaniov, Embajadora Extraordinaria y Plenipotenciaria de la Rep\u00fablica Hel\u00e9nica en M\u00e9xico \/ Grecia.<br \/>\n<strong>Antiguo Colegio de San Ildefonso<\/strong><br \/>\n11:00 Hrs. Fabrizio Mej\u00eda\u00a0 \/ Conferencia Magistral.<br \/>\n12:00 Hrs. &#8220;Los otros dreamers: The book&#8221; \/ Mesa de debate.<br \/>\n13:00 Hrs. Jack Kerouac: On The Road, an\u00e9cdota de un viaje\/ Anecdotario.<br \/>\n14:00 Hrs. Visa al para\u00edso, Dir. Lillian Liberman, 2010 \/ M\u00e9xico \/ Cine.<br \/>\n16:00 Hrs. Presentaci\u00f3n de la ley de interculturalidad \/ Mesa de debate.<\/p>\n<h3>Lunes 19 de mayo 2014<\/h3>\n<p><strong>Foro Art\u00edstico<\/strong> (Z\u00f3calo-Plaza de la Constituci\u00f3n)<br \/>\n11:00 Hrs. Clase de Yoga \/ Exhibici\u00f3n \/ India.<br \/>\n17:00 Hrs. Rodrigo Escalante \/ M\u00fasica \/ M\u00e9xico.<br \/>\n18:00 Hrs. Trovadores provincianos \/ M\u00fasica \/ M\u00e9xico.<br \/>\n19:00 Hrs. Folclore Boliviano \/ Danza \/ Bolivia<br \/>\n<strong>Casa de la primera imprenta de Am\u00e9rica<\/strong><br \/>\n15:00 Hrs. &#8220;Lectura en voz alta&#8221; \/ Recital por Martha Patricia Moya Ibarra\u00a0 \/ Brasil.<\/p>\n<h3>Martes 20 de mayo 2014<\/h3>\n<p><strong>Foro Art\u00edstico<\/strong> (Z\u00f3calo-Plaza de la Constituci\u00f3n)<br \/>\n11:00 Hrs. Hi-Low \/ Exhibici\u00f3n \/ M\u00e9xico.<br \/>\n17:00 Hrs. Marimba de Guatemala \/ M\u00fasica \/ Guatemala.<br \/>\n18:00 Hrs. Banda Sinf\u00f3nica de la Ciudad de M\u00e9xico \/ M\u00fasica \/ M\u00e9xico.<br \/>\n19:00 Hrs. Grupo &#8220;Sadko&#8221; \/ M\u00fasica \/ Rusia.<\/p>\n<p><strong>Museo Nacional de las Culturas<\/strong> (Sala Intermedia)<br \/>\n13:00 Hrs. The Host\/ Cine Dir.Bong Joon-ho, 2006 119 min.\/ Rep\u00fablica de Corea.<br \/>\n15:00 Hrs. El a\u00f1o en que mis padres salieron de vacaciones \/ Cine Dir. Katia Paradis, 2006 106 min.\u00a0 \/ Brasil.<br \/>\nParaninfo del Palacio de la Autonom\u00eda.<br \/>\n13:00 Hrs. &#8220;La identidad Libanesa&#8221; \/ Conferencia por el Lic. Antonio Trabulse Kaim \/ L\u00edbano.<\/p>\n<h3>Mi\u00e9rcoles 21 de mayo 2014<\/h3>\n<p><strong>Foro Art\u00edstico<\/strong> (Z\u00f3calo-Plaza de la Constituci\u00f3n)<br \/>\n11:00 Hrs. Tae-Bo \/ Exhibici\u00f3n por la Secretar\u00eda de Salud del GDF \/ M\u00e9xico.<br \/>\n17:00 Hrs. Svtlana Ilchenko \/ M\u00fasica \/ Rusia.<br \/>\n18:00 Hrs. Abraham Rechthand y su grupo Shtetl Klezmer \/ Musica \/ Israel.<br \/>\n<strong>Museo Nacional de las Culturas<\/strong> (Sala Intermedia)<br \/>\n13:00 Hrs. Three Kings of Belize \/ Cine Dir. Cao Hamburger, Canad\u00e1, 88 min. \/ Belice.<br \/>\n15:00 Hrs. Green Day\u00b4s \/ Cine Dir. Jaehoon An, Hyejin Han, 2010, 98 min. \/ Rep\u00fablica de Corea.<\/p>\n<p><strong>Paraninfo del Palacio de Autonom\u00eda<\/strong><br \/>\n13:00 Hrs. &#8220;Felisberto Hern\u00e1ndez. Revisitando su obra a 50 a\u00f1os de su fallecimiento&#8221; \/ Conferencia por Cristina Mansilla Decesari \/ Uruguay.<br \/>\n<strong>Casa de la primera Imprenta de Am\u00e9rica<\/strong><br \/>\n12:00 Hrs. &#8220;Lectura en voz alta&#8221;\/ Recital por Alberto Isaac L\u00f3pez D\u00edaz Gonz\u00e1lez\u00a0 \/\u00a0 Brasil.<\/p>\n<p><!--nextpage--><\/p>\n<h3>Jueves 22 de mayo 2014<\/h3>\n<p><strong>Foro Art\u00edstico<\/strong> (Z\u00f3calo-Plaza de la Constituci\u00f3n)<br \/>\n11:00 Hrs. Ethnofit\/ Exhibici\u00f3n \/ M\u00e9xico.<br \/>\n17:00 Hrs. Danzas y deportes de Wushu de China \/ Exhibici\u00f3n \/ China.<br \/>\n18:00 Hrs. Grupo Arauco \/ Danza \/ Chile.<br \/>\n19:00 Hrs. Danzas Bolivianas \/ Danza \/ Bolivia.<br \/>\n<strong>Museo Nacional de las Culturas<\/strong> (Sala Intermedia)<br \/>\n11:00 Hrs. As\u00ed es L\u00edbano\/ Documental \/ Libano<br \/>\n13:00 Hrs. Irena Sendler: En el nombre de sus madres, Mary Skinner, 2011 \/ Cine \/Polonia.<br \/>\n15:00 Hrs. Prometeo deportado \/ Cine\u00a0 \/ Ecuador<br \/>\n<strong>Paraninfo del Palacio de Autonom\u00eda<\/strong><br \/>\n11:00 Hrs. &#8220;Pedro Henr\u00edquez Ure\u00f1a y la Revoluci\u00f3n Mexicana&#8221; \/ Conferencia por el Sr. Embajador Dr. Fernando Antonio P\u00e9rez Mem\u00e9n \/ Rep\u00fablica Dominicana<br \/>\n<strong>Casa de la Primera Imprenta de Am\u00e9rica<\/strong><br \/>\n16:00 Hrs. Asalto Teatral \/ intervenci\u00f3n del espacio p\u00fablico (Calle Primo Verdad y Calle Moneda)<br \/>\n17:00 Hrs. Octavio Paz en tres perspectivas: el hombre en el mundo, el poeta frente a la tradici\u00f3n y la mirada. \/ Mesa redonda intervienen: Armando Gonz\u00e1lez Torres, Pedro Serrano, Magali Lara. Modera: Jos\u00e9 Mar\u00eda Espinasa \/ M\u00e9xico.<\/p>\n<h3>Viernes 23 de mayo 2014<\/h3>\n<p><strong>Foro Art\u00edstico<\/strong> (Z\u00f3calo-Plaza de la Constituci\u00f3n)<br \/>\n11:00 Hrs. Ethnofit \/ Exhibici\u00f3n \/ M\u00e9xico.<br \/>\n17:00 Hrs. Grupo Cultural de la Embajada \/ Danza\u00a0 \/ Filipinas.<br \/>\n18:00 Hrs.Nota Sonotra \/ M\u00fasica \/ Panam\u00e1.<br \/>\n19:00 Hrs. Nayeli Nesme \/ M\u00fasica \/ M\u00e9xico.<br \/>\n20:00 Hrs. El Jolgorio\/ M\u00fasica \/ M\u00e9xico.<br \/>\n21:00 Hrs. Grupo Erandi \/ M\u00fasica \/ M\u00e9xico.<br \/>\n<strong>Museo Nacional de las Culturas<\/strong> (Sala Intermedia)<br \/>\n11:00 Hrs. Amor y frijoles \/ Cine Dir. Mathew Kodath y Hernan Pereira, 2009, 120 min. \/ Honduras.<br \/>\n13:00 Hrs. El Xendra (La saga) \/ Cine Dir. Juan Carlos Fanconi, 2012, 109 min. Honduras.<br \/>\n<strong>Museo de Arte de la S.H.C.P.<\/strong> Antiguo Palacio del Arzobispado<br \/>\n12:00 Hrs. Karromato \/ Teatro \/ Rep\u00fablica Checa.<br \/>\n<strong>Casa de la primera imprenta de Am\u00e9rica<\/strong><br \/>\n16:00 Hrs. &#8220;De Catalu\u00f1a a M\u00e9xico: literatura del exilio&#8221;\/ Charla y lectura por el Instituto Ram\u00f3n Llull \/ M\u00e9xico- Espa\u00f1a.<br \/>\n<strong>Antiguo Colegio de San Ildefonso<\/strong><br \/>\n12:00 Hrs. Recital de piano \/ M\u00fasica por el Mtro. Jos\u00e9 Luis Gonz\u00e1lez \/ Hungr\u00eda.<\/p>\n<h3>S\u00e1bado 24 de mayo 2014<\/h3>\n<p><strong>Foro Art\u00edstico<\/strong> (Z\u00f3calo-Plaza de la Constituci\u00f3n)<br \/>\n11:00 Hrs. M\u00e9xico Taiji Quan de China \/ Exhibici\u00f3n \/ China.<br \/>\n16:00 Hrs. Tiempos del sur\/ M\u00fasica y danza \/ Chile.<br \/>\n17:00 Hrs. Saburo lida \/ Musica \/ Jap\u00f3n.<br \/>\n18:00 Hrs. DJ David Sorian \/ M\u00fasica \/ Francia.<br \/>\n<em><span style=\"text-decoration: underline;\"><strong>Noche de las Culturas<\/strong><\/span><\/em><br \/>\n19:30 Hrs. Orquesta Vulgar \/ M\u00fasica \/ M\u00e9xico.<br \/>\n20:30 Hrs. Macario\/ M\u00fasica \/ M\u00e9xico.<br \/>\n21:30 Hrs. Troker \/ M\u00fasica \/ Reino Unido.<br \/>\n22:30 Hrs. Agrupaci\u00f3n Cari\u00f1o \/ M\u00fasica \/ M\u00e9xico.<br \/>\n23:30 Hrs. La Internacional Sonora Balkanera \/ M\u00fasica \/ M\u00e9xico.<br \/>\n<strong>Museo Nacional de las Culturas<\/strong> (Sala Intermedia)<br \/>\n13:00 Hrs. D\u00edas de Santiago \/ Cine Dir. Josu\u00e9 M\u00e9ndez, 2004, 83 min. \/ Per\u00fa<br \/>\n15:00 Hrs.Hogar: M\u00e9xico-Varsovia \/ Cine Dir. Ela Chrzanowska, 2013, 49 min. \/ Polonia.<br \/>\n<strong>Museo Nacional de las Culturas<\/strong> (Sala Polivalente)<br \/>\n13:00 Hrs. Taller de Fuxico \/ Talleres \/ Brasil.<br \/>\n14:00 Hrs. Conocer Malasia \/ Taller \/ Malasia.<br \/>\n15:00 Hrs. Muestra del papel recortado de la provincia Yunnan\/ Taller \/ China.<br \/>\n16:00 Hrs. Lectura biling\u00fce en voz alta \/ Recital \/ Brasil<br \/>\nMuseo de Arte de la S.H.C.P. Antiguo Palacio del Arzobispado<br \/>\n12:00 Hrs. Teatro de ni\u00f1os \/ Teatro \/ Colombia.<br \/>\n14:00 Hrs. &#8220;La Medicina China&#8221; \/ Conferencia por el Mtro. Francisco \/ China.<br \/>\n<strong>Fondo Hist\u00f3rico de la SHCP Antonio Ortiz Mena<\/strong><br \/>\n13:00 Hrs. &#8220;Exilio desde la perspectiva de los hijos, la segunda generaci\u00f3n en los pa\u00edses de acogida&#8221; \/ Conferencia por Silvia Dutrenit \/ Uruguay.<br \/>\n<strong>Antiguo Colegio de San Ildefonso<\/strong><br \/>\n12:00 Hrs. Libaneses en el cine mexicano \/ Cine presentado por Carlos Mart\u00ednez Assad<br \/>\n15:00 Hrs. &#8220;La Ciudad Cosmopolita de los migrantes&#8221;\/ Presentaci\u00f3n de libro.<br \/>\n17:00 Hrs. Mesa de interculturalidad e integraci\u00f3n de extranjeros en el D.F. Mesa de debate.<br \/>\n<strong>Plaza de la Sant\u00edsima<\/strong><br \/>\n18:00 Hrs. Comparsas y animaci\u00f3n de calle \/ Participaci\u00f3n de varias Embajadas en la Noche de las Culturas.<br \/>\n<strong>Plaza Tlaxcoaque<\/strong><br \/>\n15:00 Hrs. Asalto Teatral \/ Teatro callejero \/ M\u00e9xico.<br \/>\n16:00 Hrs. Escuadr\u00f3n Jitomate Bola \/ Teatro infantil \/ M\u00e9xico.<\/p>\n<p><!--nextpage--><\/p>\n<h3>Domingo 25 de mayo 2014<\/h3>\n<p><strong>Foro Art\u00edstico<\/strong> (Z\u00f3calo-Plaza de la Constituci\u00f3n)<br \/>\n07:00 hrs. Yoga por Secretar\u00eda de Salud del GDF Exhibici\u00f3n \/ M\u00e9xico.<br \/>\n11:00 hrs. Ryukyu Koku Matsuri Daiko Mexico Shibu M\u00fasica \/ Jap\u00f3n.<br \/>\n12:00 hrs. Pepe Frank &#8220;Al paso, al trote y al galope&#8221; M\u00fasica \/ M\u00e9xico.<br \/>\n16:00 hrs. Corporaci\u00f3n Cultural Inti Raymi Ecuador \/ Danza \/ Ecuador.<br \/>\n17:00 hrs. Sae Woo Lim Danza \/ Rep\u00fablica de Corea.<br \/>\n18:00 hrs. &#8220;Concierto de m\u00fasica cl\u00e1sica del norte de India&#8221;<br \/>\nM\u00fasica por Hoollving Arg\u00e1ez acompa\u00f1ado por Ilyas Hussein \/ India.<br \/>\n19:00 hrs. Los Parientes de Playa Vicente M\u00fasica \/ M\u00e9xico.<br \/>\n<strong>Museo Nacional de las Culturas<\/strong> (Sala Intermedia)<br \/>\n13:00 hrs. Magn\u00edfico, Dir. Maryo J. De Los Reyes \/ Cine \/ Filipinas.<br \/>\n15:00 hrs. Bol\u00edvar el Hombre de las Dificultades, Dir. Luis Alberto Lamata. Cine \/ Rep\u00fablica Bolivariana de Venezuela.<br \/>\n<strong>Museo Nacional de las Culturas<\/strong> (Sala Polivalente)<br \/>\n13:00 hrs. Matreshka rusa \/ Taller \/ Rusia.<br \/>\n14:30 hrs. Danzas Folcl\u00f3ricas Argentinas Taller \/ Argentina.<br \/>\n16:00 hrs. &#8220;Escritura antigua de Rusia&#8221; por el Dr. Igor Fedorov, Conferencia \/ Rusia.<br \/>\n<strong>Museo de Arte de la SHCP. Antiguo Palacio del Arzobispado<\/strong><br \/>\n15:00 hrs. &#8220;La Vida de Buda&#8221; por Pilar Fuentes Cuenta Cuentos \/ Laos.<br \/>\n17:00 hrs. &#8220;Yo Soy L\u00edbano&#8221; y &#8220;Dos pueblos, un esp\u00edritu, Libaneses en M\u00e9xico&#8221; por el Lic. Antonio Trabulse Kaim. Presentaci\u00f3n de Libro \/ L\u00edbano<br \/>\n<strong>Paraninfo del Palacio de la Autonom\u00eda<\/strong><br \/>\n13:00 hrs. &#8220;La Historia de Malasia a trav\u00e9s de tres leyendas&#8221;por Johan Dzulkifli<br \/>\nConferencia \/ Malasia.<br \/>\n14:30 hrs. Taller de cocina org\u00e1nica por Dominika Paleta<br \/>\nTaller \/ Polonia.<br \/>\n<strong>Antiguo Colegio de San Ildefonso<\/strong><br \/>\n13:00 hrs. Roberto Bola\u00f1o en la Ciudad de M\u00e9xico: presenta\u00a0 M\u00f3nica Maristain \/ Anecdotario.<br \/>\n15:00 hrs. Los que se quedan, Dir. Carlos Hagerman-Juan Carlos Rulfo, 2008, 96 min. \/ Cine.<br \/>\n17:00 Presentaci\u00f3n del Programa de Ense\u00f1anza del Espa\u00f1ol\u00a0 para personas migrantes, solicitantes de asilo y refugiadas en M\u00e9xico \/ Mesa de debate.<\/p>\n<h3>Lundi 26 de mayo 2014<\/h3>\n<p><strong>Foro Art\u00edstico<\/strong> (Z\u00f3calo-Plaza de la Constituci\u00f3n)<br \/>\n11:00 hrs. Yoga y m\u00fasica de Sri Lanka Exhibici\u00f3n \/ Sri Lanka.<br \/>\n16:00 hrs. Alain Tchido and the Tchido Project M\u00fasica \/ Costa de Marfil.<br \/>\n17:00 hrs. Binghi Bongo Band M\u00fasica \/ Jamaica.<br \/>\n18:00 hrs. Kreation Reggae Band M\u00fasica \/ Jamaica.<br \/>\n19:00 hrs. Omniblues M\u00fasica \/ M\u00e9xico.<\/p>\n<h3>Mardi 27 de mayo 2014<\/h3>\n<p><strong>Foro Art\u00edstico<\/strong> (Z\u00f3calo-Plaza de la Constituci\u00f3n)<br \/>\n11:00 hrs. Combate Fitness Bo por la Secretar\u00eda de Salud del GDF Exhibici\u00f3n \/ M\u00e9xico.<br \/>\n17:00 hrs. Fernando Paredez M\u00fasica \/ Ecuador.<br \/>\n18:00 hrs. Coro Club Alem\u00e1n M\u00fasica \/ Alemania.<br \/>\n19:00 hrs. Jes\u00fas Tenepe M\u00fasica \/ Rep\u00fablica Bolivariana de Venezuela.<br \/>\n<strong>Museo Nacional de las Culturas<\/strong> (Sala Intermedia)<br \/>\n13:00 hrs. Secretos de Lucha, Dir. Maiana Bidegain, 2007, 85 min. Cine \/ Uruguay.<br \/>\n15:00 hrs. Cosmos y mujeres Cine \/ Rusia.<br \/>\n<strong>Paraninfo del Palacio de la Autonom\u00eda.<\/strong><br \/>\n13:00 hrs. &#8220;Colombia Tur\u00edstica&#8221; por POREXPORT Conferencia \/ Colombia.<\/p>\n<h3>Mi\u00e9rcoles 28 de mayo 2014<\/h3>\n<p><strong>Foro Art\u00edstico<\/strong> (Z\u00f3calo-Plaza de la Constituci\u00f3n)<br \/>\n11:00 hrs. Jazz- Fit Bo por la Secretar\u00eda de Salud del GDF. Exhibici\u00f3n \/ M\u00e9xico.<br \/>\n16:00 hrs. Jes\u00fas Tenepe M\u00fasica \/ Rep\u00fablica Bolivariana de Venezuela.<br \/>\n18:00 hrs. David Avalos M\u00fasica \/ Guatemala.<br \/>\n19:00 hrs. Kaffeina Bossa Band M\u00fasica \/ Brasil.<br \/>\n<strong>Museo Nacional de las Culturas<\/strong> (Sala Intermedia)<br \/>\n13:00 hrs. Museo Nacional de L\u00edbano, su creaci\u00f3n, su destrucci\u00f3n y su reconstrucci\u00f3n<br \/>\nCine \/ L\u00edbano.<br \/>\n15:00 hrs. Una sombra al frente, Dir. Augusto Tamayo San Rom\u00e1n, 2007, 137 min.<br \/>\nCine \/ Per\u00fa.<br \/>\n<strong>Paraninfo del Palacio de la Autonom\u00eda<\/strong><br \/>\n13:00 hrs. &#8220;100 A\u00f1os de la vida institucional jud\u00eda en M\u00e9xico.<br \/>\nMosaico de experiencias y reflexiones (1912-2012)&#8221; Conferencia \/ Israel.<br \/>\n<strong>Casa de la Primera Imprenta de Am\u00e9rica<\/strong><br \/>\n15:00 hrs. &#8220;Lectura en voz alta&#8221;, por Mitzarahy Paola Mart\u00ednez Alonso<br \/>\nRecital \/ Brasil.<\/p>\n<h3>Jueves 29 de mayo 2014<\/h3>\n<p><strong>Foro Art\u00edstico<\/strong> (Z\u00f3calo-Plaza de la Constituci\u00f3n)<br \/>\n11:00 hrs. Ethnofit Exhibici\u00f3n \/ M\u00e9xico.<br \/>\n16:00 hrs. Luis M\u00e9ndez M\u00fasica \/ Australia.<br \/>\n17:00 hrs. Mariana Flores Lot &amp; Sak-Nit\u00e9 Romero Escoffie Danza \/ India.<br \/>\n18:00 hrs. &#8220;Desde El Har\u00e9m&#8221; Dir. Am\u00e1n- Ra, Danzas de Argelia Danza \/ Argelia.<br \/>\n19:00 hrs. Fantas\u00eda Rusa Danza \/ Rusia.<br \/>\n<strong>Museo Nacional de las Culturas<\/strong> (Sala Intermedia)<br \/>\n13:00 hrs. Cuando cay\u00f3 el Muro Cine \/ Alemania.<br \/>\n15:00 hrs. Dot.com, Dir. Lu\u00eds Galv\u00e3o Teles Cine \/ Portugal.<br \/>\n<strong>Paraninfo del Palacio de la Autonom\u00eda<\/strong><br \/>\n13:00 hrs.&#8221;La acupuntura China&#8221; por el Dr. Wu Jing Conferencia \/ China.<\/p>\n<h3>Viernes 30 de mayo 2014<\/h3>\n<p><strong>Foro Art\u00edstico<\/strong> (Z\u00f3calo-Plaza de la Constituci\u00f3n)<br \/>\n11:00 hrs. Ethnofit Exhibici\u00f3n \/ M\u00e9xico.<br \/>\n16:00 hrs. Danza Wasi del Per\u00fa y grupo Yupanqui Danza \/ Per\u00fa.<br \/>\n17:00 hrs. Casa de Artes Pakoeningrat. Danza \/ Indonesia.<br \/>\n18:00 hrs. Karlara Jireth y su grupo Kira y las Indomables y Andrea Mar\u00eda Fern\u00e1ndez M\u00fasica \/ Costa Rica.<br \/>\n19:00 Karim Keita \/ M\u00fasica y Danza \/ \u00c1frica.<br \/>\n20:00 Estampas Colombianas \/ Danza \/ M\u00e9xico- Colombia.<br \/>\n21:00 hrs. Julia Vari M\u00fasica \/ M\u00e9xico.<br \/>\n<strong>Museo Nacional de las Culturas<\/strong> (Sala Intermedia)<br \/>\n10:00 hrs. Vinicius, Dir. Miguel Faria Jr; 2005, 121 min. Cine \/ Brasil.<br \/>\n12:00 hrs. Punch, Dir. Lee Han, 2011, 107 min. Cine \/ Rep\u00fablica de Corea.<br \/>\n<strong>Casa de la Primera Imprenta de Am\u00e9rica<\/strong><br \/>\n15:00 hrs. Recital Gibr\u00e1n, su vida y su obra por el Lic. Antonio Trabulse Kaim Recital \/ L\u00edbano.<br \/>\n16:00 hrs. &#8220;Publicaciones del exilio espa\u00f1ol en M\u00e9xico&#8221;por Nuria Gali, Charla \/ M\u00e9xico.<br \/>\n<strong>Paraninfo del Palacio de la Autonom\u00eda<\/strong><br \/>\n15:00 hrs.La ruta del vino portugu\u00e9s Taller \/ Portugal.<br \/>\n16:00 hrs. Sabores de Portugal Taller \/ Portugal.<br \/>\n<strong>Museo de Arte de la SHCP<\/strong> Antiguo Palacio del Arzobispado<br \/>\n12:00 hrs. Cos\u00ed \u00e9 (Se vi pare) di Luigi Pirandello, Dir. Gloria E. Hern\u00e1ndez Alamilla y Luigi Malaroda Martini Teatro \/ Italia.<br \/>\n<strong>Antiguo Colegio de San Ildefonso<\/strong><br \/>\n12:00 hrs. Recital de piano por el Mtro. Gerardo Estrada G\u00f3mez M\u00fasica \/ Hungr\u00eda.<\/p>\n<h3>S\u00e1bado 31 de mayo 2014<\/h3>\n<p><strong>Foro Art\u00edstico<\/strong> (Z\u00f3calo-Plaza de la Constituci\u00f3n)<br \/>\n11:00 Conjunto Art\u00edstico Cachimex \/ M\u00fasica, Danza, Performance \/ M\u00e9xico<br \/>\n12:00 Escuadr\u00f3n Jitomate Bola \/ Teatro Infantil \/ M\u00e9xico<br \/>\n16:00 DJ Adriana Smith \/ M\u00fasica \/ Brasil<br \/>\n17:00 Danza Latinoamericana Wryakito \/ Danza \/ Panam\u00e1<br \/>\n18:00 Compa\u00f1\u00eda Malka \/ M\u00fasica \/ Argentina<br \/>\n19:00 Eblen Macari Ensamble \/ M\u00fasica \/ M\u00e9xico<br \/>\n20:00 Freddy Potenza Tango \/ M\u00fasica \/ M\u00e9xico- Argentina<br \/>\n21:00 Mario Nandayapa Quartet \/ M\u00fasica \/ M\u00e9xico<br \/>\n22:00 Horacio Franco \/ M\u00fasica \/ M\u00e9xico.<br \/>\n<strong>Museo Nacional de las Culturas<\/strong> (Sala Polivalente)<br \/>\n12:00 &#8220;Aportaciones sobresalientes de la milenaria cultura china&#8221; por Silvia Seligson, curadora de la Sala de China del MNC \/ Conferencia \/ China<br \/>\n14:30 Taller de Danza &#8220;Ajayu Bolivia&#8221; \/ Taller \/ Bolivia<br \/>\n16:00 Diablos danzantes del Yare \/ Taller \/ Rep\u00fablica Bolivariana de Venezuela<br \/>\n<strong>Museo de Arte de la Secretar\u00eda de Hacienda y Cr\u00e9dito P\u00fablico<\/strong>. Antiguo Palacio del Arzobispado<br \/>\n12:00 &#8220;Un castillo de cuento de hadas&#8221; por la compa\u00f1\u00eda FOVADI \/ Teatro \/ M\u00e9xico<br \/>\n15:00 &#8220;Las profesiones artesanales en Marruecos&#8221; por Mustapha El Hor \/ Conferencia \/ Marruecos<br \/>\n<strong>Antiguo Colegio de San Ildefonso<\/strong><br \/>\n11:00 Phillipe Olle \/ Conferencia magistral \/ Pabell\u00f3n de la Ciudad<br \/>\n12:00 Mesa de An\u00e1lisis &#8220;Los Extranjeros en el D.F.&#8221; \/ Mesa de debate \/ Pabell\u00f3n de la Ciudad<br \/>\n13:00 N\u00e9stor Garc\u00eda Canclini \/ Anecdotario \/ Pabell\u00f3n de la Ciudad<br \/>\n14:00 Jes\u00fas Tenepe \/ M\u00fasica \/ Rep\u00fablica Bolivariana de Venezuela<br \/>\n15:00 Documental &#8220;Santa Rosa Odisea al son de Mariachi&#8221; \/ Cine \/ Pabell\u00f3n de la Ciudad<br \/>\n17:00 CHE PYKASUMI &#8220;El vuelo de un Amor&#8221; Dr. Ermes Medina Valiente \/ Cine \/ Paraguay.<\/p>\n<h3>Domingo 01 de junio 2014<\/h3>\n<p><strong>Foro Art\u00edstico<\/strong> (Z\u00f3calo-Plaza de la Constituci\u00f3n)<br \/>\n07:00 Yoga por Secretar\u00eda de Salud del GDF \/ Exhibici\u00f3n \/ M\u00e9xico<br \/>\n11:00 Conjunto Art\u00edstico Cachimex \/ M\u00fasica \/ China<br \/>\n12:00 Aziz Gual \/ Espect\u00e1culo clown \/ M\u00e9xico<br \/>\n16:00 Orquesta T\u00edpica de la Ciudad de M\u00e9xico \/ M\u00fasica \/ M\u00e9xico<br \/>\n17:00 Inti Raymi \/ Danza \/ Bolivia<br \/>\n18:00 Anajnu Veatem \/ Danza \/ Israel<br \/>\n19:00 Chia Casanova \/ M\u00fasica\/ Honduras<br \/>\n20:00 DJ Mike Polarny \/ M\u00fasica \/ Polonia.<br \/>\n<strong>Museo Nacional de las Culturas<\/strong> (Sala Intermedia)<br \/>\n10:00 Almas de la Media Noche, Dir. Juan Carlos Fanconi \/ Cine \/ Honduras<br \/>\n12:00 La Expedici\u00f3n del 14 de Junio \/ Cine \/ Rep\u00fablica Dominicana.<br \/>\n14:00 \u00bfD\u00f3nde vas Moshe? \/ Cine \/ Marruecos<br \/>\n16:00 Santa Rosa. Odisea al son de mariachi \/ Cine \/ Polonia.<br \/>\n<strong>Museo Nacional de las Culturas<\/strong> (Sala Polivalente)<br \/>\n14:00 &#8220;Los Maktubes del Desierto&#8221; por Ahmed Mulay \/ Presentaci\u00f3n de Libro \/ Rep\u00fablica \u00c1rabe Saharaui.<br \/>\n15:00 &#8220;El cuento Irene en el Sahara&#8221; por Elizabeth Haro \/ Presentaci\u00f3n de Libro \/ Rep\u00fablica \u00c1rabe Saharaui.<br \/>\n<strong>Museo de Arte de la Secretar\u00eda de Hacienda y Cr\u00e9dito P\u00fablico<\/strong>. Antiguo Palacio del Arzobispado<br \/>\n14:00 Cuentos tradicionales para ni\u00f1os \/ Cuenta Cuentos \/ Portugal.<br \/>\n<strong>Fondo Hist\u00f3rico de la SHCP Antonio Ortiz Mena<\/strong><br \/>\n13:00 El turismo en Grecia&#8221; por la Excma. Sra. Polyxeni Stefaniov, Embajadora Extraordinaria y Plenipotenciaria de la Rep\u00fablica Hel\u00e9nica en M\u00e9xico \/ Conferencia \/ Grecia<br \/>\n15:00 &#8220;Ayurveca. Medicina Tradicional de Sri Lanka&#8221; por Ana Paula Dom\u00ednguez \/ Conferencia \/ Sri Lanka.<br \/>\n<strong>Antiguo Colegio de San Ildefonso<\/strong><br \/>\n12:00 De Aqu\u00ed y De All\u00e1, Migrantes de Retorno\/ Mesa de debate \/ Pabell\u00f3n de la Ciudad<br \/>\n13:00 El paso del Che y Fidel por la Ciudad de M\u00e9xico \/ Anecdotario \/ Pabell\u00f3n de la Ciudad<br \/>\n14:00 Mtro. Gerardo Estrada G\u00f3mez, pianista \/ M\u00fasica \/ Hungr\u00eda<br \/>\n15:00 Documental &#8220;Visa al para\u00edso&#8221; \/ Cine \/ Pabell\u00f3n de la Ciudad<br \/>\n17:00 Presentaci\u00f3n del Estudio Regional sobre Pol\u00edticas P\u00fablicas de Integraci\u00f3n de Migrantes en Centroam\u00e9rica y M\u00e9xico \/ Mesa de debate \/ Pabell\u00f3n de la Ciudad.<\/p>\n","protected":false},"excerpt":{"rendered":"<p>Un acercamiento al arte y a la cultura del mundo sin salir de la Ciudad de M\u00e9xico. Del 17 de<\/p>\n","protected":false},"author":2,"featured_media":16088,"comment_status":"closed","ping_status":"closed","sticky":false,"template":"","format":"standard","meta":[],"categories":[36,912],"tags":[85,103,1441,318,2467,4839,4838,2792,400,4834,7414,466,485,508,4833,582,7621,4832,4409,4408,7626,4407,4249,5184,1661,7625,2270,7622,7623,4034,1053,7627,2015,4835,7624,4406,1297],"_links":{"self":[{"href":"https:\/\/www.travelbymexico.com\/blog\/wp-json\/wp\/v2\/posts\/16087"}],"collection":[{"href":"https:\/\/www.travelbymexico.com\/blog\/wp-json\/wp\/v2\/posts"}],"about":[{"href":"https:\/\/www.travelbymexico.com\/blog\/wp-json\/wp\/v2\/types\/post"}],"author":[{"embeddable":true,"href":"https:\/\/www.travelbymexico.com\/blog\/wp-json\/wp\/v2\/users\/2"}],"replies":[{"embeddable":true,"href":"https:\/\/www.travelbymexico.com\/blog\/wp-json\/wp\/v2\/comments?post=16087"}],"version-history":[{"count":4,"href":"https:\/\/www.travelbymexico.com\/blog\/wp-json\/wp\/v2\/posts\/16087\/revisions"}],"predecessor-version":[{"id":16092,"href":"https:\/\/www.travelbymexico.com\/blog\/wp-json\/wp\/v2\/posts\/16087\/revisions\/16092"}],"wp:featuredmedia":[{"embeddable":true,"href":"https:\/\/www.travelbymexico.com\/blog\/wp-json\/wp\/v2\/media\/16088"}],"wp:attachment":[{"href":"https:\/\/www.travelbymexico.com\/blog\/wp-json\/wp\/v2\/media?parent=16087"}],"wp:term":[{"taxonomy":"category","embeddable":true,"href":"https:\/\/www.travelbymexico.com\/blog\/wp-json\/wp\/v2\/categories?post=16087"},{"taxonomy":"post_tag","embeddable":true,"href":"https:\/\/www.travelbymexico.com\/blog\/wp-json\/wp\/v2\/tags?post=16087"}],"curies":[{"name":"wp","href":"https:\/\/api.w.org\/{rel}","templated":true}]}}