{"id":15992,"date":"2014-04-22T03:32:15","date_gmt":"2014-04-22T08:32:15","guid":{"rendered":"http:\/\/www.travelbymexico.com\/blog\/?p=15992"},"modified":"2014-04-22T03:34:28","modified_gmt":"2014-04-22T08:34:28","slug":"6a-fiesta-del-libro-y-la-rosa-unam-2014","status":"publish","type":"post","link":"https:\/\/www.travelbymexico.com\/blog\/15992-6a-fiesta-del-libro-y-la-rosa-unam-2014\/","title":{"rendered":"6\u00aa Fiesta del Libro y la Rosa UNAM 2014"},"content":{"rendered":"<h2>Con motivo del D\u00eda Mundial del Libro y del Derecho de Autor, la UNAM presenta la sexta edici\u00f3n de la Fiesta del Libro y la Rosa UNAM 2014.<\/h2>\n<h2>Disfruta durante tres d\u00edas y en cinco sedes, de doce horas continuas de literatura, exposiciones, m\u00fasica, danza, teatro, cine, firma de libros, conferencias, cuenta cuentos y, siguiendo la tradici\u00f3n catalana, rosas de regalo en la compra de libros!<\/h2>\n<p><span style=\"text-decoration: underline;\">Entrada libre a la exhibici\u00f3n editorial y actividades literarias.<\/span><\/p>\n<p>&#8211; Homenajes a Octavio Paz, Juan Gelman, Efra\u00edn Huerta y Julio Cort\u00e1zar<\/p>\n<p>&#8211;\u00a0 Presentaci\u00f3n de fragmentos de &#8216;<strong>Sue\u00f1o de una noche de verano<\/strong>&#8216; en el marco del 150 aniversario del natalicio de William Shakespeare).<\/p>\n<p>&#8211; M\u00e1s de 200 sellos editoriales;<br \/>\n&#8211; Mesas redondas de temas diversos en presencia de escritores;<br \/>\n&#8211; Concursos de creaci\u00f3n;<br \/>\n&#8211; Talleres de escritura;<br \/>\n&#8211; Audios de Voz Viva de M\u00e9xico;<br \/>\n&#8211; Materiales de Descarga Cultura y libros digitales gratuitos, estaciones de lectura, subastas de paquetes de libros;<\/p>\n<h3>M\u00fasica: Conciertos de&#8230;<\/h3>\n<p>En la Sala Carlos Ch\u00e1vez del CC<br \/>\nH\u00e9ctor Infanz\u00f3n Quartet<br \/>\nTrackface<br \/>\nNot Made in China,<br \/>\nSoul Sonora,<br \/>\nMaguila,<br \/>\nHijos de Chunga y Punta Diamante; adem\u00e1s de un Slam po\u00e9tico.<\/p>\n<p>&#8211; La Orrorosa, orquesta colombiana contempor\u00e1nea;<\/p>\n<p>&#8211; Concierto de <strong>Pepe Ar\u00e9valo y sus mulatos<\/strong>, en el Foro MUAC.<\/p>\n<p><strong>Transmisi\u00f3n en vivo del programa El Weso.<\/strong><\/p>\n<p><span style=\"text-decoration: underline;\"><strong>Concurso &#8220;Apartado postal Tlatelolco&#8221;<\/strong><\/span>, a partir de cartas originales de personajes como Emiliano Zapata, Juan Gelman o Remedios Varo para crear una retroalimentaci\u00f3n literaria;<\/p>\n<p>Liberaci\u00f3n de libros bajo la consigna &#8220;L\u00e9elo y lib\u00e9ralo&#8221;<\/p>\n<p><span style=\"text-decoration: underline;\"><strong>Clases de danza<\/strong><\/span>: se abrir\u00e1n dos clases de salsa y una de hip hop. Participar\u00e1n el <strong>Taller Coreogr\u00e1fico de la UNAM<\/strong> y <strong>de Ca\u00f1a y Candela<\/strong> <strong>Pura Compa\u00f1\u00eda de M\u00fasica y Danza flamenca<\/strong>.<br \/>\nadem\u00e1s de una exposici\u00f3n de ilustradores y una de retratos de autores.<\/p>\n<p><span style=\"text-decoration: underline;\"><strong>Presentaci\u00f3n del video<\/strong><\/span> &#8220;30 a\u00f1os de Carmina Burana con la Compa\u00f1\u00eda Nacional de Danza&#8221;;<\/p>\n<p><span style=\"text-decoration: underline;\"><strong>Proyecci\u00f3n de pel\u00edculas<\/strong><\/span>: Santa, Naranja mec\u00e1nica, Blade Runner, Dr. Zhivago, entre otras.<\/p>\n<p>Muestra gr\u00e1fica &#8216;Del libro a la pantalla&#8217;.<\/p>\n<p>Exhibici\u00f3n de r\u00e9plicas de aparatos pre-cinematogr\u00e1ficos.<\/p>\n<h3>\u00bfCu\u00e1ndo?<\/h3>\n<p><strong>Mi\u00e9rcoles 23 de abril de 2014<\/strong><br \/>\nde 10:00 a 22:00 horas &#8211; Centro Cultural Universitario<br \/>\nde 11:00 a 18:00 horas &#8211; <a title=\"Casa del Lago Juan Jos\u00e9 Arreola en la ciudad de M\u00e9xico \" href=\"http:\/\/www.travelbymexico.com\/blog\/10961-casa-del-lago-juan-jose-arreola-en-la-ciudad-de-mexico\" target=\"_blank\">Casa Del Lago Juan Jos\u00e9 Arreola<\/a><\/p>\n<p><strong>S\u00e1bado 26 de abril de 2014<\/strong><br \/>\n<a title=\"Antiguo Colegio de San Ildefonso en la ciudad de M\u00e9xico\" href=\"http:\/\/www.travelbymexico.com\/ciudaddemexico\/atractivos\/?nom=edfeildefonso\" target=\"_blank\">Antiguo Colegio de San Ildefonso<\/a> 10:00 a 18:00 horas<\/p>\n<p>Museo Universitario del Chopo 11:00-20:00 horas<\/p>\n<p><strong>Domingo 27 de abril<\/strong><br \/>\nCentro Cultural Universitario Tlatelolco 10:00 a 18:00 horas.<\/p>\n<h3>Direcci\u00f3n del Centro Cultural Universitario (UNAM)<\/h3>\n<p>(Explanada) Insurgentes Sur 3000<br \/>\nCol. Universidad Nacional Aut\u00f3noma de M\u00e9xico, C.P. 4510, Deleg. Coyoac\u00e1n. M\u00e9xico, Distrito Federa.<\/p>\n<h3>Descarga el Programa de Eventos y Actividades <span style=\"text-decoration: underline;\">aqu\u00ed<\/span><\/h3>\n<p><a title=\"Descarga el Programa de Eventos Fiesta del Libro y la Rosa cumple 6 a\u00f1os\" href=\"http:\/\/www.cultura.unam.mx\/index.html?tp=articulo&amp;id=4717&amp;ac=mostrar&amp;Itemid=270&amp;ct=303&amp;titulo=la-fiesta-del-libro-y-la-rosa-cumple-6-a%C3%B1os&amp;espCult=ccu\" target=\"_blank\">http:\/\/www.cultura.unam.mx\/index.html?tp=articulo&amp;id=4717&amp;ac=mostrar&amp;Itemid=270&amp;ct=303&amp;titulo=la-fiesta-del-libro-y-la-rosa-cumple-6-a%C3%B1os&amp;espCult=ccu<\/a><\/p>\n<p>&nbsp;<\/p>\n","protected":false},"excerpt":{"rendered":"<p>Con motivo del D\u00eda Mundial del Libro y del Derecho de Autor, la UNAM presenta la sexta edici\u00f3n de la<\/p>\n","protected":false},"author":2,"featured_media":15993,"comment_status":"closed","ping_status":"closed","sticky":false,"template":"","format":"standard","meta":[],"categories":[9,912],"tags":[7527,2363,360,7529,509,7525,7530,4016,7528,7526,5954,7531,6027,1157,3801,1236,7524],"_links":{"self":[{"href":"https:\/\/www.travelbymexico.com\/blog\/wp-json\/wp\/v2\/posts\/15992"}],"collection":[{"href":"https:\/\/www.travelbymexico.com\/blog\/wp-json\/wp\/v2\/posts"}],"about":[{"href":"https:\/\/www.travelbymexico.com\/blog\/wp-json\/wp\/v2\/types\/post"}],"author":[{"embeddable":true,"href":"https:\/\/www.travelbymexico.com\/blog\/wp-json\/wp\/v2\/users\/2"}],"replies":[{"embeddable":true,"href":"https:\/\/www.travelbymexico.com\/blog\/wp-json\/wp\/v2\/comments?post=15992"}],"version-history":[{"count":3,"href":"https:\/\/www.travelbymexico.com\/blog\/wp-json\/wp\/v2\/posts\/15992\/revisions"}],"predecessor-version":[{"id":15996,"href":"https:\/\/www.travelbymexico.com\/blog\/wp-json\/wp\/v2\/posts\/15992\/revisions\/15996"}],"wp:featuredmedia":[{"embeddable":true,"href":"https:\/\/www.travelbymexico.com\/blog\/wp-json\/wp\/v2\/media\/15993"}],"wp:attachment":[{"href":"https:\/\/www.travelbymexico.com\/blog\/wp-json\/wp\/v2\/media?parent=15992"}],"wp:term":[{"taxonomy":"category","embeddable":true,"href":"https:\/\/www.travelbymexico.com\/blog\/wp-json\/wp\/v2\/categories?post=15992"},{"taxonomy":"post_tag","embeddable":true,"href":"https:\/\/www.travelbymexico.com\/blog\/wp-json\/wp\/v2\/tags?post=15992"}],"curies":[{"name":"wp","href":"https:\/\/api.w.org\/{rel}","templated":true}]}}