{"id":15973,"date":"2014-04-20T14:04:55","date_gmt":"2014-04-20T19:04:55","guid":{"rendered":"http:\/\/www.travelbymexico.com\/blog\/?p=15973"},"modified":"2014-04-20T14:14:16","modified_gmt":"2014-04-20T19:14:16","slug":"conciertos-y-eventos-feria-de-san-marcos-2014-en-aguascalientes","status":"publish","type":"post","link":"https:\/\/www.travelbymexico.com\/blog\/15973-conciertos-y-eventos-feria-de-san-marcos-2014-en-aguascalientes\/","title":{"rendered":"Conciertos y Eventos Feria de San Marcos 2014 en Aguascalientes"},"content":{"rendered":"<h2>Con Conciertos de artistas nacionales y extranjeros; y eventos culturales y de entretenimiento para toda la familia la <a title=\"Feria Nacional de San Marcos 2014; Fechas y estado invitado Jalisco\" href=\"http:\/\/www.travelbymexico.com\/blog\/15809-estado-invitado-y-fechas-de-la-feria-de-san-marcos-2014\" target=\"_blank\">Feria Nacional de San Marcos 2014<\/a> se llevar\u00e1 a cabo del 19 de abril al 11 de mayo en la ciudad de <a title=\"Reserva tu hotel en la ciudad de Aguascalientes\" href=\"http:\/\/www.travelbymexico.com\/aguascalientes\/hoteles\" target=\"_blank\">Aguascalientes<\/a>, teniendo como invitado de honor al estado mexicano de Jalisco.<\/h2>\n<h2>Eventos y Actividades<\/h2>\n<p><strong>Conciertos<\/strong> (Alejandra Guzm\u00e1n, Alejandro Fern\u00e1ndez, Natalia Lafourcade, Molotov, Jenny and the Mexicats, Playa Limbo, R\u00edo Roma, Emmanuel y Mijares, Pepe Aguilar, David Bisbal, Yuridia, Cuca, Moderatto, Belanova, Lila Downs, Banda El Recodo, Ballet Folkl\u00f3rico de Jalisco, Golem, Eugenia Le\u00f3n, Guadalupe Pineda, Tania Libertad, entre otros artistas);<\/p>\n<p><a class=\"galeria izquierda\" title=\"Serial Taurino Feria San Marcos 2014\" href=\"http:\/\/www.travelbymexico.com\/blog\/imgBase\/2014\/04\/461.jpg\"><img loading=\"lazy\" alt=\"Serial Taurino Feria San Marcos 2014\" src=\"http:\/\/www.travelbymexico.com\/blog\/imgBase\/2014\/04\/461-150x150.jpg\" width=\"150\" height=\"150\" \/><\/a><\/p>\n<p><strong> Serial Taurino<\/strong> del 19 de abril al 11 de mayo de 2014 en la Plaza Monumental de Toros de Aguascalientes;<\/p>\n<p>Desfile de Primavera; Show de Delfines y Clavadistas; Voladores de Papantla, Juegos Mec\u00e1nicos; Eventos deportivos; Exposiciones; Obras de Teatro; Expo Ganadera, y \u00a1mucho m\u00e1s!<\/p>\n<h3>Consulta el Programa Completo de la Feria de San Marcos 2014 aqu\u00ed<\/h3>\n<p><em><span style=\"text-decoration: underline;\"><strong>http:\/\/www.feriadesanmarcos.gob.mx\/Programa.html<\/strong><\/span><\/em><\/p>\n<h3>\u00a0Programa de Conciertos<\/h3>\n<p>en el Foro de las Estrellas, el Palenque de la Feria, y el Foro del Lago.<\/p>\n<h3>Conciertos en el Palenque de la Feria<\/h3>\n<p>Taquilla del Palenque: Lu-Vi de 10:00 a 19:00 hrs.\/ S\u00e1bado de 10:00 a 16:00 hrs.\/ Domingo de 10:00 a 13:00 hrs.<br \/>\nSolamente se aceptan pagos en efectivo.<\/p>\n<p>S\u00e1bado 19 de Abril 2014: <strong>Alejandra Guzm\u00e1n<\/strong><br \/>\nDomingo 20 de Abril 2014: <strong>Paty Cant\u00fa<\/strong><br \/>\nLunes 21 Abril 2014: <strong>Alejandro Fern\u00e1ndez<\/strong><br \/>\nMartes 22 Abril 2014: <strong>Alejandro Fern\u00e1ndez<\/strong><br \/>\nMi\u00e9rcoles 23 Abril 2014: <strong>Los Comendiantes<\/strong><br \/>\nJueves 24 Abril 2014: <strong>Gerardo Ort\u00edz<\/strong><br \/>\nViernes 25 Abril 2014: <strong>Emmanuel<\/strong> y <strong>Mijares<\/strong><br \/>\nS\u00e1bado 26 Abril 2014: <strong>Pepe Aguilar<\/strong><br \/>\nDomingo 27 Abril 2014: <strong>Pablo Montero<\/strong><br \/>\nLunes 28 Abril 2014: <strong>Guerra de chistes<\/strong><br \/>\nMartes 29 Abril 2014: <strong>Rocanroleros<\/strong><br \/>\nMi\u00e9rcoles 30 Abril 2014: <strong>Duelo<\/strong><\/p>\n<p>Jueves 1 de Mayo 2014: <strong>Banda MS<\/strong><br \/>\nViernes 2 Mayo 2014: <strong>Amanda Miguel<\/strong> y <strong>Diego Verdaguer<\/strong><br \/>\nS\u00e1bado 3 Mayo 2014: <strong>David Bisbal<\/strong><br \/>\nDomingo 4 Mayo 2014: <strong>Paquita la del Barrio<\/strong><br \/>\nLunes 5 Mayo 2014: <strong>Komander<\/strong><br \/>\nMartes 6 Mayo 2014: <strong>Yuridia<\/strong><br \/>\nMi\u00e9rcoles 7 Mayo 2014: <strong>Espinoza Paz<\/strong><br \/>\nJueves 8 Mayo 2014: <strong>La Arrolladora<\/strong><br \/>\nViernes 9 Mayo 2014: <strong>Marco Antonio Solis<\/strong><br \/>\nS\u00e1bado 10 Mayo 2014: <strong>Ana Gabriel<\/strong><br \/>\nDomingo 11 Mayo 2014:\u00a0 <strong>Larry Hern\u00e1ndez<\/strong><\/p>\n<h3>Conciertos en el Foro de las Estrellas<\/h3>\n<p>S\u00e1bado 19 de Abril 2014: <strong>Los Tigres del Norte<\/strong><br \/>\nDomingo 20 de Abril 2014:<strong> Jenny and The Mexicats<\/strong><br \/>\nLunes 21 Abril 2014: <strong>Cuca<\/strong><br \/>\nMartes 22 Abril 2014: <strong>Molotov<\/strong><br \/>\nMi\u00e9rcoles 23 Abril 2014: <strong>Moderatto<\/strong><br \/>\nJueves 24 Abril 2014: <strong>Natalia Lafourcade<\/strong> + <strong>Leonel Garc\u00eda<\/strong><br \/>\nViernes 25 Abril 2014: <strong>Alejandra Orozco<\/strong> (Jalisco, Estado Invitado) + <strong>La \u00danica Internacional Sonora Santanera<\/strong>.<br \/>\nS\u00e1bado 26 Abril 2014: <strong>Ana Victoria<\/strong> + <strong>Marco Di Mauro<\/strong><br \/>\nDomingo 27 Abril 2014: Tres Grandes Voces: <strong>Eugenia Le\u00f3n<\/strong> + <strong>Guadalupe Pineda<\/strong> + <strong>Tania Libertad<\/strong><br \/>\nLunes 28 Abril 2014: <strong>Sussie 4<\/strong> (Jalisco, Estado Invitado)<br \/>\nMartes 29 Abril 2014: <strong>Pesado<\/strong><br \/>\nMi\u00e9rcoles 30 Abril 2014: <strong>Lucha Libre<\/strong><\/p>\n<p>Jueves 1 de Mayo 2014:<strong> Fidel Rueda<\/strong><br \/>\nViernes 2 Mayo 2014: <strong>Carlos Rivera<\/strong> + <strong>Samo<\/strong><br \/>\nS\u00e1bado 3 Mayo 2014: <strong>Playa Limbo<\/strong> (Jalisco, Estado Invitado)<br \/>\nDomingo 4 Mayo 2014: <strong>Banda Cuisillos<\/strong> (Jalisco, Estado Invitado)<br \/>\nLunes 5 Mayo 2014: <strong>Original Banda Lim\u00f3n<\/strong><br \/>\nMartes 6 Mayo 2014: <strong>Los \u00c1ngeles Azules<\/strong><br \/>\nMi\u00e9rcoles 7 Mayo 2014: <strong>R\u00edo Roma<\/strong><br \/>\nJueves 8 Mayo 2014: <strong>Belanova<\/strong> (Jalisco, Estado invitado)<br \/>\nViernes 9 Mayo 2014: <span style=\"text-decoration: underline;\"><strong>Elenco Sorpresa<\/strong><\/span><br \/>\nS\u00e1bado 10 Mayo 2014: <strong>Banda El Recodo<\/strong><br \/>\nDomingo 11 Mayo 2014: <strong>Lila Downs<\/strong>.<\/p>\n<h3>Conciertos en el Foro del Lago<\/h3>\n<p>A las 20 horas. Entrada libre.<br \/>\n<em>Per\u00edmetro ferial, entre Expoplaza y calle Laureles, atr\u00e1s del Pabell\u00f3n de Jalisco.<\/em><\/p>\n<p>Domingo 20 de Abril 2014: <strong>Barandela Big Band Orchestra<\/strong> (D.F.)<br \/>\nLunes 21 Abril 2014: <strong>Venado Azul<\/strong> (D.F.)<br \/>\nMartes 22 Abril 2014: <strong>La Rumorosa<\/strong> (D.F.)<br \/>\nMi\u00e9rcoles 23 Abril 2014: <strong>Torreblanca<\/strong> (D.F.)<br \/>\nJueves 24 Abril 2014: <strong>Los Afro Brothers<\/strong> (Jalisco)<br \/>\nViernes 25 Abril 2014: <strong>Son4<\/strong> (Aguascalientes)<br \/>\nS\u00e1bado 26 Abril 2014: <strong>Concha Buika<\/strong> (Espa\u00f1a)<br \/>\nDomingo 27 Abril 2014:<strong> Pumcay\u00f3<\/strong> (Jalisco)<br \/>\nLunes 28 Abril 2014:<strong> KM Big Band<\/strong> (Jalisco)<br \/>\nMartes 29 Abril 2014: <strong>Ballet Folkl\u00f3rico de Jalisco<\/strong><br \/>\nMi\u00e9rcoles 30 Abril 2014: <strong>Yucat\u00e1n a Go Go<\/strong> (D.F.)<\/p>\n<p>Jueves 1 de Mayo 2014: <strong>Los Cojolites<\/strong> (Veracruz)<br \/>\nViernes 2 Mayo 2014: <strong>Golem<\/strong> (E.E.U.U.)<br \/>\nS\u00e1bado 3 Mayo 2014: <strong>El Gato Negro Vagabundo<\/strong> (Francia)<br \/>\nDomingo 4 Mayo 2014: <strong>Maria de Barros<\/strong> (Cabo Verde)<br \/>\nLunes 5 Mayo 2014: <strong>DEMOFEST<\/strong> (Instituto Estatal Electoral)<br \/>\nMartes 6 Mayo 2014: <strong>Radaid<\/strong> (Jalisco)<br \/>\nMi\u00e9rcoles 7 Mayo 2014: <strong>\u00a1Viva Flamenco!<\/strong> (D.F.)<br \/>\nJueves 8 Mayo 2014: <strong>Amir John Haddad<\/strong> \/ <strong>Zoobazar<\/strong> (Espa\u00f1a)<br \/>\nViernes 9 Mayo 2014: <strong>Adanowsky<\/strong> (Francia-M\u00e9xico)<br \/>\nS\u00e1bado 10 Mayo 2014: <strong>David Filio<\/strong> y <strong>Alberto Escobar<\/strong> (Jalisco)<br \/>\nDomingo 11 Mayo 2014: <strong>Martirio<\/strong> (Espa\u00f1a).<\/p>\n<p><strong><a title=\"Reserva tu hotel en la ciudad de Aguascalientes\" href=\"http:\/\/www.travelbymexico.com\/aguascalientes\/hoteles\" target=\"_blank\">Reserva un hotel en la ciudad de Aguascalientes, Ags, M\u00e9xico. <\/a><\/strong><\/p>\n<p>&nbsp;<\/p>\n","protected":false},"excerpt":{"rendered":"<p>Con Conciertos de artistas nacionales y extranjeros; y eventos culturales y de entretenimiento para toda la familia la Feria Nacional<\/p>\n","protected":false},"author":2,"featured_media":15975,"comment_status":"closed","ping_status":"closed","sticky":false,"template":"","format":"standard","meta":[],"categories":[36,912],"tags":[59,71,72,7510,1493,1489,377,7509,7251,5906,4512,4696,7511,1794,4416,718,762,4405,5775,1878,1517,1875,2760,2684,1052,1053,4620,4619,2540,1289],"_links":{"self":[{"href":"https:\/\/www.travelbymexico.com\/blog\/wp-json\/wp\/v2\/posts\/15973"}],"collection":[{"href":"https:\/\/www.travelbymexico.com\/blog\/wp-json\/wp\/v2\/posts"}],"about":[{"href":"https:\/\/www.travelbymexico.com\/blog\/wp-json\/wp\/v2\/types\/post"}],"author":[{"embeddable":true,"href":"https:\/\/www.travelbymexico.com\/blog\/wp-json\/wp\/v2\/users\/2"}],"replies":[{"embeddable":true,"href":"https:\/\/www.travelbymexico.com\/blog\/wp-json\/wp\/v2\/comments?post=15973"}],"version-history":[{"count":5,"href":"https:\/\/www.travelbymexico.com\/blog\/wp-json\/wp\/v2\/posts\/15973\/revisions"}],"predecessor-version":[{"id":15982,"href":"https:\/\/www.travelbymexico.com\/blog\/wp-json\/wp\/v2\/posts\/15973\/revisions\/15982"}],"wp:featuredmedia":[{"embeddable":true,"href":"https:\/\/www.travelbymexico.com\/blog\/wp-json\/wp\/v2\/media\/15975"}],"wp:attachment":[{"href":"https:\/\/www.travelbymexico.com\/blog\/wp-json\/wp\/v2\/media?parent=15973"}],"wp:term":[{"taxonomy":"category","embeddable":true,"href":"https:\/\/www.travelbymexico.com\/blog\/wp-json\/wp\/v2\/categories?post=15973"},{"taxonomy":"post_tag","embeddable":true,"href":"https:\/\/www.travelbymexico.com\/blog\/wp-json\/wp\/v2\/tags?post=15973"}],"curies":[{"name":"wp","href":"https:\/\/api.w.org\/{rel}","templated":true}]}}