{"id":15969,"date":"2014-04-20T08:46:35","date_gmt":"2014-04-20T13:46:35","guid":{"rendered":"http:\/\/www.travelbymexico.com\/blog\/?p=15969"},"modified":"2014-04-20T11:56:15","modified_gmt":"2014-04-20T16:56:15","slug":"bellas-artes-celebra-dia-mundial-del-libro-y-del-derecho-de-autor","status":"publish","type":"post","link":"https:\/\/www.travelbymexico.com\/blog\/15969-bellas-artes-celebra-dia-mundial-del-libro-y-del-derecho-de-autor\/","title":{"rendered":"Bellas Artes celebra D\u00eda Mundial del Libro y del derecho de Autor"},"content":{"rendered":"<h2>Este domingo 20 de abril del 2014, el Palacio de Bellas Artes de la ciudad de M\u00e9xico te invita a celebrar el D\u00eda Mundial del Libro y del Derecho de Autor disfrutando de una serie de actividades que se realizar\u00e1n en la explanada de dicho recinto.<\/h2>\n<p>Ese mismo d\u00eda, a partir de las 14h se llevar\u00e1 a cabo la <strong>Conmemoraci\u00f3n de los 80 a\u00f1os del Palacio de Bellas Artes<\/strong> y un <strong>Homenaje Nacional Centenario Octavio Paz, Efra\u00edn Huerta y Jos\u00e9 Revueltas<\/strong> \u00a1No faltes!<\/p>\n<h3>Actividades<\/h3>\n<p>&#8211; Venta de libros;<br \/>\n&#8211; Libros Educal;<br \/>\n&#8211; Trueque de libros;<br \/>\n&#8211; Centro de Lectura con m\u00e1s de 600 libros en papel y soporte digital;<br \/>\n&#8211; Sesiones y talleres de fomento a la lectura para todo p\u00fablico;<br \/>\n&#8211; Cabina de lectura; Paralibros;<br \/>\n&#8211; \u00c1rboles literarios;<br \/>\n&#8211; Librobici;<br \/>\n&#8211; Transmisi\u00f3n de Radio Educaci\u00f3n.<\/p>\n<h3>Programa de actividades<\/h3>\n<p><span style=\"text-decoration: underline;\"><strong>Domingo 20 de abril del 2014<\/strong> <\/span><\/p>\n<p>10h: <strong>Acto Inaugural<\/strong><br \/>\n10h30: <strong>Charla sobre Federico Campbell<\/strong>. Imparte: Ana Garc\u00eda Bergua.<br \/>\n11h30: <strong>Efra\u00edn Huerta, Jos\u00e9 Revueltas y Octavio Paz en voz alta<\/strong>.<br \/>\nAutores del Programa Cultural Tierra Adentro, mediadores del PNSL y p\u00fablico en general.<\/p>\n<p>13h: <strong>Octavio Paz: miradas cr\u00edticas<\/strong><br \/>\nEvodio Escalante, Josu\u00e9 Ram\u00edrez y V\u00edctor Manuel Mendiola. Modera: Jos\u00e9 Mar\u00eda Espinasa SCCM.<\/p>\n<p>14h: <strong>Conmemoraci\u00f3n de los 80 a\u00f1os del Palacio de Bellas Artes. Daniel Ju\u00e1rez<\/strong>.<\/p>\n<p>15h: <strong>Conmemoraci\u00f3n de los 80 a\u00f1os del Palacio de Bellas Artes y Homenaje Nacional Centenario Octavio Paz, Efra\u00edn Huerta y Jos\u00e9 Revueltas<\/strong>.<br \/>\nAgust\u00edn S\u00e1nchez y H\u00e9ctor Orestes.<\/p>\n<p>16h: <strong>Presentaci\u00f3n editorial<\/strong>.<br \/>\nJulio Trujillo, Ricardo Cayuela y Armando Gonz\u00e1lez Torres.<\/p>\n<p>17h: <strong>Booktubers: &#8220;Leer y comentar a Octavio Paz, Efra\u00edn Huerta y Jos\u00e9 Revueltas en Youtube&#8221;<\/strong>.<br \/>\nRafael Cessa.<\/p>\n<p>17h30: <strong>Lectura de Efra\u00edn Huerta, Jos\u00e9 Revueltas y Jos\u00e9 Emilio Pacheco, Julio Cort\u00e1zar, Juan Gelman y Federico Campbell<\/strong>. Mediadores de PNSL.<\/p>\n<p>18h: <strong>Letras para ni\u00f1os de todas las edades<\/strong>: &#8220;El espejo de los ecos&#8221; de Jos\u00e9 Emilio Pacheco, &#8220;El cien pi\u00e9s y la ara\u00f1a&#8221; de Juan Gelman, y &#8220;La rama&#8221; de Octavio Paz.<br \/>\nMediadores del PNSL.<\/p>\n<h3>Direcci\u00f3n del Palacio de Bellas Artes de M\u00e9xico<\/h3>\n<p>Eje Central L\u00e1zaro C\u00e1rdenas esquina con Avenida Ju\u00e1rez, Centro Hist\u00f3rico, Ciudad de M\u00e9xico.<\/p>\n","protected":false},"excerpt":{"rendered":"<p>Este domingo 20 de abril del 2014, el Palacio de Bellas Artes de la ciudad de M\u00e9xico te invita a<\/p>\n","protected":false},"author":2,"featured_media":15971,"comment_status":"closed","ping_status":"closed","sticky":false,"template":"","format":"standard","meta":[],"categories":[9,912],"tags":[1379,7508,318,404,7504,413,7216,7507,7503,7217,6641,1722,2561,931,7506,7505,5284],"_links":{"self":[{"href":"https:\/\/www.travelbymexico.com\/blog\/wp-json\/wp\/v2\/posts\/15969"}],"collection":[{"href":"https:\/\/www.travelbymexico.com\/blog\/wp-json\/wp\/v2\/posts"}],"about":[{"href":"https:\/\/www.travelbymexico.com\/blog\/wp-json\/wp\/v2\/types\/post"}],"author":[{"embeddable":true,"href":"https:\/\/www.travelbymexico.com\/blog\/wp-json\/wp\/v2\/users\/2"}],"replies":[{"embeddable":true,"href":"https:\/\/www.travelbymexico.com\/blog\/wp-json\/wp\/v2\/comments?post=15969"}],"version-history":[{"count":1,"href":"https:\/\/www.travelbymexico.com\/blog\/wp-json\/wp\/v2\/posts\/15969\/revisions"}],"predecessor-version":[{"id":15972,"href":"https:\/\/www.travelbymexico.com\/blog\/wp-json\/wp\/v2\/posts\/15969\/revisions\/15972"}],"wp:featuredmedia":[{"embeddable":true,"href":"https:\/\/www.travelbymexico.com\/blog\/wp-json\/wp\/v2\/media\/15971"}],"wp:attachment":[{"href":"https:\/\/www.travelbymexico.com\/blog\/wp-json\/wp\/v2\/media?parent=15969"}],"wp:term":[{"taxonomy":"category","embeddable":true,"href":"https:\/\/www.travelbymexico.com\/blog\/wp-json\/wp\/v2\/categories?post=15969"},{"taxonomy":"post_tag","embeddable":true,"href":"https:\/\/www.travelbymexico.com\/blog\/wp-json\/wp\/v2\/tags?post=15969"}],"curies":[{"name":"wp","href":"https:\/\/api.w.org\/{rel}","templated":true}]}}