{"id":15933,"date":"2014-04-09T13:08:43","date_gmt":"2014-04-09T18:08:43","guid":{"rendered":"http:\/\/www.travelbymexico.com\/blog\/?p=15933"},"modified":"2014-04-09T15:30:53","modified_gmt":"2014-04-09T20:30:53","slug":"exhibira-bellas-artes-fotografias-de-picasso-y-doisneau","status":"publish","type":"post","link":"https:\/\/www.travelbymexico.com\/blog\/15933-exhibira-bellas-artes-fotografias-de-picasso-y-doisneau\/","title":{"rendered":"Exhibir\u00e1 Bellas Artes fotograf\u00edas de Picasso y Doisneau"},"content":{"rendered":"<h2>El pr\u00f3ximo jueves 10 de abril, en el Museo del Palacio de Bellas Artes se inaugurar\u00e1n dos grandes exposiciones temporales provenientes de Francia: &#8220;Doisneau: la belleza de lo cotidiano&#8221; y &#8220;Picasso: revelado por David Douglas Duncan&#8221; con motivo de la visita oficial del presidente franc\u00e9s Fran\u00e7ois Hollande a M\u00e9xico.<\/h2>\n<h3>&#8220;Picasso: revelado por David Douglas Duncan&#8221;<\/h3>\n<p><span style=\"text-decoration: underline;\"><strong>del 11 de abril al 20 de julio de 2014<\/strong><\/span><\/p>\n<p>La exposici\u00f3n de <strong>Pablo Picasso<\/strong> no ser\u00e1 una retrospectiva sino que estar\u00e1 centrada en la \u00e9poca en que viv\u00eda cerca de Niza, Francia, y conoci\u00f3 al fotoperiodista norteamericano <strong>David Douglas Duncan<\/strong> quien tom\u00f3 m\u00e1s de 25.000 fotos del artista malague\u00f1o.<\/p>\n<p>Est\u00e1 muestra inclu\u00edr\u00e1 tambi\u00e9n obras procedentes de la <em>Fundaci\u00f3n Picasso<\/em> en Par\u00eds y de los museos: Picasso de Barcelona, M\u00e1laga y Par\u00eds, as\u00ed como del <em>Centro George Pompidou<\/em> de Paris, del <em>Museo Moderna de Estocolmo<\/em> y del Museo de Nueva Orle\u00e1ns.<\/p>\n<h3>&#8220;Doisneau: la belleza de lo cotidiano&#8221;<\/h3>\n<p><span style=\"text-decoration: underline;\"><strong>del 11 de abril al 29 de junio de 2014<\/strong><\/span><\/p>\n<p>\u00a1Por primera vez en M\u00e9xico! La exposici\u00f3n temporal &#8220;Doisneau, la belleza de lo cotidiano&#8221; es una muestra in\u00e9dita en la que se exhibir\u00e1n 70 fotograf\u00edas vintage del artista franc\u00e9s c\u00e9lebre por haber capturado el esp\u00edritu del Par\u00eds de la posguerra; siendo su fotograf\u00eda m\u00e1s cel\u00e9bre <em>El Beso<\/em>.<\/p>\n<p>Esta exposici\u00f3n forma parte del ciclo de exposiciones <a title=\"M\u00e9xico y Francia buscan reactivar sus relaciones por medio de la cultura\" href=\"http:\/\/www.travelbymexico.com\/blog\/15940-mexico-y-francia-buscan-reactivar-sus-relaciones-por-medio-de-la-cultura\" target=\"_blank\">&#8220;<em><strong>Mano a mano: miradas fotogr\u00e1ficas cruzadas Francia-M\u00e9xico<\/strong><\/em>&#8220;<\/a>: Organizada por la <a title=\"Embajadas en M\u00e9xico (direcci\u00f3n, tel\u00e9fonos, fax, mail y web)\" href=\"http:\/\/www.travelbymexico.com\/blog\/embajadas-en-mexico\" target=\"_blank\">Embajada de Francia en M\u00e9xico<\/a>, el\u00a0 Consejo Nacional para la Cultura y las Artes (Conaculta) y el <em>Palacio de Bellas Artes<\/em>, el ciclo de exposiciones &#8220;Mano a mano: miradas fotogr\u00e1ficas cruzadas Francia-M\u00e9xico&#8221; conmemora 70 a\u00f1os del <em>Instituto Franc\u00e9s de Am\u00e9rica Latina<\/em> (Ifal); 50 de la visita del presidente <strong>Charles de Gaulle<\/strong> y 50 a\u00f1os de las dos visitas del fot\u00f3grafo <strong>Henri Cartier Bresson<\/strong> al pa\u00eds.<\/p>\n<h3>Costo y horario<\/h3>\n<p><strong>Museo del Palacio de Bellas Artes<\/strong>: Avenida Ju\u00e1rez y Eje Central, Centro Hist\u00f3rico. M\u00e9xico D.F.<\/p>\n<p>Martes a domingo de 10:00 a 17:30 horas<br \/>\nDomingos entrada libre.<\/p>\n<p>Tarifa Exposici\u00f3n Temporal: $43.00 pesos.<\/p>\n<p><strong>Descuentos<\/strong>: Estudiantes, maestros, INAPAM, empleados de CONACULTA e INBA (Todos con credencial vigente) Entrada libre.<\/p>\n<h3>Enlaces de inter\u00e9s<\/h3>\n<p><strong><a title=\"Consulta nuestra selecci\u00f3n de Eventos Culturales en Todo M\u00e9xico\" href=\"http:\/\/www.travelbymexico.com\/blog\/cultura\" target=\"_blank\">Consulta nuestra selecci\u00f3n de Eventos Culturales en Todo M\u00e9xico<\/a><\/strong><\/p>\n<p><strong><a title=\"Reserva tu hotel en la ciudad de M\u00e9xico\" href=\"http:\/\/www.travelbymexico.com\/ciudaddemexico\/hoteles\" target=\"_blank\">Reserva tu hotel en la ciudad de M\u00e9xico <\/a><\/strong><\/p>\n<p><strong><a title=\"Conoce los Atractivos Tur\u00edsticos de la ciudad de M\u00e9xico\" href=\"http:\/\/www.travelbymexico.com\/ciudaddemexico\/atractivos\" target=\"_blank\">Conoce los Atractivos Tur\u00edsticos de la ciudad <\/a><\/strong><\/p>\n<p><strong><a title=\"M\u00e9xico y Francia buscan reactivar sus relaciones por medio de la cultura \" href=\"http:\/\/www.travelbymexico.com\/blog\/15940-mexico-y-francia-buscan-reactivar-sus-relaciones-por-medio-de-la-cultura\" target=\"_blank\">\u00a0M\u00e9xico y Francia buscan reactivar sus relaciones por medio de la cultura <\/a><\/strong><\/p>\n","protected":false},"excerpt":{"rendered":"<p>El pr\u00f3ximo jueves 10 de abril, en el Museo del Palacio de Bellas Artes se inaugurar\u00e1n dos grandes exposiciones temporales<\/p>\n","protected":false},"author":2,"featured_media":15934,"comment_status":"closed","ping_status":"closed","sticky":false,"template":"","format":"standard","meta":[],"categories":[9,912],"tags":[7450,7455,318,357,7447,7446,7452,508,5938,509,7449,7456,7454,6787,7451,7448,7445,945,2387,7457,7444,7453],"_links":{"self":[{"href":"https:\/\/www.travelbymexico.com\/blog\/wp-json\/wp\/v2\/posts\/15933"}],"collection":[{"href":"https:\/\/www.travelbymexico.com\/blog\/wp-json\/wp\/v2\/posts"}],"about":[{"href":"https:\/\/www.travelbymexico.com\/blog\/wp-json\/wp\/v2\/types\/post"}],"author":[{"embeddable":true,"href":"https:\/\/www.travelbymexico.com\/blog\/wp-json\/wp\/v2\/users\/2"}],"replies":[{"embeddable":true,"href":"https:\/\/www.travelbymexico.com\/blog\/wp-json\/wp\/v2\/comments?post=15933"}],"version-history":[{"count":5,"href":"https:\/\/www.travelbymexico.com\/blog\/wp-json\/wp\/v2\/posts\/15933\/revisions"}],"predecessor-version":[{"id":15944,"href":"https:\/\/www.travelbymexico.com\/blog\/wp-json\/wp\/v2\/posts\/15933\/revisions\/15944"}],"wp:featuredmedia":[{"embeddable":true,"href":"https:\/\/www.travelbymexico.com\/blog\/wp-json\/wp\/v2\/media\/15934"}],"wp:attachment":[{"href":"https:\/\/www.travelbymexico.com\/blog\/wp-json\/wp\/v2\/media?parent=15933"}],"wp:term":[{"taxonomy":"category","embeddable":true,"href":"https:\/\/www.travelbymexico.com\/blog\/wp-json\/wp\/v2\/categories?post=15933"},{"taxonomy":"post_tag","embeddable":true,"href":"https:\/\/www.travelbymexico.com\/blog\/wp-json\/wp\/v2\/tags?post=15933"}],"curies":[{"name":"wp","href":"https:\/\/api.w.org\/{rel}","templated":true}]}}